{"id":1195,"date":"2006-09-16T23:19:00","date_gmt":"2006-09-16T21:19:00","guid":{"rendered":"https:\/\/senzatempo.org\/?p=1195"},"modified":"2025-12-30T23:25:13","modified_gmt":"2025-12-30T22:25:13","slug":"prodi-in-cina-una-tassa-in-piu","status":"publish","type":"post","link":"https:\/\/senzatempo.org\/index.php\/2006\/09\/16\/1195\/prodi-in-cina-una-tassa-in-piu\/","title":{"rendered":"Prodi in Cina. Una tassa in pi\u00f9."},"content":{"rendered":"<div class=\"wp-block-post-time-to-read\">1\u20132 minuti<\/div>\n\n\n<p>Sono contento che il gruppo FIAT ed altre grandi realt\u00e0 italiane conquistino il mercato cinese.<\/p>\n\n\n\n<p>La presenza di Prodi come Primo Ministro italiano la ritengo superflua, un gettone consumato solo per abbinare il suo nome alla futura penetrazione sul mercato cinese delle auto italiane. Entro il 2010 saranno prodotte 300.000 auto su territorio cinese, queste sono le cifre del successo, ma altre cifre che produrranno la chiusura di molte piccole realt\u00e0 italiane, \u00e8 politicamente sconveniente farle conoscere. La presenza di Prodi in Cina \u00e8 sicuramente un&#8217;occasione per chiederci in cambio la possibilit\u00e0 di penetrare il mercato italiano e da qui giungere l&#8217;intera Europa, lasciando a chi legge immaginarsi con quali conseguenze.<\/p>\n\n\n\n<p>Vorrei ricordare che in passato la FIAT ha costruito fabbriche e raggiunto partenariati importanti dapprima in Russia e nei paesi del blocco dell&#8217;Est poi in Brasile, Turchia, Cina, Argentina ed India costituendo un ponte diplomatico, per i governi italiani, soprattutto con la Russia e i paesi dell\u2019est.<\/p>\n\n\n\n<p><strong>I vari paesi nei quali la FIAT ha costruito fabbriche, non chiedevano come contropartita l\u2019invasione dei mercati italiani con loro prodotti, la FIAT \u00e8 un\u2019azienda privata, non statale. Se invece un accordo con la Cina \u00e8 ufficializzato con la presenza del primo ministro italiano, pensate sia possibile uscirne senza che la Cina ci chieda d\u2019aprire i suoi mercati ai prodotti cinesi?<\/strong><\/p>\n\n\n\n<p>Pensate che quei prodotti siano concorrenziali con i grandi gruppi industriali che costruiranno fabbriche in Cina? Direi proprio di no. Questi prodotti cinesi metteranno a rischio numerose piccole realt\u00e0 italiane, datori di lavoro e dipendenti senza distinzione (come sta gi\u00e0 capitando per il settore tessile e calzaturiero).\u00a0<\/p>\n\n\n\n<p><strong>La visita di Prodi in Cina \u00e8 solo un\u2019ulteriore tassa regalata all\u2019Italia.<\/strong><\/p>\n\n\n\n<div class=\"wp-block-comments\">\n\n\n\n\n\n\t<div id=\"respond\" class=\"comment-respond wp-block-post-comments-form\">\n\t\t<h3 id=\"reply-title\" class=\"comment-reply-title\"><span id=\"lascia-un-commento-annulla-risposta\">Lascia un commento <small><a rel=\"nofollow\" id=\"cancel-comment-reply-link\" href=\"\/index.php\/wp-json\/wp\/v2\/posts\/1195#respond\" style=\"display:none;\">Annulla risposta<\/a><\/small><\/span><\/h3><p class=\"must-log-in\">Devi essere <a href=\"https:\/\/senzatempo.org\/wp-login.php?redirect_to=https%3A%2F%2Fsenzatempo.org%2Findex.php%2F2006%2F09%2F16%2F1195%2Fprodi-in-cina-una-tassa-in-piu%2F\">connesso<\/a> per inviare un commento.<\/p>\t<\/div><!-- #respond -->\n\t<\/div>\n","protected":false},"excerpt":{"rendered":"In Cina per accordi commerciali: Meglio che ci vada Prodi o il presidente della FIAT?\n","protected":false},"author":1,"featured_media":0,"comment_status":"open","ping_status":"open","sticky":false,"template":"","format":"standard","meta":{"_monsterinsights_skip_tracking":false,"_monsterinsights_sitenote_active":false,"_monsterinsights_sitenote_note":"","_monsterinsights_sitenote_category":0,"footnotes":""},"categories":[645],"tags":[166,382,1092,167,1093,629],"class_list":{"0":"post-1195","1":"post","2":"type-post","3":"status-publish","4":"format-standard","6":"category-politica","7":"tag-auto","8":"tag-cina","9":"tag-commerciale","10":"tag-fiat","11":"tag-partenariato","12":"tag-prodi"},"_links":{"self":[{"href":"https:\/\/senzatempo.org\/index.php\/wp-json\/wp\/v2\/posts\/1195","targetHints":{"allow":["GET"]}}],"collection":[{"href":"https:\/\/senzatempo.org\/index.php\/wp-json\/wp\/v2\/posts"}],"about":[{"href":"https:\/\/senzatempo.org\/index.php\/wp-json\/wp\/v2\/types\/post"}],"author":[{"embeddable":true,"href":"https:\/\/senzatempo.org\/index.php\/wp-json\/wp\/v2\/users\/1"}],"replies":[{"embeddable":true,"href":"https:\/\/senzatempo.org\/index.php\/wp-json\/wp\/v2\/comments?post=1195"}],"version-history":[{"count":1,"href":"https:\/\/senzatempo.org\/index.php\/wp-json\/wp\/v2\/posts\/1195\/revisions"}],"predecessor-version":[{"id":1196,"href":"https:\/\/senzatempo.org\/index.php\/wp-json\/wp\/v2\/posts\/1195\/revisions\/1196"}],"wp:attachment":[{"href":"https:\/\/senzatempo.org\/index.php\/wp-json\/wp\/v2\/media?parent=1195"}],"wp:term":[{"taxonomy":"category","embeddable":true,"href":"https:\/\/senzatempo.org\/index.php\/wp-json\/wp\/v2\/categories?post=1195"},{"taxonomy":"post_tag","embeddable":true,"href":"https:\/\/senzatempo.org\/index.php\/wp-json\/wp\/v2\/tags?post=1195"}],"curies":[{"name":"wp","href":"https:\/\/api.w.org\/{rel}","templated":true}]}}