{"id":13,"date":"2017-06-10T12:15:00","date_gmt":"2017-06-10T10:15:00","guid":{"rendered":"https:\/\/senzatempo.org\/?p=13"},"modified":"2026-02-08T12:11:51","modified_gmt":"2026-02-08T11:11:51","slug":"opinione-sintetica-sulla-bagarre-nata-intorno-ai-vaccini-nel-2016-2017","status":"publish","type":"post","link":"https:\/\/senzatempo.org\/index.php\/2017\/06\/10\/13\/opinione-sintetica-sulla-bagarre-nata-intorno-ai-vaccini-nel-2016-2017\/","title":{"rendered":"Opinione sintetica sulla bagarre nata intorno ai vaccini nel 2016\/2017."},"content":{"rendered":"\n<div class=\"wp-block-group is-nowrap is-layout-flex wp-container-core-group-is-layout-64989fb1 wp-block-group-is-layout-flex\"><div class=\"has-text-align-left wp-block-post-time-to-read\">12\u201317 minuti<\/div><\/div>\n\n\n\n<p>La mia posizione sui vaccini \u00e8 antecedente all\u2019attuale legge del Ministro della salute Beatrice Lorenzin che ha reso obbligatorio, inizialmente ben 12 vaccini, poi ridotti a 10, ai neonati ebambini prima di accedere ad asili nido o scuole, con pesanti sanzioni per i genitori che non seguono la profilassi. Premetto che credo nell\u2019utilit\u00e0 dei vaccini, ma la protezione da virus e batteri \u00e8 limitata perch\u00e9 non copre tutte le varianti esistenti, inoltre dobbiamo sempre ricordarci che nel tempo perdono efficacia in modo diverso da individuo a individuo. Ora vi sottopongo le mie osservazioni sui 10 vaccini obbligatori articolate in 10 punti.<\/p>\n\n\n\n<p><strong>Cosa non va e come dovrebbero essere regolate le vaccinazioni, limitatamente a quelle ritenute utili.<\/strong><\/p>\n\n\n\n<ol class=\"wp-block-list\">\n<li>Trovo sconcertante l\u2019inoculazione di vaccini a pochi mesi di et\u00e0, quando il SI (Sistema Immunitario) \u00e8 in formazione grazie al latte materno dal quale acquisisce anticorpi, ragione per cui \u00e8 consigliabile l\u2019<a href=\"https:\/\/web.archive.org\/web\/20170629103355\/http:\/\/www.allattiamo.it\/jnimmune.htm\" target=\"_blank\" rel=\"noreferrer noopener\">allattamento fino a due anni di et\u00e0<\/a>&nbsp;(fonte: Scientific American). In Giappone hanno ridotto i rischi da vaccino iniziando le vaccinazioni dopo i due anni.<br><\/li>\n\n\n\n<li>A seguito del punto precedente ogni vaccinazione dovrebbe essere effettuata dopo aver esaminato quali anticorpi possiede il bambino e se \u00e8 allergico al principio attivo o uno degli ingredienti contenuti, per non effettuare trattamenti inutili che comportano sempre un minimo di rischio e un costo per il SSN.<br><\/li>\n\n\n\n<li>Prima di vaccinare un neonato contro la meningite si dovrebbe verificare se i componenti della famiglia possiedono gi\u00e0 quegli anticorpi, altrimenti il bambino diventa una &#8220;mini-bomba ad orologeria&#8221; perch\u00e9 portatore sano e le cronache hanno gi\u00e0 riportato il caso di un padre che maneggiando i pannolini sporchi del neonato si \u00e8 beccato la meningite. Secondo me, questa regola \u00e8 prudente da applicare a tutti i vaccini: verificare lo stato dei familiari.<br><\/li>\n\n\n\n<li>In Italia ci sono ancora vaccini con&nbsp;<strong>Thimerosal<\/strong>,&nbsp;mentre negli USA \u00e8 proibito e sappiamo che si tratta di un composto a base di mercurio, per il quale la medicina ufficiale ha stabilito che la dose minima di sicurezza consentita \u00e8 pari a ZERO.<br><\/li>\n\n\n\n<li>In Italia esiste ancora l\u2019esavalente (sei vaccini in un&#8217;unica inoculazione) mentre all\u2019estero non viene pi\u00f9 utilizzato.<br><\/li>\n\n\n\n<li>Che senso ha vaccinare contro la polio debellata da decenni e contro il tetano che non \u00e8 contagioso.<br><\/li>\n\n\n\n<li>Un <strong>laboratorio<\/strong> italiano, uno dei 100 certificati in UE, del Dott. Montanari, qualche anno fa analizz\u00f2 27 vaccini, di cui 26 risultarono sporchi, il 27mo destinato all&#8217;uso veterinario era pulito. Non credo di dovervi spiegare cosa si intende per &#8220;sporchi&#8221;, ma suona strano che quello per uso veterinario sia pulito, quasi a suggerire che, per uso umano, per farli uscire \u201csporchi\u201d richieda un&#8217;azione deliberata. Un altro laboratorio tedesco&nbsp;<a href=\"http:\/\/www.agbug.de\/download\/impfstoff02.pdf\">http:\/\/www.agbug.de\/download\/impfstoff02.pdf<\/a>&nbsp;ha recentemente analizzato 16 vaccini trovandoli tutti sporchi, meno mercurio del previsto ma molto alluminio. Stanno ripetendo le analisi con lotti diversi degli stessi vaccini, ma cosa potr\u00e0 cambiare?<br><\/li>\n\n\n\n<li>Leggendo il <strong>bugiardino<\/strong> di alcuni vaccini, si scopre che gli effetti collaterali eccezionalmente possono essere infausti, indurre autismo e che gli studi prima di essere immessi in commercio, sono fatti all\u2019acqua di rose.<br>Per il vaccino <strong>TRIPEDIA<\/strong>, il bugiardino parla chiaro, come effetto collaterale c\u2019\u00e8 l\u2019Autismo, quindi, perch\u00e9 autorevoli medici e laboratori dichiarano il contrario?<br><a href=\"https:\/\/pub.mednat.news\/vaccini\/autismo_vaccini_bugiardino_tripedia.pdf\">https:\/\/pub.mednat.news\/vaccini\/autismo_vaccini_bugiardino_tripedia.pdf<\/a><br>Non dimentichiamo la morte improvvisa in culla, dall\u2019acronimo <strong>SIDS<\/strong>: &#8220;La sindrome della morte infantile improvvisa&#8221;.<br>Il link di supporto usato nel 2017: https:\/\/www.informasalus.it\/it\/articoli\/morte-infantile-improvvisa.php \u00e8 stato cancellato, ma ora vediamo due versioni, una ufficiale di una casa farmaceutica dove fin dall&#8217;inizio afferma che le cause sono sconosciute:&nbsp;<a href=\"https:\/\/www.msdmanuals.com\/it-it\/casa\/problemi-di-salute-dei-bambini\/vari-disturbi-nei-lattanti-e-nei-bambini-piccoli\/sindrome-della-morte-improvvisa-del-lattante-sids\">https:\/\/www.msdmanuals.com\/it-it\/casa\/problemi-di-salute-dei-bambini\/vari-disturbi-nei-lattanti-e-nei-bambini-piccoli\/sindrome-della-morte-improvvisa-del-lattante-sids<\/a>&nbsp;e un&#8217;altra versione di un medico italiano, a cui \u00e8 bastato scavare un po&#8217; per far emergere dati che non si possono ignorare:&nbsp;<a href=\"https:\/\/web.archive.org\/web\/20200716120653\/https:\/\/www.robertogava.it\/morte-infantile-improvvisa\" target=\"_blank\" rel=\"noreferrer noopener\">https:\/\/www.robertogava.it\/morte-infantile-improvvisa<\/a><br>Vaccino <strong>MENJUGATE<\/strong> da fonte A.I.F.A.&nbsp;<em>05.1 Propriet\u00e0 farmacodinamiche &#8220;Non sono stati eseguiti studi clinici prospettici di efficacia.&#8221;<\/em><br>Vaccino <strong>BEXSERO<\/strong> da fonte A.I.F.A.<br><em>05.1 Propriet\u00e0 farmacodinamiche<\/em><br><em>&#8220;L&#8217;efficacia di Bexsero non \u00e8 stata valutata mediante sperimentazioni cliniche. L&#8217;efficacia del vaccino \u00e8 stata dedotta dimostrando l&#8217;induzione di risposte anticorpali battericide sieriche verso ciascuno degli antigeni del vaccino (vedere paragrafo Immunogenicit\u00e0).&#8221;<\/em><br><\/li>\n\n\n\n<li>Le case farmaceutiche che producono vaccini sono esenti per Legge da ogni rischio civile e penale per i danni causati dai vaccini. \u201cOggi non esistono enti che promuovano una ricerca indipendente sui vaccini: i libri pubblicati, i convegni scientifici, le informazioni utilizzate dalle ASL provengono tutti da quelle stesse case farmaceutiche che producono i vaccini.\u201d Fonte:&nbsp;<a href=\"http:\/\/www.medicinapiccoledosi.it\/vaccinazioni-storia-diritto-salute\/\">Vaccinazioni, ricerca scientifica e diritto alla salute<\/a>.<br><\/li>\n\n\n\n<li>L\u2019incremento della discussione sui vaccini, prima dell\u2019obbligo odierno, non era proporzionale alla diffusione delle malattie contro le quali dovrebbero proteggerci. Le statistiche provano che non vi sono variazioni significative, che tutto \u00e8 uguale agli anni precedenti, durante i quali non vi era nessuna levata di scudi. La discussione \u00e8 artificiosa, propedeutica per giustificare contromisure, e cosa ha di sensato rendere obbligatorio 12 vaccini ipse dixit per non parlare delle sanzioni ai genitori che non si adeguano?<\/li>\n<\/ol>\n\n\n\n<p><strong>Ora verifichiamo con il .pdf del TRIPEDIA quello che abbiamo scritto.<\/strong><\/p>\n\n\n\n<figure class=\"wp-block-image size-large\"><img loading=\"lazy\" decoding=\"async\" width=\"1024\" height=\"404\" src=\"https:\/\/senzatempo.org\/wp-content\/uploads\/2025\/12\/TRIPEDIA-header-bugiardino-2-1024x404.jpg\" alt=\"\" class=\"wp-image-19\" srcset=\"https:\/\/senzatempo.org\/wp-content\/uploads\/2025\/12\/TRIPEDIA-header-bugiardino-2-1024x404.jpg 1024w, https:\/\/senzatempo.org\/wp-content\/uploads\/2025\/12\/TRIPEDIA-header-bugiardino-2-300x118.jpg 300w, https:\/\/senzatempo.org\/wp-content\/uploads\/2025\/12\/TRIPEDIA-header-bugiardino-2-768x303.jpg 768w, https:\/\/senzatempo.org\/wp-content\/uploads\/2025\/12\/TRIPEDIA-header-bugiardino-2-1536x606.jpg 1536w, https:\/\/senzatempo.org\/wp-content\/uploads\/2025\/12\/TRIPEDIA-header-bugiardino-2.jpg 2024w\" sizes=\"auto, (max-width: 1024px) 100vw, 1024px\" \/><figcaption class=\"wp-element-caption\"><em><strong>TRIPEDIA<\/strong> (l&#8217;intestazione del pdf)<\/em><\/figcaption><\/figure>\n\n\n\n<figure class=\"wp-block-image size-large\"><img loading=\"lazy\" decoding=\"async\" width=\"1024\" height=\"133\" src=\"https:\/\/senzatempo.org\/wp-content\/uploads\/2025\/12\/Autism-1-1024x133.jpg\" alt=\"\" class=\"wp-image-20\" srcset=\"https:\/\/senzatempo.org\/wp-content\/uploads\/2025\/12\/Autism-1-1024x133.jpg 1024w, https:\/\/senzatempo.org\/wp-content\/uploads\/2025\/12\/Autism-1-300x39.jpg 300w, https:\/\/senzatempo.org\/wp-content\/uploads\/2025\/12\/Autism-1-768x99.jpg 768w, https:\/\/senzatempo.org\/wp-content\/uploads\/2025\/12\/Autism-1-1536x199.jpg 1536w, https:\/\/senzatempo.org\/wp-content\/uploads\/2025\/12\/Autism-1.jpg 1992w\" sizes=\"auto, (max-width: 1024px) 100vw, 1024px\" \/><figcaption class=\"wp-element-caption\"><em>Lo hanno scritto chiaramente&#8230; non \u00e8 una fissazione degli anti vaccinisti.<\/em><\/figcaption><\/figure>\n\n\n\n<figure class=\"wp-block-image size-large\"><img loading=\"lazy\" decoding=\"async\" width=\"1024\" height=\"341\" src=\"https:\/\/senzatempo.org\/wp-content\/uploads\/2025\/12\/SANOFI-chi-e-quando-1-1024x341.jpg\" alt=\"\" class=\"wp-image-21\" srcset=\"https:\/\/senzatempo.org\/wp-content\/uploads\/2025\/12\/SANOFI-chi-e-quando-1-1024x341.jpg 1024w, https:\/\/senzatempo.org\/wp-content\/uploads\/2025\/12\/SANOFI-chi-e-quando-1-300x100.jpg 300w, https:\/\/senzatempo.org\/wp-content\/uploads\/2025\/12\/SANOFI-chi-e-quando-1-768x255.jpg 768w, https:\/\/senzatempo.org\/wp-content\/uploads\/2025\/12\/SANOFI-chi-e-quando-1-1536x511.jpg 1536w, https:\/\/senzatempo.org\/wp-content\/uploads\/2025\/12\/SANOFI-chi-e-quando-1.jpg 2032w\" sizes=\"auto, (max-width: 1024px) 100vw, 1024px\" \/><figcaption class=\"wp-element-caption\"><em>SANOFI (chi e quando hanno prodotto il documento)<\/em><\/figcaption><\/figure>\n\n\n\n<hr class=\"wp-block-separator has-alpha-channel-opacity\"\/>\n\n\n\n<p><strong>Conclusioni<\/strong><br>Per rimanere in salute occorre potenziare il nostro SI in modo naturale, questo \u00e8 quello che dovremmo imparare, facendo sport, mangiando cibi sani, formulando pensieri positivi (anche la salute mentale \u00e8 importante) e vivendo in ambienti accoglienti. Ognuno di questi aspetti richiederebbe un impegno personale, acquisire consapevolezza, agire responsabilmente, aiuterebbe anche chi vive intorno a noi e si ridurrebbe la spesa del SSN. Invece sembra che al successo finanziario delle case farmaceutiche corrisponda un incremento di nuove malattie che si manifestano ad \u2019et\u00e0 sempre inferiori.<br><strong>Nel Trentino Alto Adige ci sono 130 famiglie che se minacciate da sanzioni hanno gi\u00e0 dichiarato che emigrano in Austria. Se ne vanno i giovani laureati a trovare lavoro all\u2019estero, le aziende delocalizzano, i pensionati vanno a spendere la pensione in Tunisia, Canarie e Portogallo e ora cominciamo a far fuggire le famiglie.<\/strong><br>Il problema non sono i vaccini ma come vengono gestiti, le case farmaceutiche hanno troppi poteri, guadagnano troppo, ad esempio in quelli influenzali il maggior costo \u00e8 il packaging e il trasporto, invece li fanno pagare 10 volte tanto.<br>Le case farmaceutiche non si comportano come il tuo medico, sono multinazionali che anno dopo anno vogliono solo aumentare i loro profitti con ogni mezzo e non importa se immorale, quando investono milioni di dollari per vaccinare i bambini in Africa \u00e8 solo fumo negli occhi, non serve a nulla se non gli dai da mangiare continueranno a morire. Comunque, provare a fornire gratuitamente di anticoncezionali, no.<br>Ora chiediamoci perch\u00e9 i nostri politici devono dare a Novartis &amp; Company un regalo cos\u00ec grande!<br>In futuro non vi sar\u00e0 malattia per la quale non esister\u00e0 un vaccino, perch\u00e9 per realizzarli costa meno la ricerca e il target \u00e8 il mondo intero (sani compresi), la battaglia non \u00e8 contro i vaccini, ma contro le case farmaceutiche e la corruzione che sono in grado di mettere in atto in mille modi, anche invisibili.<\/p>\n\n\n\n<p><strong>AGGIORNAMENTO del 07\/07\/2017<\/strong><\/p>\n\n\n\n<p><strong>Risposta a critiche ricevute sul &#8220;Punto&nbsp;6)&#8221;<\/strong><br>L&#8217;ultimo caso di&nbsp;<strong>POLIO<\/strong>&nbsp;in Italia si \u00e8 verificato nel 1982 ma ci hanno dichiarato polio-free solo nel 2002. \u2028I paesi dove vi sono ancora casi di polio sono l&#8217;Afghanistan, Pakistan e Nigeria, di recente (non ricordo l&#8217;anno) si sono verificati 2 casi in Ucraina.\u2028 Nei paesi occidentali l&#8217;igiene, le infrastrutture e una cura del corpo migliorata costituiscono una barriera naturale, ma potrebbero esserci delle condizioni dove una profilassi vaccinale diventa l&#8217;unica difesa, per esempio:<br><strong>a)<\/strong>&nbsp;se si sa di entrare potenzialmente in contatto con persone provenienti da paesi a rischio<br><strong>b)<\/strong>&nbsp;se si va in altri paesi non polio-free<br><strong>c)<\/strong>&nbsp;in ogni caso prevale il tipo di ambiente che si prevede di frequentare, ricordando che i portatori sani asintomatici e con&nbsp;<a href=\"https:\/\/it.wikipedia.org\/wiki\/Poliomielite\">sistema immunitario normale, rappresentano il 92%<\/a>.<br>Da ci\u00f2 chiunque pu\u00f2 dedurre che \u201cpolio-free\u201d non corrisponde a \u201czero rischi\u201d e coloro che sono esposti rappresentano una percentuale minima della popolazione, ecco perch\u00e9 quando la stragrande maggioranza non \u00e8 a rischio, dico che per loro \u00e8 inutile. Purtroppo una frase stringata non supportata da argomentazioni pu\u00f2 benissimo essere criticata, ma ancora se dico che \u00e8 inutile non significa che chi \u00e8 a rischio non debba farlo.<br>Il&nbsp;<strong>Sabin<\/strong>&nbsp;(OPV) \u00e8 un vaccino orale per la polio e non essendo un\u2019iniezione allontana i rischi dovuti agli eccipienti e anche la paura dell\u2019ago ed \u00e8 la via pi\u00f9 naturale visto che il virus si sviluppa nel tratto gastrointestinale, invece l\u2019Infanrix propone l\u2019antipolio insieme ad altri 5 vaccini tramite iniezione a due o tre dosi a intervalli precisi&nbsp;<strong>a partire da 2 mesi di et\u00e0, quindi, doppia o tripla dose di eccipienti<\/strong>.<\/p>\n\n\n\n<p>Per il&nbsp;<strong>TETANO<\/strong>, che rischi corre un neonato? Nasce all&#8217;ospedale e l&#8217;unico taglio \u00e8 quello del cordone ombelicale effettuato con strumenti sterilizzati e subito soggetto a medicazione, ma a due mesi, anche 10 mesi o 2 anni, durante i quali non \u00e8 successo nulla perch\u00e9 fare un vaccino contro il tetano, \u2026 io quando ho fatto incidenti o infortuni l\u2019antitetanica me l&#8217;hanno fatta entro poche ore!<br>Come viene proposto oggi l\u2019antitetanica e a chi?<br>\u00c8 sempre l\u2019<strong>Infanrix<\/strong>&nbsp;a proporre una soluzione (ne abbiamo appena parlato sopra).<br>Diciamo che mi prendo la libert\u00e0 di considerare accanimento terapeutico quando la profilassi la si vuole applicare a individui in SALUTE e che vivono in un ambiente di primordine per igiene ed alimentazione, infatti, il numero dei vaccinati sarebbe molto diverso se anzich\u00e9 vaccinare solo coloro che potenzialmente sono a rischio, vaccino tutti meno coloro che hanno delle controindicazioni. Perch\u00e9 si dovrebbe limitare la vaccinazione solo a coloro che sono a rischio? Perch\u00e9 se facciamo un&#8217;analisi dei rischi e benefici, infatti, un vaccino \u00e8 pur sempre un medicinale e siccome nell\u2019immediato per polio e tetano non vi sono rischi, gli effetti collaterali e gli eventi avversi invece sono sempre &gt; di 0. Ai vaccinisti&nbsp;<em>tout court<\/em>&nbsp;voglio ricordare che da quando \u00e8 iniziato il boom dei vaccini c\u2019\u00e8 un incremento anomalo dell\u2019autismo e altre malattie, \u00e8 inutile tentare di negarlo.<br>Infine, \u00e8 provato da pi\u00f9 laboratori che i vaccini sono \u201csporchi\u201d, perci\u00f2 lo stato o chi per esso, ce li proponga PULITI come quelli per impiego veterinario, dopodich\u00e9 per me vale quanto sopra, altrimenti che se li faccia la Lorenzin quei 10 vaccini.<br>A parte i vaccini sporchi, tutti hanno gli eccipienti e tra loro alcuni a base di alluminio o mercurio (Thimerosal) quest\u2019ultimo proibito da anni negli USA ma non in Italia, vedi link:&nbsp;<a href=\"https:\/\/it.wikipedia.org\/w\/index.php?title=Lista_degli_ingredienti_dei_vaccini&amp;oldid=67952257\">https:\/\/it.wikipedia.org\/w\/index.php?title=Lista_degli_ingredienti_dei_vaccini&amp;oldid;=67952257<\/a><\/p>\n\n\n\n<p><strong>Risposta a critiche ricevute sul &#8220;Punto\u00a08)&#8221;<\/strong><br>Credo proprio che gli eventi avversi non documentati tra gli effetti collaterali sopravvenuti a seguito della sua commercializzazione, consumo e successivamente introdotti nel bugiardino, per il fatto che non vi \u00e8 la certezza al 100% che possano essere causati dal vaccino, e che quindi non \u00e8 un parametro su cui basarsi perch\u00e9 non \u00e8 scientifico, equivale a mettersi due fette di prosciutto davanti agli occhi. Invece una mole di dati \u201cnon scientifica\u201d di causa ed effetto dovrebbe mettere in allerta chiunque, ma non \u00e8 infrequente che le case farmaceutiche mostrino una gommosit\u00e0 nella valutazione che va ben oltre ogni evidenza e talvolta a fronte di numerosi casi di morte non ritirano il farmaco. Aggiornano il bugiardino dimezzando il dosaggio consigliato e inserendo come evento avverso la morte e deducendo percentuali, no anzi, usano dire \u201c<em>si sono verificati casi di \u2026<\/em>\u201d oppure pi\u00f9 freddamente \u201c<em>Eventi avversi rari riscontrati: \u2026<\/em>\u00a0\u201c in modo che pur dando l\u2019informazione il lettore percepisca una possibilit\u00e0 molto remota rispetto la realt\u00e0. Questo non \u00e8 esattamente un comportamento a tutela del paziente, ci sarebbe anche da riflettere sul termine \u201cpaziente\u201d perch\u00e9 esserlo da sani non \u00e8 il massimo.<br>Esiste un corposo protocollo di supporto ai medici per aiutarli a districarsi tra i tanti vaccini (del 2009 aggiornato al 2017) disponibili in Italia \u201c<strong>Guida alle controindicazioni alle vaccinazioni<\/strong>\u201d disponibile a questo link:\u00a0<a href=\"https:\/\/www.salute.gov.it\/imgs\/C_17_pubblicazioni_1947_allegato.pdf\">http:\/\/www.salute.gov.it\/imgs\/C_17_pubblicazioni_1947_allegato.pdf<\/a><br>Ho visto che c&#8217;\u00e8 un aggiornamento di questa guida nel 2018, probabilmente con inseriti nuovi vaccini e correzioni (forse) per allargare o restringere i destinatari secondo la vulgata corrente, cio\u00e8 i desideri di coloro che oltre Atlantico hanno spinto l&#8217;acceleratore sulla loro agenda:\u00a0<a href=\"https:\/\/www.salute.gov.it\/imgs\/C_17_pubblicazioni_2759_allegato.pdf\">https:\/\/www.salute.gov.it\/imgs\/C_17_pubblicazioni_2759_allegato.pdf<\/a><br>Mi preme sollevare l\u2019attenzione sull\u2019<strong>Infanrix<\/strong>\u00a0perch\u00e9 \u00e8 indicato per neonati di 3 mesi e richiamo a 5 per la versione a 2 dosi da 0,5 ml, salvo fare dei richiami (con vaccini singoli?) qualche anno dopo perch\u00e9 \u00e8 dimostrato che si perde copertura in modo significativo per alcuni anticorpi. Gi\u00e0, probabilmente basta aspettare i 2 anni e con un SI pi\u00f9 completo e forte, l&#8217;efficacia potrebbe aumentare, vedi il link per la SIDS in cui il Giappone ha variato la scaletta delle vaccinazioni. L\u2019industria che si occupa di salute non \u00e8 esente da errori clamorosi e nemmeno i medici che si vedono proporre soluzioni su cui non erano state effettuate opportune ricerche e ciononostante, accettano. Anni fa era stato introdotto il latte artificiale per i neonati, tanto che a ogni mamma in ospedale veniva dato un primo kit consigliando di non fare l\u2019allattamento al seno, salvo poi accorgersi della gaffe pazzesca e ritornare alle origini. Basti ricordare che gi\u00e0 il feto acquisisce dalla madre alcuni anticorpi e successivamente con l\u2019allattamento al seno fino a raggiungere una certa maturazione verso i 5 anni di et\u00e0, credo che l\u2019OMS stessa consigli di fare l\u2019allattamento per almeno un periodo di due anni.<br>C\u2019\u00e8 una\u00a0<a href=\"https:\/\/web.archive.org\/web\/20170629103355\/http:\/\/www.allattiamo.it\/jnimmune.htm\" target=\"_blank\" rel=\"noreferrer noopener\"><strong>pagina web<\/strong><\/a>\u00a0scritta da un medico che spiega con dovizia quali sono tutti i vantaggi del latte materno, leggendola comprendi che la natura \u00e8 molto equilibrata e dove si pu\u00f2, meglio non sostituirsi ad essa. Questo sancisce che il neonato non \u00e8 privo di anticorpi, ma anzi ogni giorno aggiunge al suo sistema immunitario un tassello nuovo e prima di fare vaccini occorrerebbe vedere se sono gi\u00e0 presenti o no, o almeno basterebbe aspettare il tempo giusto e poi quello che manca si pu\u00f2 anche fare, purch\u00e9 il vaccino non sia SPORCO o sovrapporsi alla natura per &#8220;<strong>legge<\/strong>&#8220;.<\/p>\n\n\n\n<p>Da segnalare che in Italia:<\/p>\n\n\n\n<ul class=\"wp-block-list\">\n<li>C\u2019\u00e8 l\u2019<strong>Infanrix<\/strong> ma quante sono i paesi che lo utilizzano ancora?<\/li>\n\n\n\n<li>Ci sono ancora vaccini con <strong>Thimerosal<\/strong> quando gli stessi USA (produttori) non lo usano pi\u00f9 da anni.<\/li>\n\n\n\n<li>In Giappone ed altri paesi hanno smesso di vaccinare sotto i due anni riducendo gli eventi avversi, noi dopo 3 mesi.<\/li>\n\n\n\n<li>All\u2019estero in apparenza sembra che il sistema di raccolta informazioni sugli eventi avversi sia efficace, in Italia si ha l\u2019impressione che svolgere coscientemente l&#8217;attivit\u00e0 di medico sia scambiato per antivaccinista, soprattutto se tenta di dimostrare che dice la verit\u00e0, sappiamo che l\u2019ordine dei medici pu\u00f2 essere dura nei confronti di questi \u201cantivaccinisti\u201d. Tale atteggiamento non fa altro che sollevare la voce di chi aveva un minimo di sospetto ritrovandosi ad essere antivaccinista senza saperselo spiegare. Un classico bipolarismo che impedisce di giungere ad una soluzione equilibrata.<\/li>\n\n\n\n<li>Abbiamo reso obbligatori 10 vaccini con sanzioni per chi non le rispetta! Quanti sono i paesi che obbligano a 10 vaccini in modo coercitivo?<\/li>\n\n\n\n<li>Abbiamo un problema immigrati ma nessuno ha pensato di fare a loro per profilassi una vaccinazione, \u00e8 pi\u00f9 economico se la fanno tutti gli italiani!<\/li>\n\n\n\n<li>Le modalit\u00e0 con cui si vuole rendere obbligatori 10 vaccini, che \u00e8 una scelta di rilievo per una nazione, richiederebbero lunghe consultazioni, un lungo periodo dove il popolo apprenda almeno i rudimenti da persone titolate a farlo non da politici che sembrano sempre che manovrino sottobosco.<\/li>\n\n\n\n<li>Come se non bastasse quando ti rechi a fare i vaccini ti richiedono di firmare una liberatoria, con la quale accetti eventuali conseguenze che vanno dalla parziale copertura a qualunque effetto collaterale o evento avverso debba capitare. Fai esattamente una firma alla cieca, che ne so io? Dovresti essere tu medico a firmarmi un documento che mi tuteli dai suddetti rischi! Ma nessun medico ti farebbe quella firma. Perch\u00e9?<\/li>\n\n\n\n<li>La Lorenzin non \u00e8 un medico, ha frequentato il Liceo Classico, non ha mai dimostrato di avere una passione per argomenti legati alla salute, ha scritto la proposta di legge su suggerimento del consulente di governo che lavora per la uniSR che riceve finanziamenti anche da industrie, \u00e8 una nominata dal suo partito che governa in modo abusivo con la complicit\u00e0 di altri poteri istituzionali filo-PD.<\/li>\n<\/ul>\n\n\n\n<p>Questa fretta di far passare al parlamento la Legge sui vaccini obbligatori, come di norma faceva Renzi che chiedeva un voto di fiducia, \u00e8 la peggior cosa che un paese possa ritrovarsi, perch\u00e9 sono fatte malissimo, e si fanno solo puntare l\u2019indice contro da chi si informa. Anche l\u2019abitudine di aggiungere in una Legge (per fare un esempio) come sarebbe quella dei vaccini, una tassa qualunque per argomenti completamente diversi e ritenuta di basso profilo ma con elevato gettito, \u00e8 una delle cose pi\u00f9 odiose di questi ultimi anni, ma sappiate che se decidete d\u2019essere contro il DL Lorenzin (non dico antivaccinisti), forse si evita pure una nuova tassa.<\/p>\n\n\n\n<div class=\"wp-block-group is-nowrap is-layout-flex wp-container-core-group-is-layout-64989fb1 wp-block-group-is-layout-flex\">\n\n<\/div>\n\n\n\n<p><\/p>\n\n\n\n<div class=\"wp-block-comments\"><h2 id=\"comments\" class=\"wp-block-comments-title\"><span id=\"una-risposta-a-opinione-sintetica-sulla-bagarre-nata-intorno-ai-vaccini-nel-2016-2017\">Una risposta a &#8220;Opinione sintetica sulla bagarre nata intorno ai vaccini nel 2016\/2017.&#8221;<\/span><\/h2>\n\n<ol class=\"wp-block-comment-template\"><li id=\"comment-185\" class=\"pingback even thread-even depth-1\">\n\n<div class=\"wp-block-columns is-layout-flex wp-container-core-columns-is-layout-9d6595d7 wp-block-columns-is-layout-flex\">\n<div class=\"wp-block-column is-layout-flow wp-block-column-is-layout-flow\" style=\"flex-basis:40px\"><div class=\"wp-block-avatar\">  <\/div><\/div>\n\n\n\n<div class=\"wp-block-column is-layout-flow wp-block-column-is-layout-flow\"><div class=\"wp-block-comment-author-name has-small-font-size\"><a rel=\"external nofollow ugc\" href=\"https:\/\/senzatempo.org\/index.php\/2026\/01\/06\/1526\/malattie-infettive-dati-e-citazioni-rivelano-la-verita\/\" target=\"_self\" >Malattie infettive. Dati e citazioni rivelano la verit\u00e0 &#8211; SENZA TEMPO<\/a><\/div>\n\n\n<div class=\"wp-block-group is-layout-flex wp-block-group-is-layout-flex\" style=\"margin-top:0px;margin-bottom:0px\"><div class=\"wp-block-comment-date has-small-font-size\"><time datetime=\"2026-01-06T03:06:22+01:00\"><a href=\"https:\/\/senzatempo.org\/index.php\/2017\/06\/10\/13\/opinione-sintetica-sulla-bagarre-nata-intorno-ai-vaccini-nel-2016-2017\/#comment-185\">6 Gennaio 2026<\/a><\/time><\/div>\n\n<\/div>\n\n\n<div class=\"wp-block-comment-content\">[&#8230;] Opinione sintetica sulla bagarre nata intorno ai vaccini nel 2016\/2017. [&#8230;]\n<\/div>\n\n<div class=\"wp-block-comment-reply-link has-small-font-size\"><a rel=\"nofollow\" class=\"comment-reply-login\" href=\"https:\/\/senzatempo.org\/wp-login.php?redirect_to=https%3A%2F%2Fsenzatempo.org%2Findex.php%2F2017%2F06%2F10%2F13%2Fopinione-sintetica-sulla-bagarre-nata-intorno-ai-vaccini-nel-2016-2017%2F\">Accedi per rispondere<\/a><\/div><\/div>\n<\/div>\n\n<\/li><\/ol>\n\n\n\n\t<div id=\"respond\" class=\"comment-respond wp-block-post-comments-form\">\n\t\t<h3 id=\"reply-title\" class=\"comment-reply-title\"><span id=\"lascia-un-commento-annulla-risposta\">Lascia un commento <small><a rel=\"nofollow\" id=\"cancel-comment-reply-link\" href=\"\/index.php\/wp-json\/wp\/v2\/posts\/13#respond\" style=\"display:none;\">Annulla risposta<\/a><\/small><\/span><\/h3><p class=\"must-log-in\">Devi essere <a href=\"https:\/\/senzatempo.org\/wp-login.php?redirect_to=https%3A%2F%2Fsenzatempo.org%2Findex.php%2F2017%2F06%2F10%2F13%2Fopinione-sintetica-sulla-bagarre-nata-intorno-ai-vaccini-nel-2016-2017%2F\">connesso<\/a> per inviare un commento.<\/p>\t<\/div><!-- #respond -->\n\t<\/div>\n\n\n\n<p><\/p>\n\n\n\n<p><\/p>\n","protected":false},"excerpt":{"rendered":"In 10 punti riassumo le criticit\u00e0 della proposta della ministra della sanit\u00e0, non laureata in medicina, Beatrice Lorenzin, che aderendo a un progetto pilota di origine USA (leggasi aziende farmaceutiche), propone 12 vaccini obbligatori ai neonati, poi diventati 10. Ha fatto leva sulle emozioni e senso di protezione delle mamme, senza un&#8217;adeguata sperimentazione sugli effetti a lunga scadenza di 10 vaccini sui neonati sani.\n","protected":false},"author":1,"featured_media":0,"comment_status":"open","ping_status":"open","sticky":false,"template":"","format":"standard","meta":{"_monsterinsights_skip_tracking":false,"_monsterinsights_sitenote_active":false,"_monsterinsights_sitenote_note":"","_monsterinsights_sitenote_category":0,"footnotes":""},"categories":[1313],"tags":[32,33,35,36,15,20,30,13,38,39,31,8,7,34,16,10,5,14,37,17,11,6],"class_list":{"0":"post-13","1":"post","2":"type-post","3":"status-publish","4":"format-standard","6":"category-vaccini","7":"tag-a-i-f-a","8":"tag-aifa","9":"tag-allattamento","10":"tag-anticorpi","11":"tag-autismo","12":"tag-beatrice-lorenzin","13":"tag-bexsero","14":"tag-bugiardino","15":"tag-controindicazioni","16":"tag-effetti-collaterali","17":"tag-menjugate","18":"tag-morbillo","19":"tag-neonati","20":"tag-pertosse","21":"tag-polio","22":"tag-rosolia","23":"tag-salute","24":"tag-sids","25":"tag-sistema-immunitario","26":"tag-tetano","27":"tag-tripedia","28":"tag-vaccini"},"_links":{"self":[{"href":"https:\/\/senzatempo.org\/index.php\/wp-json\/wp\/v2\/posts\/13","targetHints":{"allow":["GET"]}}],"collection":[{"href":"https:\/\/senzatempo.org\/index.php\/wp-json\/wp\/v2\/posts"}],"about":[{"href":"https:\/\/senzatempo.org\/index.php\/wp-json\/wp\/v2\/types\/post"}],"author":[{"embeddable":true,"href":"https:\/\/senzatempo.org\/index.php\/wp-json\/wp\/v2\/users\/1"}],"replies":[{"embeddable":true,"href":"https:\/\/senzatempo.org\/index.php\/wp-json\/wp\/v2\/comments?post=13"}],"version-history":[{"count":28,"href":"https:\/\/senzatempo.org\/index.php\/wp-json\/wp\/v2\/posts\/13\/revisions"}],"predecessor-version":[{"id":2259,"href":"https:\/\/senzatempo.org\/index.php\/wp-json\/wp\/v2\/posts\/13\/revisions\/2259"}],"wp:attachment":[{"href":"https:\/\/senzatempo.org\/index.php\/wp-json\/wp\/v2\/media?parent=13"}],"wp:term":[{"taxonomy":"category","embeddable":true,"href":"https:\/\/senzatempo.org\/index.php\/wp-json\/wp\/v2\/categories?post=13"},{"taxonomy":"post_tag","embeddable":true,"href":"https:\/\/senzatempo.org\/index.php\/wp-json\/wp\/v2\/tags?post=13"}],"curies":[{"name":"wp","href":"https:\/\/api.w.org\/{rel}","templated":true}]}}