{"id":1863,"date":"2026-01-17T04:00:34","date_gmt":"2026-01-17T03:00:34","guid":{"rendered":"https:\/\/senzatempo.org\/?p=1863"},"modified":"2026-01-20T17:38:13","modified_gmt":"2026-01-20T16:38:13","slug":"un-gruppo-di-italiani-si-arruola-in-ucraina-per-combattere-contro-la-russia","status":"publish","type":"post","link":"https:\/\/senzatempo.org\/index.php\/2026\/01\/17\/1863\/un-gruppo-di-italiani-si-arruola-in-ucraina-per-combattere-contro-la-russia\/","title":{"rendered":"Italiani si arruolano in Ucraina per combattere contro la Russia. \u00c8 solo propaganda."},"content":{"rendered":"\n<div class=\"wp-block-group is-nowrap is-layout-flex wp-container-core-group-is-layout-64989fb1 wp-block-group-is-layout-flex\"><div class=\"wp-block-post-time-to-read\">5\u20138 minuti<\/div>\n\n\n<ul class=\"wp-block-list\">\n<li>Modificato il: <\/li>\n<\/ul>\n\n\n<\/div>\n\n\n\n<p class=\"has-medium-font-size\"><strong>Da volontari a combattenti<\/strong><\/p>\n\n\n\n<p>A Kiev \u00e8 presente un gruppo di giovani italiani che ha deciso di arruolarsi nelle forze armate ucraine per combattere contro la Russia, spinti da motivazioni ideologiche ed europeiste. Alcuni di loro citano il Manifesto di Ventotene e vedono nel conflitto la possibilit\u00e0 di costruire un\u2019Europa pi\u00f9 unita.<\/p>\n\n\n\n<p>Un\u2019associazione italiana, <em>Stur<\/em> (Support the Ukrainian Resistance), sostiene circa una ventina di connazionali impegnati al fronte, fornendo aiuti materiali e supporto psicosociale alle famiglie dei volontari. Tra i futuri combattenti c\u2019\u00e8 Andrea Cappelletti, 25 anni, che ha lasciato il lavoro in Italia per arruolarsi come pilota di droni, consapevole dei rischi e in contrasto con il parere del padre. Un\u2019altra storia \u00e8 quella di N., 34 anni, ex programmatore di Verona, trasferitosi a Kiev senza informare la famiglia delle sue reali intenzioni.<\/p>\n\n\n\n<p>Il gruppo, proveniente da diverse regioni italiane, ritiene che la sola assistenza umanitaria non sia pi\u00f9 sufficiente e che l\u2019uso delle armi sia ormai necessario. Convinti della vittoria ucraina, sostengono che la motivazione ideale degli ucraini e dei volontari stranieri sia pi\u00f9 forte di quella dei soldati russi.<\/p>\n\n\n\n<p class=\"has-medium-font-size\"><strong>Decisione che puzza di propaganda<\/strong><\/p>\n\n\n\n<p>Uno ha tutto il diritto di fare le sue scelte, ma ritengo che l&#8217;essere troppo dentro un ambiente limiti il tuo campo visivo e rischi di fare inconsapevolmente qualcosa di estremo per proteggere la tua routine. Ma la decisione, che sappiamo essere suicida, \u00e8 stata presa per il profondo coinvolgimento personale ma scollegata dalla realt\u00e0 che lo circonda. Nel senso che se sapesse quali sono oggi le possibilit\u00e0 di sopravvivenza e volesse veramente la pace, farebbe tutt&#8217;altro. Una scelta fatta per scaricare odio, ma non \u00e8 come lanciare un sasso contro l&#8217;edificio di una istituzione pubblica solo per un senso di appagamento, al fronte in in Ucraina &#8220;l&#8217;edificio&#8221; risponde in tempo reale, e la possibilit\u00e0 di perdere la vita \u00e8 altissima.<\/p>\n\n\n\n<p>Mi permetto pure di criticare il volta faccia da volontario che porta viveri al fronte, quindi, di indole pacifica o non votato per il combattimento, ma per la vita e la sua salvezza, a diventare combattente c&#8217;\u00e8 un salto inspiegabile, motivata da un&#8217;idea ancora pi\u00f9 assurda: &#8220;Credo nell&#8217;UE&#8221; dopo tutti i danni che la Commissione UE ha fatto all&#8217;Europa da quando \u00e8 nata e recentemente concentratisi in modo incredibile con le decisioni unilaterali prese dalla Von der Leyen.<\/p>\n\n\n\n<p>Passa da volontario a combattente, crede nell&#8217;UE, poi far\u00e0 il pilota di droni, questo \u00e8 il passaggio finale che inchiappetta molti giovani, perch\u00e9 si illude che la guerra moderna sia come usare i joystick giocando con la Play Station nella tua cameretta. Ha molta pi\u00f9 attrattiva rispetto a quella di prendere in mano un fucile, con le facili e immaginabili conseguenze di rimanere isolati al fronte, patire il freddo, e se rimani ferito non vedere mai arrivare i soccorsi.<\/p>\n\n\n\n<p><strong>Tutti sicuri di andare a pilotare droni, eh?<\/strong><\/p>\n\n\n\n<p>Vorrei sapere quanti soldi ha ricevuto questo gruppo per partecipare a questo step della propaganda, a questa infinita pantomima della guerra che non deve finire mai. Gli stessi finanziatori hanno poi, ovviamente, inviato un testo tipo all&#8217;ANSA per chiudere il cerchio.<\/p>\n\n\n\n<p class=\"has-medium-font-size\"><strong>Fare il mercenario \u00e8 legale o no?<\/strong><\/p>\n\n\n\n<p>Andrea Cappelletti e i suoi amici se mai dovesse riuscire a sopravvivere, al ritorno in Italia in base alle nostre leggi dovrebbe passare qualche guaio. Purtroppo il sistema politico Italia \u00e8 inquinato dalle alleanze, quindi, anche se hai combattuto come mercenario contro un paese con cui l&#8217;Italia non \u00e8 in guerra, non subirai accuse penali perch\u00e9 combattevi contro chi veniva (e viene) ritenuto politicamente un nemico. Nemico un paese che gli italiani non ritengono nemico, la Russia, ma che i politici vorrebbero educarci ad odiare.<\/p>\n\n\n\n<p>Ricordiamoci che il lancio mediatico di questo gruppo che si arruola nell&#8217;esercito Ucraino (spero che non metta sulla divisa la bandiera italiana), \u00e8 di ANSA.it, e tutti i media a ruota ne parlano un po&#8217;. ANSA di fatto fornisce copia originale e i media mainstream fanno fotocopie. Perch\u00e9 oggi evidenziano questo gruppo e non altri che sicuramente ci saranno stati? Perch\u00e9 ci stanno preparando al futuro immaginato dalle \u00e9lite. Il prossimo passo sar\u00e0 convincerci tramite una messe di articoli che c&#8217;\u00e8 bisogno di riaprire la leva militare obbligatoria, poi ne arriver\u00e0 un&#8217;altro che dir\u00e0 che \u00e8 necessario mandarli in Ucraina.<\/p>\n\n\n\n<p>Poco alla volta subiremo un processo di ucrainizzazione che non interesser\u00e0 solo l&#8217;Italia ma l&#8217;Europa intera se non ci sfiliamo in tempo da questo errore storico in cui ci hanno trascinato gli USA scientemente.<\/p>\n\n\n\n<p>Per evitare questo o di vedere se il governo ha il coraggio di farlo, dobbiamo sperare che Putin finisca presto. <\/p>\n\n\n\n<h6 id=\"articolo-11-della-costituzione-perimetro-e-limiti\" class=\"wp-block-heading\" style=\"text-transform:capitalize\">Articolo 11 della Costituzione: perimetro e limiti<\/h6>\n\n\n\n<p>L\u2019art.11 Cost. stabilisce che:<\/p>\n\n\n\n<blockquote class=\"wp-block-quote is-layout-flow wp-block-quote-is-layout-flow\">\n<p style=\"font-size:17px\"><em>\u201cL\u2019Italia ripudia la guerra come strumento di offesa alla libert\u00e0 degli altri popoli e come mezzo di risoluzione delle controversie internazionali; consente, in condizioni di parit\u00e0 con gli altri Stati, alle limitazioni di sovranit\u00e0 necessarie ad un ordinamento che assicuri la pace e la giustizia fra le Nazioni.\u201d<\/em><\/p>\n<\/blockquote>\n\n\n\n<p>Punti chiave:<\/p>\n\n\n\n<ul class=\"wp-block-list\">\n<li>Il <strong>ripudio della guerra<\/strong> riguarda l\u2019azione dello Stato italiano, non direttamente il comportamento del singolo cittadino.<\/li>\n\n\n\n<li>Tuttavia, la <strong>decisione di partecipare a conflitti armati<\/strong> rientra esclusivamente nelle competenze degli <strong>organi costituzionali<\/strong> (Parlamento e Presidente della Repubblica).<\/li>\n\n\n\n<li>Qualsiasi azione armata individuale che possa incidere sui rapporti internazionali <strong>non \u00e8 coperta da alcuna legittimazione costituzionale personale<\/strong>.<\/li>\n<\/ul>\n\n\n\n<p>In sintesi: il cittadino <strong>non ha titolo autonomo<\/strong> per \u201cfare la guerra\u201d, anche se mosso da finalit\u00e0 ideali.<\/p>\n\n\n\n<h6 id=\"a-art-244-c-p-atti-ostili-verso-uno-stato-estero\" class=\"wp-block-heading\" style=\"text-transform:capitalize\">a) Art. 244 c.p. \u2013 Atti ostili verso uno Stato estero<\/h6>\n\n\n\n<p>\u00c8 la norma <strong>pi\u00f9 rilevante<\/strong> in questo contesto. Punisce chi:<\/p>\n\n\n\n<blockquote class=\"wp-block-quote is-layout-flow wp-block-quote-is-layout-flow\">\n<p style=\"font-size:17px\"><em>\u201cCompie atti che espongono lo Stato italiano al pericolo di guerra o comunque compromettono i rapporti con uno Stato estero.\u201d<\/em><\/p>\n<\/blockquote>\n\n\n\n<p>Aspetti critici:<\/p>\n\n\n\n<ul class=\"wp-block-list\">\n<li>Non \u00e8 necessario che l\u2019Italia entri effettivamente in guerra.<\/li>\n\n\n\n<li>\u00c8 sufficiente che l\u2019azione <strong>sia idonea a peggiorare le relazioni internazionali<\/strong>.<\/li>\n\n\n\n<li>La partecipazione armata di cittadini italiani contro la Russia pu\u00f2 essere interpretata come <strong>atto ostile imputabile indirettamente all\u2019Italia<\/strong>, soprattutto se reiterata o organizzata.<\/li>\n<\/ul>\n\n\n\n<p>\ud83d\udc49 Questo rischio <strong>esiste anche se l\u2019Italia sostiene politicamente l\u2019Ucraina<\/strong>, perch\u00e9 l\u2019intervento militare resta formalmente non autorizzato.<\/p>\n\n\n\n<h6 id=\"b-arruolamento-in-forze-armate-straniere\" class=\"wp-block-heading\" style=\"text-transform:capitalize\">b) Arruolamento in forze armate straniere<\/h6>\n\n\n\n<p>L\u2019ordinamento italiano <strong>non vieta in assoluto<\/strong> l\u2019arruolamento all\u2019estero, ma diventa problematico quando:<\/p>\n\n\n\n<ul class=\"wp-block-list\">\n<li>avviene <strong>senza autorizzazione governativa<\/strong>,<\/li>\n\n\n\n<li>riguarda <strong>conflitti attivi<\/strong>,<\/li>\n\n\n\n<li>coinvolge <strong>Stati con cui l\u2019Italia intrattiene relazioni diplomatiche<\/strong>, anche se deteriorate.<\/li>\n<\/ul>\n\n\n\n<p>In tali casi, l\u2019arruolamento pu\u00f2 essere valutato come:<\/p>\n\n\n\n<ul class=\"wp-block-list\">\n<li>condotta lesiva dell\u2019interesse nazionale,<\/li>\n\n\n\n<li>comportamento incompatibile con i doveri di cittadinanza.<\/li>\n<\/ul>\n\n\n\n<h6 id=\"c-mercenarismo-profilo-residuale\" class=\"wp-block-heading\" style=\"text-transform:capitalize\">c) Mercenarismo (profilo residuale)<\/h6>\n\n\n\n<p>Se il volontario:<\/p>\n\n\n\n<ul class=\"wp-block-list\">\n<li>riceve compensi,<\/li>\n\n\n\n<li>\u00e8 inserito in unit\u00e0 irregolari,<\/li>\n\n\n\n<li>non \u00e8 formalmente integrato nelle forze armate statali ucraine,<\/li>\n<\/ul>\n\n\n\n<p>potrebbe esporsi anche al <strong>rischio di qualificazione come mercenario<\/strong>, con conseguenze penali e perdita delle tutele previste dal diritto internazionale umanitario.<\/p>\n\n\n\n<h6 id=\"sintesi\" class=\"wp-block-heading\" style=\"text-transform:capitalize\">Sintesi<\/h6>\n\n\n\n<p>Sebbene le motivazioni ideologiche o europeiste possano avere una valenza morale soggettiva, <strong>sul piano giuridico<\/strong>:<\/p>\n\n\n\n<ul class=\"wp-block-list\">\n<li>l\u2019art.11 Cost. non legittima alcuna iniziativa armata individuale;<\/li>\n\n\n\n<li>la partecipazione diretta al conflitto espone i volontari a <strong>rischi penali seri<\/strong>, in particolare per atti idonei a compromettere i rapporti internazionali;<\/li>\n\n\n\n<li>l\u2019uso delle armi, a differenza dell\u2019aiuto umanitario, <strong>oltrepassa una linea che la Costituzione riserva esclusivamente alle istituzioni<\/strong>.<\/li>\n<\/ul>\n\n\n\n<hr class=\"wp-block-separator has-text-color has-orange-color has-alpha-channel-opacity has-orange-background-color has-background is-style-wide\"\/>\n\n\n\n<h6 id=\"arrestato-bertolini-italiano-e-mercenario-combatte-in-donbas-dal-2016\" class=\"wp-block-heading\">Arrestato Bertolini, italiano e mercenario: combatte in Donbas dal 2016<\/h6>\n\n\n\n<p>Ricordiamo che ci sono anche italiani che combattono per la difesa del Donbas, quindi, si sono arruolati nell&#8217;esercito russo. Uno di questi al ritorno in Italia \u00e8 stato <a href=\"https:\/\/www.ilgazzettino.it\/nordest\/primopiano\/alessandro_bertolini_chi_e_foreign_fighters_italiano_arrestato_combattente_russia_donbass-7494975.html\" target=\"_blank\" rel=\"noreferrer noopener\">arrestato all&#8217;aeroporto Malpensa<\/a> e poi successivamente condannato. <\/p>\n\n\n\n<blockquote class=\"wp-block-quote is-layout-flow wp-block-quote-is-layout-flow\">\n<h6 id=\"arrestato-bertolini-italiano-e-mercenario-combatte-in-donbas-dal-2016-2\" class=\"wp-block-heading\" style=\"font-size:17px\">Arrestato Bertolini, italiano e mercenario: combatte in Donbas dal 2016<\/h6>\n\n\n\n<p style=\"font-size:17px\"><em>Ora ha 29 anni: indagato dall&#8217;antiterrorismo a Genova, si era arruolato dietro compenso con gli occupanti. Dichiarava la sua simpatia per Forza Nuova. Arrestato all&#8217;atterraggio a Malpensa<\/em><\/p>\n\n\n\n<p style=\"font-size:17px\"><a href=\"https:\/\/www.milanotoday.it\/cronaca\/arrestato-alessandro-bertolini-mercenario-donbass.html\" target=\"_blank\" rel=\"noreferrer noopener\">https:\/\/www.milanotoday.it\/cronaca\/arrestato-alessandro-bertolini-mercenario-donbass.html<\/a><\/p>\n<\/blockquote>\n\n\n\n<p>Qui lo stato si \u00e8 ricordato delle sue funzioni ma forse quel che pi\u00f9 conta \u00e8 la posizione politica del governo <strong>costretto dalle alleanze a considerare la Russia un nemico e l&#8217;Ucraina amica<\/strong>.<\/p>\n\n\n\n<div class=\"wp-block-comments\">\n\n\n\n\n\n\t<div id=\"respond\" class=\"comment-respond wp-block-post-comments-form\">\n\t\t<h3 id=\"reply-title\" class=\"comment-reply-title\"><span id=\"lascia-un-commento-annulla-risposta\">Lascia un commento <small><a rel=\"nofollow\" id=\"cancel-comment-reply-link\" href=\"\/index.php\/wp-json\/wp\/v2\/posts\/1863#respond\" style=\"display:none;\">Annulla risposta<\/a><\/small><\/span><\/h3><p class=\"must-log-in\">Devi essere <a href=\"https:\/\/senzatempo.org\/wp-login.php?redirect_to=https%3A%2F%2Fsenzatempo.org%2Findex.php%2F2026%2F01%2F17%2F1863%2Fun-gruppo-di-italiani-si-arruola-in-ucraina-per-combattere-contro-la-russia%2F\">connesso<\/a> per inviare un commento.<\/p>\t<\/div><!-- #respond -->\n\t<\/div>\n","protected":false},"excerpt":{"rendered":"La stampa sta divulgando la notizia di alcuni giovani itliani che si arruolano con l&#8217;esercito ucraino, poi dopo cosa faranno? Si riapre la leva per mandarli tutti al macello?\n","protected":false},"author":1,"featured_media":1864,"comment_status":"open","ping_status":"open","sticky":false,"template":"","format":"standard","meta":{"_monsterinsights_skip_tracking":false,"_monsterinsights_sitenote_active":false,"_monsterinsights_sitenote_note":"","_monsterinsights_sitenote_category":0,"footnotes":""},"categories":[108],"tags":[1574,1584,1582,1581,1576,1575,1583,92,104,445],"class_list":{"0":"post-1863","1":"post","2":"type-post","3":"status-publish","4":"format-standard","5":"has-post-thumbnail","7":"category-ucraina-russia","8":"tag-andrea-cappelletti","9":"tag-ansa-it","10":"tag-arruolare","11":"tag-arruolarsi","12":"tag-art-11","13":"tag-mercenaario","14":"tag-pilota-droni","15":"tag-propaganda","16":"tag-russia","17":"tag-ucraina"},"_links":{"self":[{"href":"https:\/\/senzatempo.org\/index.php\/wp-json\/wp\/v2\/posts\/1863","targetHints":{"allow":["GET"]}}],"collection":[{"href":"https:\/\/senzatempo.org\/index.php\/wp-json\/wp\/v2\/posts"}],"about":[{"href":"https:\/\/senzatempo.org\/index.php\/wp-json\/wp\/v2\/types\/post"}],"author":[{"embeddable":true,"href":"https:\/\/senzatempo.org\/index.php\/wp-json\/wp\/v2\/users\/1"}],"replies":[{"embeddable":true,"href":"https:\/\/senzatempo.org\/index.php\/wp-json\/wp\/v2\/comments?post=1863"}],"version-history":[{"count":9,"href":"https:\/\/senzatempo.org\/index.php\/wp-json\/wp\/v2\/posts\/1863\/revisions"}],"predecessor-version":[{"id":2023,"href":"https:\/\/senzatempo.org\/index.php\/wp-json\/wp\/v2\/posts\/1863\/revisions\/2023"}],"wp:featuredmedia":[{"embeddable":true,"href":"https:\/\/senzatempo.org\/index.php\/wp-json\/wp\/v2\/media\/1864"}],"wp:attachment":[{"href":"https:\/\/senzatempo.org\/index.php\/wp-json\/wp\/v2\/media?parent=1863"}],"wp:term":[{"taxonomy":"category","embeddable":true,"href":"https:\/\/senzatempo.org\/index.php\/wp-json\/wp\/v2\/categories?post=1863"},{"taxonomy":"post_tag","embeddable":true,"href":"https:\/\/senzatempo.org\/index.php\/wp-json\/wp\/v2\/tags?post=1863"}],"curies":[{"name":"wp","href":"https:\/\/api.w.org\/{rel}","templated":true}]}}