{"id":1995,"date":"2025-07-12T00:17:00","date_gmt":"2025-07-11T22:17:00","guid":{"rendered":"https:\/\/senzatempo.org\/?p=1995"},"modified":"2026-02-22T19:44:51","modified_gmt":"2026-02-22T18:44:51","slug":"difendiamo-la-dott-ssa-francesca-albanese-relatrice-speciale-per-la-palestina","status":"publish","type":"post","link":"https:\/\/senzatempo.org\/index.php\/2025\/07\/12\/1995\/difendiamo-la-dott-ssa-francesca-albanese-relatrice-speciale-per-la-palestina\/","title":{"rendered":"Difendiamo la Dott.ssa Francesca Albanese, &#8220;Relatrice Speciale&#8221; per la Palestina."},"content":{"rendered":"<div class=\"wp-block-post-time-to-read\">7\u201311 minuti<\/div>\n\n\n<p>La Dott.ssa <strong>Francesca&nbsp;Albanese<sup data-fn=\"262e0f03-74de-4848-98a4-2e6f89ec978d\" class=\"fn\"><a href=\"#262e0f03-74de-4848-98a4-2e6f89ec978d\" id=\"262e0f03-74de-4848-98a4-2e6f89ec978d-link\">1<\/a><\/sup><\/strong>&nbsp;\u00e8 titolare del mandato come &#8220;<strong>Relatore speciale sulla situazione dei diritti umani nei territori palestinesi occupati dal 1967&#8243;<\/strong><\/p>\n\n\n\n<p>Sul sito della <strong>Nazioni Unite<sup data-fn=\"d24eeb29-a8ac-41c0-84b8-8f8d33a39e53\" class=\"fn\"><a href=\"#d24eeb29-a8ac-41c0-84b8-8f8d33a39e53\" id=\"d24eeb29-a8ac-41c0-84b8-8f8d33a39e53-link\">2<\/a><\/sup><\/strong> questa \u00e8 la sua biografia <strong>breve<sup data-fn=\"ec6461af-d93e-46e3-9f4d-995d5446f4c7\" class=\"fn\"><a href=\"#ec6461af-d93e-46e3-9f4d-995d5446f4c7\" id=\"ec6461af-d93e-46e3-9f4d-995d5446f4c7-link\">3<\/a><\/sup><\/strong>&nbsp;in relazione al suo mandato:<\/p>\n\n\n\n<blockquote class=\"wp-block-quote has-small-font-size is-layout-flow wp-block-quote-is-layout-flow\">\n<p style=\"font-size:16px\"><em>La Dott.ssa&nbsp;Francesca&nbsp;Albanese&nbsp;\u00e8 stata nominata Relatrice Speciale sulla situazione dei diritti umani nei territori palestinesi occupati dal 1967 dal Consiglio per i Diritti Umani, durante la sua 49a sessione nel marzo 2022, e ha assunto l&#8217;incarico il 1\u00b0 maggio 2022. La Dott.ssa&nbsp;Albanese&nbsp;\u00e8 Affiliate Scholar presso l&#8217;Institute for the Study of International Migration della Georgetown University, nonch\u00e9 Senior Advisor su Migrazioni e Sfollamenti Forzati per il think-tank Arab Renaissance for Democracy and Development (ARDD). Ha pubblicato numerosi articoli sulla situazione giuridica in Israele e nello Stato di Palestina e tiene regolarmente lezioni e seminari sul diritto internazionale e gli sfollamenti forzati presso universit\u00e0 in Europa e nella regione araba. La Dott.ssa&nbsp;Albanese&nbsp;ha anche lavorato come esperta in diritti umani per le Nazioni Unite, tra cui l&#8217;Ufficio dell&#8217;Alto Commissariato delle Nazioni Unite per i Diritti Umani e l&#8217;Agenzia delle Nazioni Unite per il Soccorso e il Lavoro per i Rifugiati Palestinesi.<\/em><\/p>\n<\/blockquote>\n\n\n\n<p>_ il sito delle Nazioni Unite propone anche la <strong>biografia completa<sup data-fn=\"a1f402e4-d799-4d14-b1ed-23d19b45fa95\" class=\"fn\"><a href=\"#a1f402e4-d799-4d14-b1ed-23d19b45fa95\" id=\"a1f402e4-d799-4d14-b1ed-23d19b45fa95-link\">4<\/a><\/sup><\/strong>&nbsp;della Dott.ssa&nbsp;Francesca&nbsp;Albanese.<\/p>\n\n\n\n<p>Appare chiaro quanto sia delicato questo lavoro, quanto richieda una forte sensibilit\u00e0 e come sia possibile essere soggetti a tentativi di corruzione finalizzati a stilare rapporti meno severi, capaci di trasformare un paese che viola le norme umanitarie in un presunto paese modello.<br>Se ci si riflette un attimo, \u00e8 evidente che le relazioni su un paese possano essere oggetto di strumentalizzazione politica: una reazione quasi scontata. Ci\u00f2 che invece non \u00e8 accettabile \u00e8 che, di fronte a un rapporto basato su dati oggettivi e definizioni appropriate, emerga qualcuno che invoca la punizione del relatore e, ancor peggio, che tale richiesta venga accolta e messa in atto.<\/p>\n\n\n\n<p>Questo \u00e8 il contesto in cui la dott.ssa <strong>Francesca Albanese<\/strong> si \u00e8 ritrovata, diventando essa stessa vittima del paese su cui ricadevano le responsabilit\u00e0 descritte nei suoi report. L\u2019eccezionalit\u00e0 del metodo utilizzato contro di lei ha fatto rapidamente il giro del mondo, portando alla ribalta il nome di questa italiana che, per onest\u00e0 e integrit\u00e0, metterei immediatamente a capo del nostro governo: qualit\u00e0 ormai pi\u00f9 rare di una mosca bianca.<\/p>\n\n\n\n<p>Tengo per\u00f2 a precisare che chiunque avesse il coraggio di firmare un report in cui si sostenesse che Israele rispetta i diritti umani del popolo palestinese verrebbe irriso a livello globale, rendendo automaticamente non credibile tale versione. \u00c8 noto a tutti, infatti, l\u2019atteggiamento vessatorio adottato da Israele nei confronti di Gaza e della Cisgiordania; di conseguenza, si arriverebbe facilmente a pensare che l\u2019incarico sia stato affidato a una persona di parte o ottenuto tramite corruzione.<\/p>\n\n\n\n<p>Si d\u00e0 il caso che, negli ultimi anni, alcune strutture nate con l\u2019obiettivo dichiarato di migliorare il mondo, come le <strong>Nazioni Unite<sup data-fn=\"ccbf03de-81c8-4212-acd9-ba1c9dd4e723\" class=\"fn\"><a href=\"#ccbf03de-81c8-4212-acd9-ba1c9dd4e723\" id=\"ccbf03de-81c8-4212-acd9-ba1c9dd4e723-link\">5<\/a><\/sup><\/strong>, abbiano sede nel paese che presenta una delle spese militari pi\u00f9 elevate in assoluto, che fornisce armi utilizzate per compiere le azioni descritte dalla Albanese e che, dalla fine della Guerra Fredda, ha contribuito a generare instabilit\u00e0 in numerosi paesi del mondo. In particolare, in quelli caratterizzati dalla presenza di una banca centrale, risorse petrolifere, regimi autoritari e l\u2019Islam come religione dominante.<\/p>\n\n\n\n<p>L\u2019ONU (come abitualmente la chiamiamo in Italia) ha sede a New York, negli Stati Uniti, un paese che molti considerano fortemente influenzato da Israele.<\/p>\n\n\n\n<p>In questo contesto, vi propongo ora la trascrizione di un <strong>video<sup data-fn=\"52c47623-60a1-4c91-8afa-b15c5ad0b7fd\" class=\"fn\"><a href=\"#52c47623-60a1-4c91-8afa-b15c5ad0b7fd\" id=\"52c47623-60a1-4c91-8afa-b15c5ad0b7fd-link\">6<\/a><\/sup><\/strong>&nbsp;di <strong>Massimo Mazzucco<sup data-fn=\"22b9c676-e2a9-4de7-a928-93d7ac805178\" class=\"fn\"><a href=\"#22b9c676-e2a9-4de7-a928-93d7ac805178\" id=\"22b9c676-e2a9-4de7-a928-93d7ac805178-link\">7<\/a><\/sup><\/strong>:<\/p>\n\n\n\n<blockquote class=\"wp-block-quote is-layout-flow wp-block-quote-is-layout-flow\">\n<p style=\"font-size:17px\"><em>Francesca&nbsp;Albanese&nbsp;\u00e8 una che non ha mai avuto peli sulla lingua e ha sempre chiamato le cose con il loro nome. Ha definito criminali le azioni di Netanyahu. Ha definito genocidio, quello che Israele sta compiendo nella striscia di Gaza e poi ultimamente ha osato andare oltre. In un rapporto di oltre 300 pagine intitolato &#8220;<strong>Dall&#8217;economia dell&#8217;occupazione all&#8217;economia del genocidio<\/strong><\/em><strong><sup data-fn=\"48734ca2-973d-4b3c-8e3b-0483750164b8\" class=\"fn\"><a href=\"#48734ca2-973d-4b3c-8e3b-0483750164b8\" id=\"48734ca2-973d-4b3c-8e3b-0483750164b8-link\">8<\/a><\/sup><\/strong><em>&#8220;, ha denunciato apertamente quelli che sono gli enormi interessi economici che girano intorno alla pulizia etnica di Gaza.<\/em><\/p>\n\n\n\n<p style=\"font-size:17px\"><em>L&#8217;Albanese rappresenta ovviamente una spina nel fianco per Israele che ha lanciato una vera e propria campagna di discredito contro di lei sulla rete finanziata dal governo israeliano. Ma c&#8217;\u00e8 di pi\u00f9. Due mesi fa l&#8217;ambasciatore di Israele alle Nazioni Unite, <strong>Danny Danon<\/strong><\/em><strong><sup data-fn=\"d64c1db5-4425-4e6f-b0d0-44a51d4a9bb0\" class=\"fn\"><a href=\"#d64c1db5-4425-4e6f-b0d0-44a51d4a9bb0\" id=\"d64c1db5-4425-4e6f-b0d0-44a51d4a9bb0-link\">9<\/a><\/sup><\/strong><em>, aveva chiesto pubblicamente che gli Stati Uniti mettessero delle sanzioni personali contro l&#8217;albanese e ieri il loro desiderio \u00e8 stato esaudito.<\/em><\/p>\n\n\n\n<p style=\"font-size:17px\">&#8220;<em>Ora che abbiamo il presidente Trump siamo molto ottimisti. La prima cosa che andrebbe fatta \u00e8 imporre sanzioni personali contro alcuni personaggi negativi della scena internazionale. Vi faccio un esempio: avrete sentito parlare di&nbsp;<\/em><em>Francesca<\/em><em>&nbsp;<\/em><em>Albanese<\/em><em>. S\u00ec, potete fischiarla, certamente. E io penso che gli Stati Uniti, come molti di voi americani dovrebbero mettere delle sanzioni contro di lei. Non dovrebbe esserle permesso di entrare negli Stati Uniti d&#8217;America. Viene qui una volta al mese per promuovere l&#8217;odio, per andare nelle universit\u00e0. Lei paragona il nostro primo ministro Netanyahu a Hitler. E paragona il vostro presidente a leader orribili. Questo \u00e8 inaccettabile, e mi aspetto che la nuova amministrazione sia pi\u00f9 rigida su questo argomento.<\/em>&#8221; _ ha detto Danny Danon<\/p>\n<\/blockquote>\n\n\n<div class=\"wp-block-image\">\n<figure class=\"aligncenter size-large\"><img loading=\"lazy\" decoding=\"async\" width=\"1024\" height=\"691\" src=\"https:\/\/senzatempo.org\/wp-content\/uploads\/2026\/01\/Marco-Rubio-Danon-1024x691.webp\" alt=\"\" class=\"wp-image-1997\" srcset=\"https:\/\/senzatempo.org\/wp-content\/uploads\/2026\/01\/Marco-Rubio-Danon-1024x691.webp 1024w, https:\/\/senzatempo.org\/wp-content\/uploads\/2026\/01\/Marco-Rubio-Danon-300x202.webp 300w, https:\/\/senzatempo.org\/wp-content\/uploads\/2026\/01\/Marco-Rubio-Danon-768x518.webp 768w, https:\/\/senzatempo.org\/wp-content\/uploads\/2026\/01\/Marco-Rubio-Danon-1536x1036.webp 1536w, https:\/\/senzatempo.org\/wp-content\/uploads\/2026\/01\/Marco-Rubio-Danon.webp 1968w\" sizes=\"auto, (max-width: 1024px) 100vw, 1024px\" \/><\/figure>\n<\/div>\n\n\n<blockquote class=\"wp-block-quote is-layout-flow wp-block-quote-is-layout-flow\">\n<p style=\"font-size:17px\"><em>E oggi, da obbediente burattino, il ministro degli esteri americano <strong>Marco Rubio<\/strong><\/em><strong><sup data-fn=\"fbb88e75-ac67-430a-9ece-f8f18582eb22\" class=\"fn\"><a href=\"#fbb88e75-ac67-430a-9ece-f8f18582eb22\" id=\"fbb88e75-ac67-430a-9ece-f8f18582eb22-link\">10<\/a><\/sup><\/strong><em> ha eseguito gli ordini di Danon. Oggi impongo delle sanzioni sulla relatrice speciale del Consiglio dei Diritti Umani delle Nazioni Unite,&nbsp;Francesca&nbsp;Albanese, per i suoi illegittimi e vergognosi sforzi per spingere la Corte Criminale Internazionale contro funzionari, societ\u00e0 e dirigenti degli Stati Uniti ed Israele. La campagna di guerriglia economica e politica dell&#8217;Albanese contro gli Stati Uniti e Israele non sar\u00e0 pi\u00f9 tollerata. Noi staremo sempre accanto ai nostri partner nel loro diritto all&#8217;autodifesa. Le sanzioni intendono impedire alla&nbsp;Albanese&nbsp;di entrare negli Stati Uniti e congelano ogni suo bene posseduto in quel paese. Resta solo da augurarsi che i media italiani difendano apertamente&nbsp;Francesca&nbsp;albanese&nbsp;in modo da rendere pi\u00f9 difficile da parte di Israele la neutralizzazione di questo importante personaggio della scena mediorientale. Semmai ci fosse qualcuno degno di ricevere il Nobel per la pace \u00e8 sicuramente&nbsp;Francesca&nbsp;Albanese&nbsp;e non certo Donald Trump. No!<\/em><\/p>\n<\/blockquote>\n\n\n\n<p>Ora se le sanzioni ti impediscono di recarti negli Stati Uniti, e l&#8217;ONU \u00e8 a New York significa che non puoi andare al lavoro e parlare con colleghi e interagire con colleghi di altri paesi e nemmeno presentare i report. Improvvisamente si evidenzia che la sede dell&#8217;ONU non dovrebbe essere nel paese che ritiene d&#8217;essere da sempre il pi\u00f9 potente e il guardiano della democrazia del globo terrestre, ma in un paese neutrale, come la Svizzera ad esempio.<\/p>\n\n\n\n<p>Ma i problemi ovviamente non finiscono qui per la&nbsp;Albanese, Israele ha fatto la sua parte per impedire che questa rompi coglioni italiana abbia accesso alla fonte originale delle informazioni vietandole l&#8217;ingresso in <strong>Israele<sup data-fn=\"0e643e31-69da-4553-8dad-393a92878048\" class=\"fn\"><a href=\"#0e643e31-69da-4553-8dad-393a92878048\" id=\"0e643e31-69da-4553-8dad-393a92878048-link\">11<\/a><\/sup><\/strong>&nbsp;ma in precedenza la&nbsp;Albanese&nbsp;aveva ottenuto un importante successo visto che il segretario generale dell&#8217;ONU ha iscritto l&#8217;IDF nella &#8220;<strong>lista nera&#8221;<sup data-fn=\"355f6e9d-6352-4634-931a-7b8a411bda86\" class=\"fn\"><a href=\"#355f6e9d-6352-4634-931a-7b8a411bda86\" id=\"355f6e9d-6352-4634-931a-7b8a411bda86-link\">12<\/a><\/sup><\/strong>.<\/p>\n\n\n\n<p>Oggi per\u00f2 la Dott.ssa&nbsp;Francesca&nbsp;Albamese ha bisogno di un sostegno deciso ed ampio anche da quella stampa che non si \u00e8 mai sprecata tanto a difendere i diritti umani, salvo che non siano quelli degli ucraini, perci\u00f2 facciamo una carrellata per vedere chi e cosa dice.<\/p>\n\n\n\n<ul class=\"wp-block-list\">\n<li><a href=\"https:\/\/www.fanpage.it\/innovazione\/tecnologia\/il-governo-israeliano-sta-comprando-annunci-su-google-per-screditare-francesca-albanese-lindagine-di-fanpage-it\/\" target=\"_blank\" rel=\"noreferrer noopener\">Il governo israeliano sta comprando annunci su Google per screditare Francesca Albanese:&nbsp;<\/a>&#8211; da&nbsp;<strong>Fanpage.it<\/strong><\/li>\n\n\n\n<li><a href=\"https:\/\/www.wired.it\/article\/relatrice-onu-francesca-albanese-sanzioni-stati-uniti-google-israele\/\" target=\"_blank\" rel=\"noreferrer noopener\">La relatrice Onu Francesca Albanese \u00e8 nel mirino degli Stati Uniti (e di Google) per le sue accuse contro Israele<\/a><strong>&nbsp;&#8211; da wired<\/strong><\/li>\n\n\n\n<li><a href=\"https:\/\/www.elle.com\/it\/magazine\/women-in-society\/a65360594\/francesca-albanese-avvocata-sanzioni-usa-indagini-gaza\/\" target=\"_blank\" rel=\"noreferrer noopener\">Gli Usa emettono sanzioni contro Francesca Albanese per le indagini su Gaza<\/a>&nbsp;&#8211; da&nbsp;<strong>elle.com<\/strong><\/li>\n\n\n\n<li><a href=\"https:\/\/www.rainews.it\/articoli\/2025\/07\/francesca-albanese-tra-proposta-al-nobel-e-sanzioni-americane-d8b234bc-cef3-422d-a82e-b4efe7e5462a.html\" target=\"_blank\" rel=\"noreferrer noopener\">Francesca Albanese, tra proposta al Nobel e sanzioni americane<\/a><strong>&nbsp;<\/strong>&#8211; <strong>da RAI News<\/strong><\/li>\n\n\n\n<li><a href=\"https:\/\/www.editorialedomani.it\/politica\/mondo\/francesca-albanese-sanzioni-statunitensi-onu-ue-reazioni-governo-italiano-jng64y28\" target=\"_blank\" rel=\"noreferrer noopener\">L\u2019Ue in difesa della relatrice Onu Francesca Albanese, il governo sceglie il silenzio<\/a>&nbsp;&#8211; <strong>editorialedomani<\/strong><\/li>\n\n\n\n<li><a href=\"https:\/\/www.unita.it\/2025\/07\/11\/francesca-albanese-e-il-coraggio-di-denunciare-il-genocidio-a-gaza-gli-usa-chiedono-il-licenziamento\/\" target=\"_blank\" rel=\"noreferrer noopener\">Francesca Albanese e il coraggio di denunciare il genocidio a Gaza, gli Usa chiedono il licenziamento<\/a>&nbsp;&#8211; <strong>unit\u00e0<\/strong><\/li>\n\n\n\n<li><a href=\"https:\/\/www.ottopagine.it\/av\/cronaca\/396981\/francesca-albanese-sotto-attacco-sosteniamola-pubblicamente-e-con-dignita.shtml\" target=\"_blank\" rel=\"noreferrer noopener\">Francesca Albanese sotto attacco: sosteniamola pubblicamente e con dignit\u00e0<\/a><strong>&nbsp;&#8211;&nbsp;ottopagine.it<\/strong><\/li>\n<\/ul>\n\n\n\n<figure class=\"wp-block-table\"><table class=\"has-fixed-layout\"><tbody><tr><td class=\"has-text-align-center\" data-align=\"center\"><img loading=\"lazy\" decoding=\"async\" width=\"1019\" height=\"1024\" class=\"wp-image-1999\" src=\"https:\/\/senzatempo.org\/wp-content\/uploads\/2026\/01\/FraAlb_sky-1019x1024.webp\" alt=\"\" srcset=\"https:\/\/senzatempo.org\/wp-content\/uploads\/2026\/01\/FraAlb_sky-1019x1024.webp 1019w, https:\/\/senzatempo.org\/wp-content\/uploads\/2026\/01\/FraAlb_sky-300x300.webp 300w, https:\/\/senzatempo.org\/wp-content\/uploads\/2026\/01\/FraAlb_sky-150x150.webp 150w, https:\/\/senzatempo.org\/wp-content\/uploads\/2026\/01\/FraAlb_sky-768x771.webp 768w, https:\/\/senzatempo.org\/wp-content\/uploads\/2026\/01\/FraAlb_sky-200x200.webp 200w, https:\/\/senzatempo.org\/wp-content\/uploads\/2026\/01\/FraAlb_sky.webp 1322w\" sizes=\"auto, (max-width: 1019px) 100vw, 1019px\" \/><br><a href=\"https:\/\/tg24.sky.it\/mondo\/2025\/07\/11\/francesca-albanese-onu-sanzioni-usa\" target=\"_blank\" rel=\"noreferrer noopener\"><em><strong>Francesca&nbsp;Albanese: &#8216;Sanzioni Usa per intimidirmi&#8217;. Ue: &#8216;Rammarico&#8217;<\/strong><\/em><\/a><strong>&nbsp;<\/strong>&#8211; Sky TG24<\/td><td class=\"has-text-align-center\" data-align=\"center\"><img loading=\"lazy\" decoding=\"async\" width=\"1024\" height=\"918\" class=\"wp-image-1998\" src=\"https:\/\/senzatempo.org\/wp-content\/uploads\/2026\/01\/FraAlb_ilfatto-1024x918.webp\" alt=\"\" srcset=\"https:\/\/senzatempo.org\/wp-content\/uploads\/2026\/01\/FraAlb_ilfatto-1024x918.webp 1024w, https:\/\/senzatempo.org\/wp-content\/uploads\/2026\/01\/FraAlb_ilfatto-300x269.webp 300w, https:\/\/senzatempo.org\/wp-content\/uploads\/2026\/01\/FraAlb_ilfatto-768x688.webp 768w, https:\/\/senzatempo.org\/wp-content\/uploads\/2026\/01\/FraAlb_ilfatto.webp 1390w\" sizes=\"auto, (max-width: 1024px) 100vw, 1024px\" \/><br><a href=\"https:\/\/www.ilfattoquotidiano.it\/2025\/07\/11\/francesca-albanese-sanzioni-usa-ue-sostegno-notizie\/8058426\/\" target=\"_blank\" rel=\"noreferrer noopener\"><em><strong>UE difende&nbsp;Albanese&nbsp;dopo sanzioni USA, il governo italiano tace<\/strong><\/em><\/a><strong>&nbsp;&#8211;&nbsp;<\/strong>ilfattoquotidiano.it<\/td><\/tr><\/tbody><\/table><\/figure>\n\n\n<div class=\"wp-block-image\">\n<figure class=\"alignleft size-full is-resized\"><img loading=\"lazy\" decoding=\"async\" width=\"602\" height=\"607\" src=\"https:\/\/senzatempo.org\/wp-content\/uploads\/2026\/01\/FraAlb_Europaverde.webp\" alt=\"\" class=\"wp-image-2001\" style=\"aspect-ratio:0.9918016396720656;width:356px;height:auto\" srcset=\"https:\/\/senzatempo.org\/wp-content\/uploads\/2026\/01\/FraAlb_Europaverde.webp 602w, https:\/\/senzatempo.org\/wp-content\/uploads\/2026\/01\/FraAlb_Europaverde-298x300.webp 298w, https:\/\/senzatempo.org\/wp-content\/uploads\/2026\/01\/FraAlb_Europaverde-150x150.webp 150w\" sizes=\"auto, (max-width: 602px) 100vw, 602px\" \/><figcaption class=\"wp-element-caption\"><a href=\"https:\/\/europaverde.it\/2025\/07\/10\/albanese-nobel-2\/\"><em><strong>https:\/\/europaverde.it\/2025\/07\/10\/albanese-nobel-2\/<\/strong><\/em><\/a><\/figcaption><\/figure>\n<\/div>\n\n\n<p>Non si pu\u00f2 certo dire che i quotidiani italiani pi\u00f9 diffusi si siano sprecati per aiutare chi ha il coraggio di scrivere la verit\u00e0, capisco, se lo fate mettereste in crisi tutto quello che avete scritto su Israele fino ad oggi, non esiste che una donna qualsiasi, con pi\u00f9 palle di voi, sia in grado d&#8217;aprirvi gli occhi improvvisamente. Poi vorrei vedere come se la sinistra italiana (\u00e8 sua la raccolta firme attraverso l&#8217;UNITA&#8217; vedi sotto) si \u00e8 espressa in parlamento per la fornitura di armi ad Israele, comunque meglio tardi che mai.<\/p>\n\n\n\n<p><strong><a href=\"https:\/\/mettilafirma.it\/\" target=\"_blank\" rel=\"noreferrer noopener\">METTI LA FIRMA<\/a><\/strong><\/p>\n\n\n\n<p>Causa giusta, ho firmato, ma riterrei pi\u00f9 corretto separare le firme, una contro le sanzioni personali e l&#8217;altra per la candidatura al Nobel. Cos\u00ec com&#8217;\u00e8 impostato chi non \u00e8 d&#8217;accordo per il Nobel potrebbe non firmare. In ogni caso \u00e8 una firma che non costa nulla e direi che ce ne possiamo fregare del Nobel, quando sono le sanzioni il vero obiettivo da combattere.<\/p>\n\n\n\n<p>Vi voglio mostrare un&#8217;altro appello indicatomi in un commento, quello di <strong>Moni Ovadia<sup data-fn=\"b410b651-907d-4421-a121-c11b15304f82\" class=\"fn\"><a href=\"#b410b651-907d-4421-a121-c11b15304f82\" id=\"b410b651-907d-4421-a121-c11b15304f82-link\">13<\/a><\/sup><\/strong>, ascoltatelo:<\/p>\n\n\n<figure class=\"wp-block-embed-youtube wp-block-embed is-type-video is-provider-youtube wp-embed-aspect-16-9 wp-has-aspect-ratio\"><div class=\"lyte-wrapper fourthree\" title=\"Moni Ovadia\" style=\"width:480px;max-width:100%;margin:5px auto;\"><div class=\"lyMe hidef\" id=\"WYL_gYX7G39FUbU\" itemprop=\"video\" itemscope itemtype=\"https:\/\/schema.org\/VideoObject\"><div><meta itemprop=\"thumbnailUrl\" content=\"https:\/\/i.ytimg.com\/vi\/gYX7G39FUbU\/maxresdefault.jpg\" \/><meta itemprop=\"embedURL\" content=\"https:\/\/www.youtube.com\/embed\/gYX7G39FUbU\" \/><meta itemprop=\"duration\" content=\"PT3M2S\" \/><meta itemprop=\"uploadDate\" content=\"2025-07-13T11:29:57Z\" \/><\/div><div id=\"lyte_gYX7G39FUbU\" data-src=\"https:\/\/i.ytimg.com\/vi\/gYX7G39FUbU\/maxresdefault.jpg\" class=\"pL\"><div class=\"tC\"><div class=\"tT\" itemprop=\"name\">Moni Ovadia<\/div><\/div><div class=\"play\"><\/div><div class=\"ctrl\"><div class=\"Lctrl\"><\/div><div class=\"Rctrl\"><\/div><\/div><\/div><noscript><a href=\"https:\/\/youtu.be\/gYX7G39FUbU\" rel=\"nofollow\"><img loading=\"lazy\" decoding=\"async\" src=\"https:\/\/i.ytimg.com\/vi\/gYX7G39FUbU\/0.jpg\" alt=\"Moni Ovadia\" width=\"480\" height=\"340\" \/><br \/>Guarda questo video su YouTube<\/a><\/noscript><meta itemprop=\"description\" content=\"Moni Ovadia\"><\/div><\/div><div class=\"lL\" style=\"max-width:100%;width:480px;margin:5px auto;\"><\/div><figcaption><em><strong>Moni Ovadia ci chiede di condividere questo suo <a href=\"https:\/\/www.youtube.com\/watch?v=gYX7G39FUbU\" target=\"_blank\" rel=\"noreferrer noopener\">video<\/a> a supporto di Francesca Albanese<\/strong><\/em><\/figcaption><\/figure>\n\n\n<p>Avete presente quando una maestra da un voto negativo ad un alunno e i genitori minacciano l&#8217;insegnante?<\/p>\n\n\n\n<p>Siamo arrivati agli stessi livelli, in questo modo la politica entrando a gamba tesa negli affari dell&#8217;ONU, come ha fatto con la&nbsp;Albanese&nbsp;(perch\u00e9 per il resto \u00e8 fin troppo politicizzata), ha definitivamente infranto l&#8217;ultimo strato di credibilit\u00e0 dell&#8217;occidente agli occhi del resto del mondo. Prevedo che non mancheranno le figuracce diplomatiche, anzi aumenteranno parecchio, purtroppo convinceranno lo &#8220;sceriffo&#8221; che c&#8217;\u00e8 proprio qualcuno che ce l&#8217;ha con lui [noi] e che \u00e8 giusto e doveroso armarsi. Questo accade quando ci si rivolge ad altri paesi cercando d&#8217;imporre il proprio punto di vista e senza fermarsi ad ascoltare storia e ragioni dell&#8217;interlocutore per trovare una soluzione che soddisfi entrambi.<\/p>\n\n\n\n<p>Per quello che \u00e8 capitato alla Dott.ssa&nbsp;Francesca&nbsp;Albanese, non ci sarebbe nemmeno da sorprendersi pi\u00f9 di tanto visto quello che le IDF sono riuscite a fare recentemente, per non parlare che all&#8217;interno del governo israeliano pi\u00f9 volte \u00e8 stato invocato l&#8217;uso dell&#8217;atomica su Gaza.<\/p>\n\n\n\n<h5 id=\"coraggio-dott-ssa-francesca-albanese\" class=\"wp-block-heading\"><strong>Coraggio Dott.ssa&nbsp;<\/strong><strong>Francesca<\/strong><strong>&nbsp;<\/strong><strong>Albanese<\/strong><strong>!<\/strong><\/h5>\n\n\n<ol class=\"wp-block-footnotes\"><li id=\"262e0f03-74de-4848-98a4-2e6f89ec978d\"><a href=\"https:\/\/it.wikipedia.org\/wiki\/Francesca_Albanese\">https:\/\/it.wikipedia.org\/wiki\/Francesca_Albanese<\/a> <a href=\"#262e0f03-74de-4848-98a4-2e6f89ec978d-link\" aria-label=\"Salta al riferimento nella nota a pi\u00e8 di pagina 1\">\u21a9\ufe0e<\/a><\/li><li id=\"d24eeb29-a8ac-41c0-84b8-8f8d33a39e53\"><a href=\"https:\/\/www.un.org\/en\/\">https:\/\/www.un.org\/en\/<\/a> <a href=\"#d24eeb29-a8ac-41c0-84b8-8f8d33a39e53-link\" aria-label=\"Salta al riferimento nella nota a pi\u00e8 di pagina 2\">\u21a9\ufe0e<\/a><\/li><li id=\"ec6461af-d93e-46e3-9f4d-995d5446f4c7\"><a href=\"https:\/\/www.ohchr.org\/en\/special-procedures\/sr-palestine\">https:\/\/www.ohchr.org\/en\/special-procedures\/sr-palestine<\/a> <a href=\"#ec6461af-d93e-46e3-9f4d-995d5446f4c7-link\" aria-label=\"Salta al riferimento nella nota a pi\u00e8 di pagina 3\">\u21a9\ufe0e<\/a><\/li><li id=\"a1f402e4-d799-4d14-b1ed-23d19b45fa95\"><a href=\"https:\/\/www.ohchr.org\/en\/special-procedures\/sr-palestine\/francesca-albanese-special-rapporteur-situation-human-rights-palestinian-territory-occupied-1967\">https:\/\/www.ohchr.org\/en\/special-procedures\/sr-palestine\/francesca-albanese-special-rapporteur-situation-human-rights-palestinian-territory-occupied-1967<\/a> <a href=\"#a1f402e4-d799-4d14-b1ed-23d19b45fa95-link\" aria-label=\"Salta al riferimento nella nota a pi\u00e8 di pagina 4\">\u21a9\ufe0e<\/a><\/li><li id=\"ccbf03de-81c8-4212-acd9-ba1c9dd4e723\"><a href=\"https:\/\/it.wikipedia.org\/wiki\/Organizzazione_delle_Nazioni_Unite\">https:\/\/it.wikipedia.org\/wiki\/Organizzazione_delle_Nazioni_Unite<\/a> <a href=\"#ccbf03de-81c8-4212-acd9-ba1c9dd4e723-link\" aria-label=\"Salta al riferimento nella nota a pi\u00e8 di pagina 5\">\u21a9\ufe0e<\/a><\/li><li id=\"52c47623-60a1-4c91-8afa-b15c5ad0b7fd\"><a href=\"https:\/\/www.youtube.com\/watch?v=0qb74aSjazs\">https:\/\/www.youtube.com\/watch?v=0qb74aSjazs<\/a> <a href=\"#52c47623-60a1-4c91-8afa-b15c5ad0b7fd-link\" aria-label=\"Salta al riferimento nella nota a pi\u00e8 di pagina 6\">\u21a9\ufe0e<\/a><\/li><li id=\"22b9c676-e2a9-4de7-a928-93d7ac805178\"><a href=\"https:\/\/it.wikipedia.org\/wiki\/Massimo_Mazzucco\">https:\/\/it.wikipedia.org\/wiki\/Massimo_Mazzucco<\/a> <a href=\"#22b9c676-e2a9-4de7-a928-93d7ac805178-link\" aria-label=\"Salta al riferimento nella nota a pi\u00e8 di pagina 7\">\u21a9\ufe0e<\/a><\/li><li id=\"48734ca2-973d-4b3c-8e3b-0483750164b8\"><a href=\"https:\/\/www.un.org\/unispal\/document\/a-hrc-59-23-from-economy-of-occupation-to-economy-of-genocide-report-special-rapporteur-francesca-albanese-palestine-2025\/\">https:\/\/www.un.org\/unispal\/document\/a-hrc-59-23-from-economy-of-occupation-to-economy-of-genocide-report-special-rapporteur-francesca-albanese-palestine-2025\/<\/a> <a href=\"#48734ca2-973d-4b3c-8e3b-0483750164b8-link\" aria-label=\"Salta al riferimento nella nota a pi\u00e8 di pagina 8\">\u21a9\ufe0e<\/a><\/li><li id=\"d64c1db5-4425-4e6f-b0d0-44a51d4a9bb0\"><a href=\"https:\/\/en.wikipedia.org\/wiki\/Danny_Danon\">https:\/\/en.wikipedia.org\/wiki\/Danny_Danon<\/a> <a href=\"#d64c1db5-4425-4e6f-b0d0-44a51d4a9bb0-link\" aria-label=\"Salta al riferimento nella nota a pi\u00e8 di pagina 9\">\u21a9\ufe0e<\/a><\/li><li id=\"fbb88e75-ac67-430a-9ece-f8f18582eb22\"><a href=\"https:\/\/en.wikipedia.org\/wiki\/Marco_Rubio\">https:\/\/en.wikipedia.org\/wiki\/Marco_Rubio<\/a> <a href=\"#fbb88e75-ac67-430a-9ece-f8f18582eb22-link\" aria-label=\"Salta al riferimento nella nota a pi\u00e8 di pagina 10\">\u21a9\ufe0e<\/a><\/li><li id=\"0e643e31-69da-4553-8dad-393a92878048\"><a href=\"https:\/\/www.gov.il\/en\/Departments\/news\/francesca-albenza\">https:\/\/www.gov.il\/en\/Departments\/news\/francesca-albenza<\/a> <a href=\"#0e643e31-69da-4553-8dad-393a92878048-link\" aria-label=\"Salta al riferimento nella nota a pi\u00e8 di pagina 11\">\u21a9\ufe0e<\/a><\/li><li id=\"355f6e9d-6352-4634-931a-7b8a411bda86\"><a href=\"https:\/\/www.gov.il\/en\/pages\/fact-sheet-the-un-secretary-general-s-decision-to-blacklist-the-idf-11-jun-2024\">https:\/\/www.gov.il\/en\/pages\/fact-sheet-the-un-secretary-general-s-decision-to-blacklist-the-idf-11-jun-2024<\/a> <a href=\"#355f6e9d-6352-4634-931a-7b8a411bda86-link\" aria-label=\"Salta al riferimento nella nota a pi\u00e8 di pagina 12\">\u21a9\ufe0e<\/a><\/li><li id=\"b410b651-907d-4421-a121-c11b15304f82\"><a href=\"https:\/\/en.wikipedia.org\/wiki\/Moni_Ovadia\">https:\/\/en.wikipedia.org\/wiki\/Moni_Ovadia<\/a> <a href=\"#b410b651-907d-4421-a121-c11b15304f82-link\" aria-label=\"Salta al riferimento nella nota a pi\u00e8 di pagina 13\">\u21a9\ufe0e<\/a><\/li><\/ol>\n\n\n<hr class=\"wp-block-separator has-text-color has-luminous-vivid-amber-color has-alpha-channel-opacity has-luminous-vivid-amber-background-color has-background\"\/>\n\n\n\n<div class=\"wp-block-comments\"><h2 id=\"comments\" class=\"wp-block-comments-title\"><span id=\"una-risposta-a-difendiamo-la-dott-ssa-francesca-albanese-relatrice-speciale-per-la-palestina\">Una risposta a &#8220;Difendiamo la Dott.ssa Francesca Albanese, &#8220;Relatrice Speciale&#8221; per la Palestina.&#8221;<\/span><\/h2>\n\n<ol class=\"wp-block-comment-template\"><li id=\"comment-202\" class=\"comment byuser comment-author-info_q6snx48n bypostauthor even thread-even depth-1\">\n\n<div class=\"wp-block-columns is-layout-flex wp-container-core-columns-is-layout-9d6595d7 wp-block-columns-is-layout-flex\">\n<div class=\"wp-block-column is-layout-flow wp-block-column-is-layout-flow\" style=\"flex-basis:40px\"><div class=\"wp-block-avatar\"><img alt='Avatar Lucien' src='https:\/\/secure.gravatar.com\/avatar\/d22be596fcdfacb727e79474ab777a2d20b30d604a5866e505afcd0b6594fbe1?s=40&#038;d=initials&#038;r=g&#038;initials=Lu' srcset='https:\/\/secure.gravatar.com\/avatar\/d22be596fcdfacb727e79474ab777a2d20b30d604a5866e505afcd0b6594fbe1?s=80&#038;d=initials&#038;r=g&#038;initials=Lu 2x' class='avatar avatar-40 photo wp-block-avatar__image' height='40' width='40'  style=\"border-radius:20px;\"\/><\/div><\/div>\n\n\n\n<div class=\"wp-block-column is-layout-flow wp-block-column-is-layout-flow\"><div class=\"wp-block-comment-author-name has-small-font-size\"><a rel=\"external nofollow ugc\" href=\"https:\/\/senzatempo.org\" target=\"_self\" >Lucien<\/a><\/div>\n\n\n<div class=\"wp-block-group is-layout-flex wp-block-group-is-layout-flex\" style=\"margin-top:0px;margin-bottom:0px\"><div class=\"wp-block-comment-date has-small-font-size\"><time datetime=\"2026-01-19T01:49:10+01:00\"><a href=\"https:\/\/senzatempo.org\/index.php\/2025\/07\/12\/1995\/difendiamo-la-dott-ssa-francesca-albanese-relatrice-speciale-per-la-palestina\/#comment-202\">19 Gennaio 2026<\/a><\/time><\/div>\n\n<\/div>\n\n\n<div class=\"wp-block-comment-content\"><p>Nadine Hani \u00b7 6 mesi<br \/>\nIl caso della dott.ssa Francesca Albanese dimostra una cosa: che nelle nostre traballanti democrazie basta una persona sola, preparata e coraggiosa, per scatenare il terrore nel Sistema.<\/p>\n<p>Il mondo lo cambiano solo i rompi scatole.<\/p>\n<p>Ecco perch\u00e9 vado ripetendo: studiate, e rompete le scatole, potete fare la differenza.<\/p>\n<p>Foto profilo per Diego B, Foto profilo per Maubru, Foto profilo per Samuele Iaria<br \/>\n&#8212;&#8212;&#8212;&#8212;&#8212;&#8212;&#8212;&#8212;&#8212;&#8212;&#8212;&#8212;-<br \/>\nLuciano Testi \u00b7 6 mesi<br \/>\nHai detto una grande verit\u00e0.<\/p>\n<p>Poi \u00e8 pure donna!<\/p>\n<p>Foto profilo per Maubru, Foto profilo per Samuele Iaria<br \/>\n&#8212;&#8212;&#8212;&#8212;&#8212;&#8212;&#8212;&#8212;&#8212;&#8212;&#8212;&#8212;-<br \/>\nBenazzi Giancarlo \u00b7 6 mesi<\/p>\n<p>Video di Moni Ovadia<\/p>\n<p>Foto profilo per Nadine Hani<br \/>\n&#8212;&#8212;&#8212;&#8212;&#8212;&#8212;&#8212;&#8212;&#8212;&#8212;&#8212;&#8212;-<br \/>\nGraziano Venturi \u00b7 6 mesi<br \/>\nBene, bene approfondire un po&#8217; di pi\u00f9, thread ben posto.<\/p>\n<p>Tanta amarezza per questi episodi ma pu\u00f2 sorgere qualcosa di buono. Passare parola.<\/p>\n<p>&#8212;&#8212;&#8212;&#8212;&#8212;&#8212;&#8212;&#8212;&#8212;&#8212;&#8212;&#8212;-<br \/>\nPetronela Frunza \u00b7 6 mesi<br \/>\nMA LEI DICE LA VERITA. LA SIGNORA MELONI E ALTRI CAPI LA DEVONO PROTEGGERE. SE NO LO AMMAZZANO GLI AMERICANOI O GLI ISRAELIANI. POVERINA.<\/p>\n<p>&#8212;&#8212;&#8212;&#8212;&#8212;&#8212;&#8212;&#8212;&#8212;&#8212;&#8212;&#8212;-<br \/>\nAngelo Beltramini \u00b7 6 mesi<br \/>\nEcco una donna preparata, capace, e coraggiosa. Ce ne voirebbero a bizzeffe per risollevare le sorti questo povero Paese.<\/p>\n<p>&#8212;&#8212;&#8212;&#8212;&#8212;&#8212;&#8212;&#8212;&#8212;&#8212;&#8212;&#8212;-<br \/>\nLuca Acerbis \u00b7 6 mesi<br \/>\nPura e semplice antisemita ebraica,per questo piace alla sinistra.<\/p>\n<p>&#8212;&#8212;&#8212;&#8212;&#8212;&#8212;&#8212;&#8212;&#8212;&#8212;&#8212;&#8212;-<br \/>\nGraziano Venturi \u00b7 6 mesi<br \/>\nFatela finita con queste assurdit\u00e0!<\/p>\n<p>E&#8217; stata costantemente supportata commemorata ed anche pianto sulla persecuzione contro gli ebrei fin dagli albori di quella persecuzione.<\/p>\n<p>Sono sulla 50 ina e in tutta la mia esistenza non ho mai mancato in quella memoria.<\/p>\n<p>ho letto tutto quello che potevo, documentandomi.<\/p>\n<p>Levi \u00e8 una delle personalit\u00e0 che ricordi con estremo rispetto e sul diario dia Anna Frank ci abbiamo pianto tutti da ragazzini! Non esagero e non \u00e8 buonismo retorico!<\/p>\n<p>Ho partecipato a memoriali e giornate dedicate.<\/p>\n<p>Non ci azzecca nulla il discrimine per partito preso, fatela finita!<\/p>\n<p>E cercate di comprendere cosa stia facendo Francesca e quanto sia importante esserle vicino! Basta con questa litania sull&#8217;antisemitismo, tra un po&#8217; so manco cosa significhi tanto mi \u00e8 distante!<\/p>\n<p>Israele sta commettendo un genocidio, punto! Va capito questo! Sentito!<\/p>\n<p>Non \u00e8 difesa \u00e8 massacro va bene? Massacro di vite!<\/p>\n<p>&#8212;&#8212;&#8212;&#8212;&#8212;&#8212;&#8212;&#8212;&#8212;&#8212;&#8212;&#8212;-<br \/>\nLuca Acerbis \u00b7 6 mesi<br \/>\nCompagno,i turchi fanno lo stesso in Siria massacrando i curdi da ormai decenni,senti la compagna Francesca o qualche altro comunista parlare della vicenda??!appena c&#8217;\u00e8 di mezzo Israele casca il mondo.tanto l hanno capito tutti che la questione palestinese e solamente una valvola di sfogo di voi antisemiti.<\/p>\n<\/div>\n\n<div class=\"wp-block-comment-reply-link has-small-font-size\"><a rel=\"nofollow\" class=\"comment-reply-login\" href=\"https:\/\/senzatempo.org\/wp-login.php?redirect_to=https%3A%2F%2Fsenzatempo.org%2Findex.php%2F2025%2F07%2F12%2F1995%2Fdifendiamo-la-dott-ssa-francesca-albanese-relatrice-speciale-per-la-palestina%2F\">Accedi per rispondere<\/a><\/div><\/div>\n<\/div>\n\n<\/li><\/ol>\n\n\n\n\t<div id=\"respond\" class=\"comment-respond wp-block-post-comments-form\">\n\t\t<h3 id=\"reply-title\" class=\"comment-reply-title\"><span id=\"lascia-un-commento-annulla-risposta\">Lascia un commento <small><a rel=\"nofollow\" id=\"cancel-comment-reply-link\" href=\"\/index.php\/wp-json\/wp\/v2\/posts\/1995#respond\" style=\"display:none;\">Annulla risposta<\/a><\/small><\/span><\/h3><p class=\"must-log-in\">Devi essere <a href=\"https:\/\/senzatempo.org\/wp-login.php?redirect_to=https%3A%2F%2Fsenzatempo.org%2Findex.php%2F2025%2F07%2F12%2F1995%2Fdifendiamo-la-dott-ssa-francesca-albanese-relatrice-speciale-per-la-palestina%2F\">connesso<\/a> per inviare un commento.<\/p>\t<\/div><!-- #respond -->\n\t<\/div>\n\n\n\n<p><\/p>\n","protected":false},"excerpt":{"rendered":"Francesca Albanese \u00e8 titolare del mandato come &#8220;Relatore speciale sulla situazione dei diritti umani nei territori palestinesi occupati dal 1967&#8221;\n","protected":false},"author":1,"featured_media":1996,"comment_status":"open","ping_status":"open","sticky":false,"template":"","format":"standard","meta":{"_monsterinsights_skip_tracking":false,"_monsterinsights_sitenote_active":false,"_monsterinsights_sitenote_note":"","_monsterinsights_sitenote_category":0,"footnotes":"[{\"content\":\"<a href=\\\"https:\/\/it.wikipedia.org\/wiki\/Francesca_Albanese\\\">https:\/\/it.wikipedia.org\/wiki\/Francesca_Albanese<\/a>\",\"id\":\"262e0f03-74de-4848-98a4-2e6f89ec978d\"},{\"content\":\"<a href=\\\"https:\/\/www.un.org\/en\/\\\">https:\/\/www.un.org\/en\/<\/a>\",\"id\":\"d24eeb29-a8ac-41c0-84b8-8f8d33a39e53\"},{\"content\":\"<a href=\\\"https:\/\/www.ohchr.org\/en\/special-procedures\/sr-palestine\\\">https:\/\/www.ohchr.org\/en\/special-procedures\/sr-palestine<\/a>\",\"id\":\"ec6461af-d93e-46e3-9f4d-995d5446f4c7\"},{\"content\":\"<a href=\\\"https:\/\/www.ohchr.org\/en\/special-procedures\/sr-palestine\/francesca-albanese-special-rapporteur-situation-human-rights-palestinian-territory-occupied-1967\\\">https:\/\/www.ohchr.org\/en\/special-procedures\/sr-palestine\/francesca-albanese-special-rapporteur-situation-human-rights-palestinian-territory-occupied-1967<\/a>\",\"id\":\"a1f402e4-d799-4d14-b1ed-23d19b45fa95\"},{\"content\":\"<a href=\\\"https:\/\/it.wikipedia.org\/wiki\/Organizzazione_delle_Nazioni_Unite\\\">https:\/\/it.wikipedia.org\/wiki\/Organizzazione_delle_Nazioni_Unite<\/a>\",\"id\":\"ccbf03de-81c8-4212-acd9-ba1c9dd4e723\"},{\"content\":\"<a href=\\\"https:\/\/www.youtube.com\/watch?v=0qb74aSjazs\\\">https:\/\/www.youtube.com\/watch?v=0qb74aSjazs<\/a>\",\"id\":\"52c47623-60a1-4c91-8afa-b15c5ad0b7fd\"},{\"content\":\"<a href=\\\"https:\/\/it.wikipedia.org\/wiki\/Massimo_Mazzucco\\\">https:\/\/it.wikipedia.org\/wiki\/Massimo_Mazzucco<\/a>\",\"id\":\"22b9c676-e2a9-4de7-a928-93d7ac805178\"},{\"content\":\"<a href=\\\"https:\/\/www.un.org\/unispal\/document\/a-hrc-59-23-from-economy-of-occupation-to-economy-of-genocide-report-special-rapporteur-francesca-albanese-palestine-2025\/\\\">https:\/\/www.un.org\/unispal\/document\/a-hrc-59-23-from-economy-of-occupation-to-economy-of-genocide-report-special-rapporteur-francesca-albanese-palestine-2025\/<\/a>\",\"id\":\"48734ca2-973d-4b3c-8e3b-0483750164b8\"},{\"content\":\"<a href=\\\"https:\/\/en.wikipedia.org\/wiki\/Danny_Danon\\\">https:\/\/en.wikipedia.org\/wiki\/Danny_Danon<\/a>\",\"id\":\"d64c1db5-4425-4e6f-b0d0-44a51d4a9bb0\"},{\"content\":\"<a href=\\\"https:\/\/en.wikipedia.org\/wiki\/Marco_Rubio\\\">https:\/\/en.wikipedia.org\/wiki\/Marco_Rubio<\/a>\",\"id\":\"fbb88e75-ac67-430a-9ece-f8f18582eb22\"},{\"content\":\"<a href=\\\"https:\/\/www.gov.il\/en\/Departments\/news\/francesca-albenza\\\">https:\/\/www.gov.il\/en\/Departments\/news\/francesca-albenza<\/a>\",\"id\":\"0e643e31-69da-4553-8dad-393a92878048\"},{\"content\":\"<a href=\\\"https:\/\/www.gov.il\/en\/pages\/fact-sheet-the-un-secretary-general-s-decision-to-blacklist-the-idf-11-jun-2024\\\">https:\/\/www.gov.il\/en\/pages\/fact-sheet-the-un-secretary-general-s-decision-to-blacklist-the-idf-11-jun-2024<\/a>\",\"id\":\"355f6e9d-6352-4634-931a-7b8a411bda86\"},{\"content\":\"<a href=\\\"https:\/\/en.wikipedia.org\/wiki\/Moni_Ovadia\\\">https:\/\/en.wikipedia.org\/wiki\/Moni_Ovadia<\/a>\",\"id\":\"b410b651-907d-4421-a121-c11b15304f82\"}]"},"categories":[645],"tags":[1577,708,1578,1579,1511,582,1580,709,97],"class_list":{"0":"post-1995","1":"post","2":"type-post","3":"status-publish","4":"format-standard","5":"has-post-thumbnail","7":"category-politica","8":"tag-francesca-albanese","9":"tag-israele","10":"tag-marco-rubio","11":"tag-moni-ovadia","12":"tag-netanyahu","13":"tag-nobel-per-la-pace","14":"tag-onu","15":"tag-palestina","16":"tag-trump"},"_links":{"self":[{"href":"https:\/\/senzatempo.org\/index.php\/wp-json\/wp\/v2\/posts\/1995","targetHints":{"allow":["GET"]}}],"collection":[{"href":"https:\/\/senzatempo.org\/index.php\/wp-json\/wp\/v2\/posts"}],"about":[{"href":"https:\/\/senzatempo.org\/index.php\/wp-json\/wp\/v2\/types\/post"}],"author":[{"embeddable":true,"href":"https:\/\/senzatempo.org\/index.php\/wp-json\/wp\/v2\/users\/1"}],"replies":[{"embeddable":true,"href":"https:\/\/senzatempo.org\/index.php\/wp-json\/wp\/v2\/comments?post=1995"}],"version-history":[{"count":2,"href":"https:\/\/senzatempo.org\/index.php\/wp-json\/wp\/v2\/posts\/1995\/revisions"}],"predecessor-version":[{"id":3027,"href":"https:\/\/senzatempo.org\/index.php\/wp-json\/wp\/v2\/posts\/1995\/revisions\/3027"}],"wp:featuredmedia":[{"embeddable":true,"href":"https:\/\/senzatempo.org\/index.php\/wp-json\/wp\/v2\/media\/1996"}],"wp:attachment":[{"href":"https:\/\/senzatempo.org\/index.php\/wp-json\/wp\/v2\/media?parent=1995"}],"wp:term":[{"taxonomy":"category","embeddable":true,"href":"https:\/\/senzatempo.org\/index.php\/wp-json\/wp\/v2\/categories?post=1995"},{"taxonomy":"post_tag","embeddable":true,"href":"https:\/\/senzatempo.org\/index.php\/wp-json\/wp\/v2\/tags?post=1995"}],"curies":[{"name":"wp","href":"https:\/\/api.w.org\/{rel}","templated":true}]}}