{"id":2003,"date":"2025-07-14T01:51:00","date_gmt":"2025-07-13T23:51:00","guid":{"rendered":"https:\/\/senzatempo.org\/?p=2003"},"modified":"2026-02-22T19:42:40","modified_gmt":"2026-02-22T18:42:40","slug":"francesca-albanese-confermata-allonu-fino-al-2028","status":"publish","type":"post","link":"https:\/\/senzatempo.org\/index.php\/2025\/07\/14\/2003\/francesca-albanese-confermata-allonu-fino-al-2028\/","title":{"rendered":"Francesca Albanese confermata all\u2019ONU fino al 2028."},"content":{"rendered":"<div class=\"wp-block-post-time-to-read\">1\u20132 minuti<\/div>\n\n\n<p>Questa non \u00e8 solo una vittoria di Francesca contro Trump e Netanyahu. \u00c8 molto di pi\u00f9.<\/p>\n\n\n\n<p>\u00c8 una vittoria della verit\u00e0 contro le menzogne,<\/p>\n\n\n\n<p>\u00c8 una vittoria della giustizia contro l\u2019arroganza del potere,<\/p>\n\n\n\n<p>\u00c8 una vittoria della civilt\u00e0 contro la barbarie,<\/p>\n\n\n\n<p>\u00c8 una vittoria della dignit\u00e0 umana contro ogni tentativo di umiliazione e sopraffazione.<\/p>\n\n\n\n<p>\u00c8 una vittoria di chi ha il coraggio di denunciare il genocidio in corso a Gaza, la pulizia etnica, la punizione collettiva, e l\u2019occupazione sistematica e illegale dei territori palestinesi.<\/p>\n\n\n\n<p>\u00c8 il segno che, nonostante tutto, il mondo non ha smesso di ascoltare le voci libere, le coscienze coraggiose, le persone che non si piegano al ricatto, all\u2019intimidazione, alla menzogna organizzata.<\/p>\n\n\n\n<p>Francesca Albanese resta all\u2019ONU.<\/p>\n\n\n\n<p>Con lei restano la speranza, la verit\u00e0 pronunciata con fermezza, la voce di chi difende i diritti umani anche quando farlo significa rischiare tutto.<\/p>\n\n\n\n<p>E noi, oggi, vinciamo con lei.<\/p>\n\n\n\n<p>di Lorenzo Poli @sadefenza<br>14 Luglio 2025<\/p>\n\n\n\n<p style=\"font-size:14px\"><strong>P.S.<\/strong><br><em>(Il post su QUORA ebbe 237 voti e 5 condivisioni)<\/em><\/p>\n\n\n\n<div class=\"wp-block-comments\"><h2 id=\"comments\" class=\"wp-block-comments-title\"><span id=\"una-risposta-a-francesca-albanese-confermata-allonu-fino-al-2028\">Una risposta a &#8220;Francesca Albanese confermata all\u2019ONU fino al 2028.&#8221;<\/span><\/h2>\n\n<ol class=\"wp-block-comment-template\"><li id=\"comment-203\" class=\"comment byuser comment-author-info_q6snx48n bypostauthor even thread-even depth-1\">\n\n<div class=\"wp-block-columns is-layout-flex wp-container-core-columns-is-layout-9d6595d7 wp-block-columns-is-layout-flex\">\n<div class=\"wp-block-column is-layout-flow wp-block-column-is-layout-flow\" style=\"flex-basis:40px\"><div class=\"wp-block-avatar\"><img alt='Avatar Lucien' src='https:\/\/secure.gravatar.com\/avatar\/d22be596fcdfacb727e79474ab777a2d20b30d604a5866e505afcd0b6594fbe1?s=40&#038;d=initials&#038;r=g&#038;initials=Lu' srcset='https:\/\/secure.gravatar.com\/avatar\/d22be596fcdfacb727e79474ab777a2d20b30d604a5866e505afcd0b6594fbe1?s=80&#038;d=initials&#038;r=g&#038;initials=Lu 2x' class='avatar avatar-40 photo wp-block-avatar__image' height='40' width='40'  style=\"border-radius:20px;\"\/><\/div><\/div>\n\n\n\n<div class=\"wp-block-column is-layout-flow wp-block-column-is-layout-flow\"><div class=\"wp-block-comment-author-name has-small-font-size\"><a rel=\"external nofollow ugc\" href=\"https:\/\/senzatempo.org\" target=\"_self\" >Lucien<\/a><\/div>\n\n\n<div class=\"wp-block-group is-layout-flex wp-block-group-is-layout-flex\" style=\"margin-top:0px;margin-bottom:0px\"><div class=\"wp-block-comment-date has-small-font-size\"><time datetime=\"2026-01-19T02:06:18+01:00\"><a href=\"https:\/\/senzatempo.org\/index.php\/2025\/07\/14\/2003\/francesca-albanese-confermata-allonu-fino-al-2028\/#comment-203\">19 Gennaio 2026<\/a><\/time><\/div>\n\n<\/div>\n\n\n<div class=\"wp-block-comment-content\"><p>Avevo ricevuto 30 commenti, tutti positivi, vi riporto i primi:<\/p>\n<p>&#8212;&#8212;&#8212;&#8212;&#8212;&#8212;&#8212;&#8212;&#8212;&#8212;&#8212;&#8212;&#8211;<br \/>\nClaudio Mazzanti \u00b7 6 mesi<br \/>\nUna bellissima notizia, la prima &#8211; LA PRIMA ! &#8211; da parecchio tempo a questa parte\u2026<\/p>\n<p>E una ulteriore conferma che gli Stati Uniti &#8211; senza poterci fare nulla che non stiano gi\u00e0 facendo &#8211; stanno lentamente ma inesorabilmente perdendo la loro presa sul resto del Pianeta.<\/p>\n<p>&#8212;&#8212;&#8212;&#8212;&#8212;&#8212;&#8212;&#8212;&#8212;&#8212;&#8212;&#8212;&#8211;<br \/>\nLuca Acerbis \u00b7 6 mesi<br \/>\nIl trionfo dell antisemitismo ebraico di sinistra.<\/p>\n<p>&#8212;&#8212;&#8212;&#8212;&#8212;&#8212;&#8212;&#8212;&#8212;&#8212;&#8212;&#8212;&#8211;<br \/>\nCinesina Castana<br \/>\n \u00b7 6 mesi<br \/>\nGrande \ud83d\udc4f\ud83d\udc4f\ud83d\udc4f\ud83d\udc4f\ud83d\udc4f\ud83d\udc4f\ud83d\udc4f\ud83d\udc4f\ud83d\udc4f\ud83d\udc4f\u2764\ufe0fDobbiamo essere orgogliosi\u2026 Bisogna alzare la voce, Premio Nobel, per Albanese\u2026per i diritti civili umani di tutti, anche di chi \u00e8 in Europa, e viene sfruttato da buste paghe , da fame , legalizzato dallo stato\u2026. \u2665\ufe0f<\/p>\n<p>&#8212;&#8212;&#8212;&#8212;&#8212;&#8212;&#8212;&#8212;&#8212;&#8212;&#8212;&#8212;&#8211;<br \/>\nAmerico Furlan<br \/>\n \u00b7 14 ott<br \/>\nNoi in Italia mandiamo e premiamo Albanese &#8211; Salis -cicciolina e vari delinquenti , quelli che lavorano in silenzio , sono nullit\u00e0 solo da spremere x mantenere questi trasgressori della legge, vorrei sapere dove sono i giudici che tacciono sempre , ma se \u00e8 uno di destra trovano sempre il tempo x giudicare e condannare ,<\/p>\n<\/div>\n\n<div class=\"wp-block-comment-reply-link has-small-font-size\"><a rel=\"nofollow\" class=\"comment-reply-login\" href=\"https:\/\/senzatempo.org\/wp-login.php?redirect_to=https%3A%2F%2Fsenzatempo.org%2Findex.php%2F2025%2F07%2F14%2F2003%2Ffrancesca-albanese-confermata-allonu-fino-al-2028%2F\">Accedi per rispondere<\/a><\/div><\/div>\n<\/div>\n\n<\/li><\/ol>\n\n\n\n\t<div id=\"respond\" class=\"comment-respond wp-block-post-comments-form\">\n\t\t<h3 id=\"reply-title\" class=\"comment-reply-title\"><span id=\"lascia-un-commento-annulla-risposta\">Lascia un commento <small><a rel=\"nofollow\" id=\"cancel-comment-reply-link\" href=\"\/index.php\/wp-json\/wp\/v2\/posts\/2003#respond\" style=\"display:none;\">Annulla risposta<\/a><\/small><\/span><\/h3><p class=\"must-log-in\">Devi essere <a href=\"https:\/\/senzatempo.org\/wp-login.php?redirect_to=https%3A%2F%2Fsenzatempo.org%2Findex.php%2F2025%2F07%2F14%2F2003%2Ffrancesca-albanese-confermata-allonu-fino-al-2028%2F\">connesso<\/a> per inviare un commento.<\/p>\t<\/div><!-- #respond -->\n\t<\/div>\n","protected":false},"excerpt":{"rendered":"L&#8217;ONU in apparenza sopraffatto dai centri di potere, ha avuto un guizzo. Conferma l&#8217;incarico alla dott.ssa Francesca Albanese.\n","protected":false},"author":1,"featured_media":2004,"comment_status":"open","ping_status":"open","sticky":false,"template":"","format":"standard","meta":{"_monsterinsights_skip_tracking":false,"_monsterinsights_sitenote_active":false,"_monsterinsights_sitenote_note":"","_monsterinsights_sitenote_category":0,"footnotes":""},"categories":[645],"tags":[1577,582,1580],"class_list":{"0":"post-2003","1":"post","2":"type-post","3":"status-publish","4":"format-standard","5":"has-post-thumbnail","7":"category-politica","8":"tag-francesca-albanese","9":"tag-nobel-per-la-pace","10":"tag-onu"},"_links":{"self":[{"href":"https:\/\/senzatempo.org\/index.php\/wp-json\/wp\/v2\/posts\/2003","targetHints":{"allow":["GET"]}}],"collection":[{"href":"https:\/\/senzatempo.org\/index.php\/wp-json\/wp\/v2\/posts"}],"about":[{"href":"https:\/\/senzatempo.org\/index.php\/wp-json\/wp\/v2\/types\/post"}],"author":[{"embeddable":true,"href":"https:\/\/senzatempo.org\/index.php\/wp-json\/wp\/v2\/users\/1"}],"replies":[{"embeddable":true,"href":"https:\/\/senzatempo.org\/index.php\/wp-json\/wp\/v2\/comments?post=2003"}],"version-history":[{"count":1,"href":"https:\/\/senzatempo.org\/index.php\/wp-json\/wp\/v2\/posts\/2003\/revisions"}],"predecessor-version":[{"id":2005,"href":"https:\/\/senzatempo.org\/index.php\/wp-json\/wp\/v2\/posts\/2003\/revisions\/2005"}],"wp:featuredmedia":[{"embeddable":true,"href":"https:\/\/senzatempo.org\/index.php\/wp-json\/wp\/v2\/media\/2004"}],"wp:attachment":[{"href":"https:\/\/senzatempo.org\/index.php\/wp-json\/wp\/v2\/media?parent=2003"}],"wp:term":[{"taxonomy":"category","embeddable":true,"href":"https:\/\/senzatempo.org\/index.php\/wp-json\/wp\/v2\/categories?post=2003"},{"taxonomy":"post_tag","embeddable":true,"href":"https:\/\/senzatempo.org\/index.php\/wp-json\/wp\/v2\/tags?post=2003"}],"curies":[{"name":"wp","href":"https:\/\/api.w.org\/{rel}","templated":true}]}}