{"id":2031,"date":"2026-01-21T10:38:32","date_gmt":"2026-01-21T09:38:32","guid":{"rendered":"https:\/\/senzatempo.org\/?p=2031"},"modified":"2026-02-22T23:26:42","modified_gmt":"2026-02-22T22:26:42","slug":"alfred-nobel-si-rigira-nella-tomba-a-trump-serve-un-bravo-terapeuta","status":"publish","type":"post","link":"https:\/\/senzatempo.org\/index.php\/2026\/01\/21\/2031\/alfred-nobel-si-rigira-nella-tomba-a-trump-serve-un-bravo-terapeuta\/","title":{"rendered":"Alfred Nobel si rigira nella tomba. A Trump serve un bravo terapeuta."},"content":{"rendered":"<div class=\"wp-block-post-time-to-read\">2\u20134 minuti<\/div>\n\n\n<p>Da forme espressive al limite del parossismo, siamo entrati in una qualche forma di patologia mentale frenetica, incontrollabile e priva di consapevolezza delle conseguenze se si scatenano nell&#8217;espletamento del mandato di presidente.<\/p>\n\n\n\n<p>Stiamo parlando del presidente Donal Trump che di recente ha attirato su di se l&#8217;attenzione dei social per una frase poco felice e molto infantile, scritta in un documento ufficiale.<\/p>\n\n\n<div class=\"wp-block-image\">\n<figure class=\"aligncenter size-full\"><img loading=\"lazy\" decoding=\"async\" width=\"782\" height=\"900\" src=\"https:\/\/senzatempo.org\/wp-content\/uploads\/2026\/01\/photo_2026-01-21-02.01.22-1.jpeg\" alt=\"\" class=\"wp-image-2034\" srcset=\"https:\/\/senzatempo.org\/wp-content\/uploads\/2026\/01\/photo_2026-01-21-02.01.22-1.jpeg 782w, https:\/\/senzatempo.org\/wp-content\/uploads\/2026\/01\/photo_2026-01-21-02.01.22-1-261x300.jpeg 261w, https:\/\/senzatempo.org\/wp-content\/uploads\/2026\/01\/photo_2026-01-21-02.01.22-1-768x884.jpeg 768w\" sizes=\"auto, (max-width: 782px) 100vw, 782px\" \/><figcaption class=\"wp-element-caption\"><em><strong>Vedi traduzione (automatica) sotto.<\/strong><\/em><\/figcaption><\/figure>\n<\/div>\n\n\n<blockquote class=\"wp-block-quote is-layout-flow wp-block-quote-is-layout-flow\">\n<p style=\"font-size:17px;font-style:italic;font-weight:500\">Caro Jonas:<\/p>\n\n\n\n<p style=\"font-size:17px;font-style:italic;font-weight:500\">Considerando che il tuo Paese ha deciso di non darmi il Premio Nobel per la Pace per aver fermato 8 Guerre IN PI\u00d9, non mi sento pi\u00f9 obbligato a pensare esclusivamente alla Pace, sebbene sar\u00e0 sempre predominante, ma ora posso pensare a ci\u00f2 che \u00e8 giusto e appropriato per gli Stati Uniti d&#8217;America.<\/p>\n\n\n\n<p style=\"font-size:17px;font-style:italic;font-weight:500\">La Danimarca non pu\u00f2 proteggere quella terra dalla Russia o dalla Cina, e perch\u00e9 mai dovrebbero avere un &#8220;diritto di propriet\u00e0&#8221;? Non ci sono documenti scritti, solo che un&#8217;imbarcazione \u00e8 sbarcata l\u00ec centinaia di anni fa, ma anche noi abbiamo avuto imbarcazioni che sono sbarcate l\u00ec.<\/p>\n\n\n\n<p style=\"font-size:17px;font-style:italic;font-weight:500\">Ho fatto pi\u00f9 cose per la NATO di chiunque altro dalla sua fondazione, e ora la NATO dovrebbe fare qualcosa per gli Stati Uniti.<\/p>\n\n\n\n<p style=\"font-size:17px;font-style:italic;font-weight:500\">Il mondo non \u00e8 sicuro se non abbiamo il controllo completo e totale della Groenlandia.<\/p>\n\n\n\n<p style=\"font-size:17px;font-style:italic;font-weight:500\">Grazie!<\/p>\n\n\n\n<p style=\"font-size:17px;font-style:italic;font-weight:500\">Presidente DJT<\/p>\n<\/blockquote>\n\n\n\n<p>Chi si occupa di satira, spesso coglie l&#8217;aspetto ironico e tragico delle situazioni, e non trovo un esempio migliore di &#8220;<strong>Non mi dai la medaglia, allora io oggi mi mangio anche la tua merenda&#8221;.<\/strong><\/p>\n\n\n\n<p>Questi sono i livelli espressivi raggiunti e penso che non miglioreranno a breve, non c&#8217;entra nulla la cultura, il mestiere, la carica di presidente, no, \u00e8 la sua personalit\u00e0 che sta degenerando e mi sono permesso di chiedere a ChatGPT un giudizio sulla personalit\u00e0 che pu\u00f2 avere chi scrive una lettera simile.<\/p>\n\n\n\n<hr class=\"wp-block-separator has-alpha-channel-opacity\"\/>\n\n\n\n<p style=\"text-transform:uppercase\"><strong>Trump si comporta con gli affari internazionali come fossero personali e trattati con una psicologia infantile<\/strong><\/p>\n\n\n\n<ul class=\"wp-block-list\">\n<li>il <strong>Nobel per la Pace<\/strong> \u00e8 assimilabile al \u201cgiocattolo\u201d;<\/li>\n\n\n\n<li>la <strong>sovranit\u00e0 su un territorio<\/strong> (Greenland) \u00e8 assimilabile alla \u201cmerenda\u201d;<\/li>\n\n\n\n<li>il passaggio da cooperazione a minaccia implicita \u00e8 la <strong>ritorsione<\/strong>.<\/li>\n<\/ul>\n\n\n\n<p>Questa \u00e8 una <strong>logica transazionale punitiva<\/strong>, non cooperativa. <br><strong>In un adulto cognitivamente integro, e a maggior ragione in un capo di Stato, tale atteggiamento \u00e8 assimilabile a:<\/strong><\/p>\n\n\n\n<h6 id=\"a-pensiero-pre-convenzionale-regressivo\" class=\"wp-block-heading\">a) <strong>Pensiero pre-convenzionale regressivo<\/strong><\/h6>\n\n\n\n<ul class=\"wp-block-list\">\n<li>Le relazioni internazionali sono trattate come <strong>scambi personali di premi e punizioni<\/strong>.<\/li>\n\n\n\n<li>Mancanza di distinzione tra <strong>riconoscimento simbolico<\/strong> (Nobel) e <strong>diritto giuridico internazionale<\/strong>.<\/li>\n<\/ul>\n\n\n\n<h6 id=\"b-narcisismo-reattivo\" class=\"wp-block-heading\">b) <strong>Narcisismo reattivo<\/strong><\/h6>\n\n\n\n<ul class=\"wp-block-list\">\n<li>Il valore morale delle proprie azioni \u00e8 considerato <strong>auto-evidente<\/strong> e richiede riconoscimento.<\/li>\n\n\n\n<li>Il mancato riconoscimento viene vissuto come <strong>offesa<\/strong>, non come dissenso legittimo.<\/li>\n<\/ul>\n\n\n\n<h6 id=\"c-ricatto-morale-e-geopolitico\" class=\"wp-block-heading\">c) <strong>Ricatto morale e geopolitico<\/strong><\/h6>\n\n\n\n<ul class=\"wp-block-list\">\n<li>\u201cHo fatto X per voi, quindi ora voi dovete fare Y per me.\u201d<\/li>\n\n\n\n<li>Trasformazione di alleanze multilaterali (NATO) in <strong>debiti personali<\/strong>.<\/li>\n<\/ul>\n\n\n\n<h6 id=\"senza-fare-diagnosi-cliniche-che-non-sarebbero-appropriate-il-comportamento-e-assimilabile-a\" class=\"wp-block-heading\">Senza fare diagnosi cliniche (che non sarebbero appropriate), il comportamento \u00e8 assimilabile a:<\/h6>\n\n\n\n<ul class=\"wp-block-list\">\n<li><strong>Logica infantile di rivalsa<\/strong>, se valutata sul piano cognitivo;<\/li>\n\n\n\n<li><strong>Comportamento ricattatorio<\/strong>, se valutato sul piano etico-politico;<\/li>\n\n\n\n<li><strong>Uso strumentale della minaccia<\/strong>, se valutato sul piano strategico.<\/li>\n<\/ul>\n\n\n\n<p>In nessun caso \u00e8 assimilabile a: diplomazia razionale, diritto internazionale, leadership cooperativa.<\/p>\n\n\n\n<h6 id=\"latteggiamento-espresso-nella-lettera-e\" class=\"wp-block-heading\">L\u2019atteggiamento espresso nella lettera \u00e8:<\/h6>\n\n\n\n<ul class=\"wp-block-list\">\n<li><strong>strutturalmente infantile nella logica<\/strong>,<\/li>\n\n\n\n<li><strong>adulto e pericoloso nelle conseguenze<\/strong>,<\/li>\n\n\n\n<li><strong>incompatibile con una leadership istituzionale matura<\/strong>.<\/li>\n<\/ul>\n\n\n\n<p>\u00c8, in sostanza, la stessa frase della \u201cmerenda\u201d, <strong>pronunciata da qualcuno che pu\u00f2 davvero togliere la merenda agli altri.<\/strong><\/p>\n\n\n\n<hr class=\"wp-block-separator has-alpha-channel-opacity\"\/>\n\n\n\n<p><strong>Di fronte ad un soggetto simile ci sono due soluzioni, o puoi ignorarlo senza conseguenze, o devi dargli ogni volta il &#8220;contentino&#8221;, quindi tenere sempre pronto l&#8217;osso del cane in tasca.<\/strong><\/p>\n\n\n\n<p><\/p>\n","protected":false},"excerpt":{"rendered":"Trump: se non mi dai la medaglia, prendo il tuo panino. Tradotto significa: &#8220;Se non mi dai il Nobel prendo la Groenlandia&#8221;\n","protected":false},"author":1,"featured_media":2033,"comment_status":"open","ping_status":"open","sticky":false,"template":"","format":"standard","meta":{"_monsterinsights_skip_tracking":false,"_monsterinsights_sitenote_active":false,"_monsterinsights_sitenote_note":"","_monsterinsights_sitenote_category":0,"footnotes":""},"categories":[1001],"tags":[379,1593,1917,1594,1294,1295,5,110,97],"class_list":{"0":"post-2031","1":"post","2":"type-post","3":"status-publish","4":"format-standard","5":"has-post-thumbnail","7":"category-americhe","8":"tag-danimarca","9":"tag-infantile","10":"tag-lettera","11":"tag-narcisismo","12":"tag-nobel","13":"tag-premio-nobel","14":"tag-salute","15":"tag-satira","16":"tag-trump"},"_links":{"self":[{"href":"https:\/\/senzatempo.org\/index.php\/wp-json\/wp\/v2\/posts\/2031","targetHints":{"allow":["GET"]}}],"collection":[{"href":"https:\/\/senzatempo.org\/index.php\/wp-json\/wp\/v2\/posts"}],"about":[{"href":"https:\/\/senzatempo.org\/index.php\/wp-json\/wp\/v2\/types\/post"}],"author":[{"embeddable":true,"href":"https:\/\/senzatempo.org\/index.php\/wp-json\/wp\/v2\/users\/1"}],"replies":[{"embeddable":true,"href":"https:\/\/senzatempo.org\/index.php\/wp-json\/wp\/v2\/comments?post=2031"}],"version-history":[{"count":1,"href":"https:\/\/senzatempo.org\/index.php\/wp-json\/wp\/v2\/posts\/2031\/revisions"}],"predecessor-version":[{"id":2035,"href":"https:\/\/senzatempo.org\/index.php\/wp-json\/wp\/v2\/posts\/2031\/revisions\/2035"}],"wp:featuredmedia":[{"embeddable":true,"href":"https:\/\/senzatempo.org\/index.php\/wp-json\/wp\/v2\/media\/2033"}],"wp:attachment":[{"href":"https:\/\/senzatempo.org\/index.php\/wp-json\/wp\/v2\/media?parent=2031"}],"wp:term":[{"taxonomy":"category","embeddable":true,"href":"https:\/\/senzatempo.org\/index.php\/wp-json\/wp\/v2\/categories?post=2031"},{"taxonomy":"post_tag","embeddable":true,"href":"https:\/\/senzatempo.org\/index.php\/wp-json\/wp\/v2\/tags?post=2031"}],"curies":[{"name":"wp","href":"https:\/\/api.w.org\/{rel}","templated":true}]}}