{"id":2079,"date":"2026-01-24T17:54:24","date_gmt":"2026-01-24T16:54:24","guid":{"rendered":"https:\/\/senzatempo.org\/?p=2079"},"modified":"2026-02-22T19:31:11","modified_gmt":"2026-02-22T18:31:11","slug":"sono-bastate-due-frasi-per-rompere-rapporti-diplomatici-storici-con-la-russia","status":"publish","type":"post","link":"https:\/\/senzatempo.org\/index.php\/2026\/01\/24\/2079\/sono-bastate-due-frasi-per-rompere-rapporti-diplomatici-storici-con-la-russia\/","title":{"rendered":"Sono bastate due frasi per rompere rapporti diplomatici storici con la Russia."},"content":{"rendered":"<div class=\"wp-block-post-time-to-read\">10\u201315 minuti<\/div>\n\n\n<p class=\"has-medium-font-size\"><strong>Italiani addestrati a odiare chi non la pensa come te<\/strong><\/p>\n\n\n\n<p>Fino a ieri, in alcuni ambienti, se affermavi che fosse necessario riaprire il dialogo con Mosca venivi accusato di essere <em>putiniano<\/em>, spesso accompagnando l\u2019accusa con il dito indice puntato, magari agitato. Avevi commesso una grave imprudenza e, a seconda della tua posizione sociale, potevi persino rischiare di essere oggetto di attacchi mediatici. Per non parlare del caso in cui fossi un cittadino russo che lavora in Italia.<\/p>\n\n\n\n<p>In Italia, all\u2019indomani dell\u2019avvio dell\u2019\u201cOperazione Speciale\u201d, l\u2019allora presidente del Consiglio Mario Draghi e il suo ministro degli Esteri Luigi Di Maio diedero avvio a una fase di aperta ostilit\u00e0 diplomatica nei confronti della Russia, utilizzando appellativi particolarmente duri contro Putin. L\u2019espressione \u201costilit\u00e0 diplomatica\u201d pu\u00f2 sembrare un ossimoro, ma descrive esattamente ci\u00f2 che avvenne: Di Maio arriv\u00f2 a subordinare la riduzione della tensione in Ucraina alla ripresa delle relazioni diplomatiche con la Russia.<\/p>\n\n\n\n<p>La diplomazia, in presenza di un forte rischio di escalation verbale o di conflitto, dovrebbe lavorare in modo incessante per individuare una via pacifica alla risoluzione delle tensioni. Ma se interrompi i rapporti con la Russia e, allo stesso tempo, affermi pubblicamente che sono stati compiuti tutti gli sforzi diplomatici possibili per prevenire la \u201ccrisi\u201d, stai sostenendo qualcosa di falso. Cos\u00ec facendo dimostri, nei fatti, di voler essere certo che il conflitto appena iniziato prosegua, soprattutto se accompagni il tutto con offese dirette al leader della controparte.<\/p>\n\n\n\n<p><strong>Italia-Russia time line parziale:<\/strong><\/p>\n\n\n\n<figure class=\"wp-block-table is-style-stripes\"><table><thead><tr><th>Data o Periodo<\/th><th>AZIONE o EVENTO<\/th><th>DESCRIZIONE SINTETICA<\/th><th>FONTE<\/th><\/tr><\/thead><tbody><tr><td>25 febbraio 2022<\/td><td>Espulsione diplomatici<\/td><td>Italia espelle 2 diplomatici russi.<\/td><td><a href=\"https:\/\/www.esteri.it\/mae\/it\/sala_stampa\/archivionotizie\/comunicati\/2022\/03\/italia-espelle-diplomatici-russi.html\" target=\"_blank\" rel=\"noreferrer noopener\">Ministero Affari Esteri<\/a><\/td><\/tr><tr><td>28 febbraio 2022<\/td><td>Revoca onorificenze<\/td><td>Revocate alcune onorificenze a cittadini russi vicini al Cremlino.<\/td><td><a href=\"https:\/\/www.lacerbaonline.it\/attualita\/loloreto-aprutino-anche-di-maio-annuncia-il-ritiro-delle-onorificenze-ai-russi-maggioranza-e-opposizione-non-revocano-la-cittadinanza-a-razov-reto-aprutino-anche-di-maio-annuncia-il-ritiro-delle-ono\/\" target=\"_blank\" rel=\"noreferrer noopener\">lacerbaonline.it<\/a><\/td><\/tr><tr><td>28 Febbraio 2022<\/td><td>Invio armi secretato<\/td><td>Draghi con un DL mantiene secretate la lista di armi per l&#8217;Ucraina, criteri poi seguiti da altri paesi UE<\/td><td><a href=\"https:\/\/www.fanpage.it\/politica\/perche-il-governo-non-ci-dira-quante-armi-sta-mandando-allucraina-e-quando\/\" target=\"_blank\" rel=\"noreferrer noopener\">fanpage.it<\/a><\/td><\/tr><tr><td>1 marzo 2022<\/td><td>Dichiarazioni forti<\/td><td>Di Maio: \u201c<strong><em>Putin peggio di un animale<\/em><\/strong>\u201d; Draghi ribadisce condanna.<\/td><td><a href=\"https:\/\/www.fanpage.it\/politica\/russia-ucraina-di-maio-dice-che-putin-e-peggio-di-un-animale-meloni-lo-attacca-inopportuno\/\" target=\"_blank\" rel=\"noreferrer noopener\">fanpage.it<\/a><\/td><\/tr><tr><td>2 marzo 2022<\/td><td>Sanzioni UE<\/td><td>Italia applica prime sanzioni: blocchi finanziari e restrizioni commerciali.<\/td><td><a href=\"https:\/\/lapiazzarimini.it\/2022\/economia-sanzioni-economiche-il-diavolo-e-nei-dettagli\/\" target=\"_blank\" rel=\"noreferrer noopener\">lapiazzarimini.it<\/a><\/td><\/tr><tr><td>5 marzo 2022<\/td><td>Espulsione diplomatici<\/td><td>Espulsi altri 30 diplomatici russi, coordinamento UE.<\/td><td><a href=\"https:\/\/www.esteri.it\/mae\/it\/sala_stampa\/archivionotizie\/comunicati\/2022\/03\/italia-espelle-diplomatici-russi.html\" target=\"_blank\" rel=\"noreferrer noopener\">Ministero Affari Esteri<\/a><\/td><\/tr><tr><td>10 marzo 2022<\/td><td>Posizione ONU<\/td><td>Italia vota a favore di risoluzione ONU che condanna la Russia.<\/td><td><a href=\"https:\/\/www.un.org\/press\/en\/2022\/ga12407.doc.htm\" target=\"_blank\" rel=\"noreferrer noopener\">UN press release<\/a><\/td><\/tr><tr><td>15 marzo 2022<\/td><td>Conferenza stampa Draghi<\/td><td>Annuncia che sanzioni metteranno pressione alla Russia e accelereranno la fine della guerra.<\/td><td><a href=\"https:\/\/euractiv.it\/section\/commercio-ed-economia-mondiale\/news\/guerra-in-ucraina-le-nuove-sanzioni-ue-alla-russia-stop-ai-beni-di-lusso-e-sospensione-regole-wto\/\" target=\"_blank\" rel=\"noreferrer noopener\">euractiv.iti<\/a><\/td><\/tr><tr><td>24 marzo 2022<\/td><td>Dichiarazioni istituzionali<\/td><td>Di Maio ribadisce: \u201c<strong><em>Putin ha violato ogni norma internazionale<\/em><\/strong>\u201d.<\/td><td><a href=\"https:\/\/www.esteri.it\/mae\/it\/\" target=\"_blank\" rel=\"noreferrer noopener\">Ministero Affari Esteri<\/a><\/td><\/tr><tr><td>Aprile 2022<\/td><td>\u201c<strong>preferite la pace o condizionatori accesi?<\/strong>\u201d<\/td><td>Italia applica ulteriori restrizioni UE su energia e materie prime; Draghi guida coordinamento.<\/td><td><a href=\"https:\/\/www.ilsussidiario.net\/news\/draghi-preferite-la-pace-o-condizionatori-accesi-video-embargo-gas-decide-ue\/2320442\/\" target=\"_blank\" rel=\"noreferrer noopener\">ilsussidiario.net<\/a><\/td><\/tr><tr><td>24 Aprile 2022<\/td><td>Raccolta prove crimini russi<\/td><td>Di Maio invia in Ucraina specialisti per raccogliere prove sui crimini di guerra russi a supporto della Corte Internazionale.<\/td><td><a href=\"https:\/\/www.ilgiornale.it\/news\/politica\/litalia-invia-007-raccogliere-prove-sui-crimini-dei-russi-2028675.html\" target=\"_blank\" rel=\"noreferrer noopener\">il Giornale<\/a><\/td><\/tr><tr><td>Maggio 2022<\/td><td>Donazioni militari<\/td><td>Italia invia armi, blindati e missili anticarro all\u2019Ucraina.<\/td><td><a href=\"https:\/\/www.ilgiornaleditalia.it\/news\/esteri\/367154\/italia-invia-armi-ucraina-ecco-quali-sono.html\" target=\"_blank\" rel=\"noreferrer noopener\">ilgiornaleditalia.it<\/a><\/td><\/tr><tr><td>Giugno 2022<\/td><td>Espulsione diplomatici<\/td><td>Italia espelle altri diplomatici russi, totale circa 60.<\/td><td><a href=\"https:\/\/www.esteri.it\/mae\/it\/sala_stampa\/archivionotizie\/comunicati\/2022\/03\/italia-espelle-diplomatici-russi.html\" target=\"_blank\" rel=\"noreferrer noopener\">Ministero Affari Esteri<\/a><\/td><\/tr><tr><td>Luglio 2022<\/td><td>Condanna ONU<\/td><td>Italia vota contro Russia su crimini di guerra in Ucraina.<\/td><td><a href=\"https:\/\/www.un.org\/press\/en\/2022\/ga12407.doc.htm\" target=\"_blank\" rel=\"noreferrer noopener\">UN press release<\/a><\/td><\/tr><tr><td>Settembre 2022<\/td><td>Dichiarazioni pubbliche<\/td><td>Draghi e Di Maio ribadiscono sostegno militare e sanzioni.<\/td><td><a href=\"https:\/\/www.ildifforme.it\/esteri\/armi-allucraina-il-punto-di-draghi-il-paese-deve-difendersi\/\" target=\"_blank\" rel=\"noreferrer noopener\">ildifforme.it<\/a><\/td><\/tr><tr><td>Novembre 2022<\/td><td>Nuove sanzioni UE<\/td><td>Pacchetto UE 7 e 8, ulteriori restrizioni su import-export, tecnologia e banche russe.<\/td><td><a href=\"https:\/\/www.ilsole24ore.com\/\" target=\"_blank\" rel=\"noreferrer noopener\">Il Sole 24 Ore<\/a><\/td><\/tr><tr><td>Dicembre 2022<\/td><td>Supporto finanziario all\u2019Ucraina<\/td><td>Italia approva fondi bilaterali e partecipa a fondi UE di sostegno economico e militare.<\/td><td><a href=\"https:\/\/www.mef.gov.it\/\" target=\"_blank\" rel=\"noreferrer noopener\">MEF<\/a><\/td><\/tr><tr><td>Febbraio 2023<\/td><td>Espulsione diplomatici<\/td><td>Altri diplomatici russi sospettati di attivit\u00e0 di intelligence ostile.<\/td><td><a href=\"https:\/\/www.esteri.it\/\" target=\"_blank\" rel=\"noreferrer noopener\">Ministero Affari Esteri<\/a><\/td><\/tr><tr><td>Marzo 2023<\/td><td>Dichiarazioni Draghi<\/td><td>Le sanzioni continueranno fino a quando la Russia non rispetter\u00e0 il diritto internazionale.<\/td><td><a href=\"https:\/\/www.governo.it\/\" target=\"_blank\" rel=\"noreferrer noopener\">Palazzo Chigi<\/a><\/td><\/tr><tr><td>Aprile 2023<\/td><td>Coordinamento UE<\/td><td>Italia partecipa alla coordinazione UE per restrizioni su energia, trasporti e finanza.<\/td><td><a href=\"https:\/\/www.ilsole24ore.com\/\" target=\"_blank\" rel=\"noreferrer noopener\">Il Sole 24 Ore<\/a><\/td><\/tr><tr><td>Gennaio 2024<\/td><td>Revoca permessi evento \u201c<strong><em>Mariupol Rebirth<\/em><\/strong>\u201d<\/td><td>Comune di Modena revoca autorizzazione a iniziativa culturale percepita filo\u2011russa.<\/td><td><a href=\"https:\/\/mind.ua\/en\/news\/20267937-italian-authorities-ban-russians-living-in-the-country-from-holding-an-exhibition-about-the-revival\" target=\"_blank\" rel=\"noreferrer noopener\">mind.ua<\/a><\/td><\/tr><tr><td>Febbraio 2024<\/td><td>Caso \u201cacqua\u201d Fiumicino<\/td><td>Barista nega vendita bottiglia a cittadina russa; ADR e negozio si scusano formalmente.<\/td><td><a href=\"https:\/\/roma.corriere.it\/notizie\/cronaca\/24_febbraio_20\/fiumicino-sei-russa-non-ti-vendiamo-la-bottiglietta-d-acqua-la-denuncia-della-viaggiatrice-e-le-scuse-di-adr-d60a11f1-1275-405b-9e7e-367c71d62xlk.shtml\" target=\"_blank\" rel=\"noreferrer noopener\">Roma Corriere<\/a><\/td><\/tr><tr><td>Maggio\u2013Giugno 2024<\/td><td>Proteste contro proiezioni RT<\/td><td>Critiche e rimozione di manifesti\/documentari RT in varie citt\u00e0 italiane.<\/td><td><a href=\"https:\/\/decode39.com\/11127\/illegal-russian-propaganda-ads-plague-italian-cities\/\" target=\"_blank\" rel=\"noreferrer noopener\">decode39.com<\/a><\/td><\/tr><tr><td>Agosto 2024<\/td><td>Caso giornalisti RAI a Kursk<\/td><td>Mandato d\u2019arresto russo, convocazione ambasciatore italiano.<\/td><td><a href=\"https:\/\/it.euronews.com\/2024\/10\/08\/russia-mandato-darresto-per-giornalisti-rai-battistini-e-traini-entrati-illegalmente-nel-p\" target=\"_blank\" rel=\"noreferrer noopener\">Euronews<\/a><\/td><\/tr><tr><td>2024\u20132025<\/td><td>Cancellazioni eventi culturali russi<\/td><td>Concerti\/spettacoli di artisti russi contestati o cancellati in Italia.<\/td><td><a href=\"https:\/\/apnews.com\/article\/157a2f15c974549ddd9f9c9d0113c56d\" target=\"_blank\" rel=\"noreferrer noopener\">AP News<\/a><\/td><\/tr><tr><td>Ott-2022<br>Gen-2026<\/td><td>Dichiarazioni forti<\/td><td>La pres. del Consiglio Giorgia Meloni in 11 occasioni si esprime in eventi pubblici dicendo: <strong>&#8220;&#8230;brutale <\/strong>guerra di<strong> aggressione <\/strong>russa<strong>&#8230;&#8221;<\/strong><\/td><td><a href=\"https:\/\/www.governo.it\/it\/search\/node\/brutale%20aggressione\" target=\"_blank\" rel=\"noreferrer noopener\">governo.it<\/a><\/td><\/tr><\/tbody><\/table><\/figure>\n\n\n\n<p>Questa lista \u00e8 solo una parte di quanto ha fatto l\u2019Italia in questi ultimi quattro anni: sono eventi che forse tutti ricordano, ma che fin dall\u2019inizio hanno distinto il nostro Paese tra quelli che si proponevano come esempio per l\u2019UE, indicando quale atteggiamento tenere per \u201ceducare il popolino\u201d e quali sarebbero state le migliori scelte politiche e amministrative per contribuire al crollo di una Russia descritta come decadente (o forse era quello che ci volevano far credere).<\/p>\n\n\n\n<p>Che il popolo avrebbe accettato i decreti legge senza protestare non vi era alcun dubbio. Siamo un esperimento sociale almeno da quando \u00e8 stata introdotta la legge Lorenzin, il noto obbligo di somministrare dieci vaccini a pochi mesi di vita, provvedimento che ha spaccato l\u2019Italia in due: da una parte i vaccinisti, dall\u2019altra chi era contrario, etichettato come <em>no-vax<\/em> e di fatto equiparato a un criminale. A proposito: qualcuno ha mai visto statistiche ufficiali sui miglioramenti ottenuti o sugli effetti collaterali correlati all\u2019obbligo vaccinale negli ultimi otto anni? Nulla.<\/p>\n\n\n\n<p>Quando le reciproche avversit\u00e0 tra le due fazioni stavano per attenuarsi, arriva la pandemia nel 2020, e sono bastati i primi decreti legge per riaccendere le micce nel marzo di quell\u2019anno. Esiste sempre un blocco, pi\u00f9 o meno stabile, di circa il 10% di persone che si informano in modo critico e cercano di comprendere come stiano realmente le cose, ma vengono puntualmente attaccate, screditate e, di fatto, criminalizzate.<\/p>\n\n\n\n<p>Sta finendo la pandemia e con essa gli argomenti utili a tenere impegnata la mente dei cittadini, mentre il governo continua a sfornare decreti legge presentati come misure necessarie per fronteggiare emergenze. Ed ecco che arriva la guerra: la Russia invade l\u2019Ucraina.<\/p>\n\n\n\n<p>Ma noi italiani non abbiamo sentimenti di odio verso i russi. Abbiamo (o avevamo) rapporti diplomatici e commerciali consolidati. In questo contesto, diventa difficile giustificare decreti legge che impegnano ingenti somme provenienti dalle nostre tasse e da usare contro la Russia senza il rischio di proteste generalizzate, proteste che a loro volta avrebbero potuto influenzare anche altri Paesi dell\u2019Unione Europea.<\/p>\n\n\n\n<p class=\"has-medium-font-size\"><strong>La &#8220;nota&#8221; che d\u00e0 il via al disastro annunciato<\/strong><\/p>\n\n\n\n<p>Quindi, in che modo si accende il \u201cprogramma odio\u201d nelle nostre menti, come se fossimo agenti che si attivano grazie a una frase chiave, alla maniera di certi film di spionaggio?<\/p>\n\n\n\n<p>Nessun problema: abbiamo Mario Draghi, che viene presentato come l\u2019uomo guida, colui che cavalca l\u2019occasione per esercitare il suo potere di <a href=\"https:\/\/duckduckgo.com\/?q=draghi+massone+e+gesuita&amp;t=osx&amp;ia=web\" target=\"_blank\" rel=\"noreferrer noopener\">massone, gesuita e guru della finanza<\/a>. \u00c8 Draghi a fornire il <em>LA<\/em>, la nota iniziale da cui prende avvio una linea politica che contribuisce al disfacimento dell\u2019UE e della NATO, le cui indicazioni vengono poi seguite dalla maggioranza dei Paesi europei, fornendo al contempo linee guida alla Commissione UE.<\/p>\n\n\n\n<p>Per noi italiani che oramai ci stavamo annoiando senza nulla da odiare, abbiamo ricevuto di che alimentarlo; a fare ci\u00f2 ci hanno pensato Draghi e Di Maio, il primo con la frase &#8220;\u201c<strong><em>brutale aggressione di Pu<\/em>tin<\/strong>\u201d il 24 Febbraio 2022 e il secondo con  \u201c<strong><em>Putin peggio di un animale<\/em><\/strong>\u201d pochi giorni dopo, esattamente il 1 Marzo 2022, come evidenziato nella tabella soprastante.<\/p>\n\n\n\n<p>Un&#8217;estensione dei desideri dell&#8217;\u00e9lite? Certamente. Gli italiani non odiano i russi, fatta eccezione per qualche caso patologico di chi crede che esistano ancora l\u2019URSS e i comunisti.<br>Il caso vuole che il 28 Febbraio 2022 siano iniziate le <a href=\"https:\/\/senzatempo.org\/index.php\/2024\/08\/28\/582\/come-falli-il-trattato-di-pace-tra-ucraina-e-russia-nel-2022-e-perche-del-nome-operazione-speciale\/\" target=\"_blank\" rel=\"noreferrer noopener\">trattative di pace a Istambul tra Russia e Ucraina<\/a> e che il giorno dopo Di Maio pronunci una frase che chiarisce senza ambiguit\u00e0 da che parte stiano i nostri governanti: \u201c<strong><em>Putin peggio di un animale<\/em><\/strong>\u201d.<\/p>\n\n\n\n<p>Nel giro di pochi giorni la nostra possibilit\u00e0 di far parte di un tavolo di pace, in qualit\u00e0 di Paese culla del diritto, cultura e diplomazia nel cuore del mediterraneo, \u00e8 crollata a <strong>zero.<\/strong><\/p>\n\n\n\n<p>I nostri governanti, senza alcun passaggio parlamentare, hanno deciso di fare di tutto per garantire il proseguimento del conflitto, proprio nel momento in cui avremmo potuto esercitare un ruolo autorevole. Questo avrebbe potuto consentirci di non subire passivamente i \u201ccastighi\u201d di Bruxelles, che oggi \u00e8 arrivata a emettere il ventesimo pacchetto di sanzioni, sommato a una serie di normative UE aventi l\u2019effetto di indebolire economicamente e socialmente tutti i 27 Stati membri.<\/p>\n\n\n\n<p>L\u2019Italia, quindi, non solo non lavora per la pace, ma, oltre a non difendersi dalle decisioni della Commissione UE, \u00e8 stata, soprattutto all\u2019inizio del conflitto, una delle principali fonti di suggerimenti su cosa fare pro-guerra.<\/p>\n\n\n\n<p class=\"has-medium-font-size\"><strong>L&#8217;ampio &#8220;collettivo&#8221; italiano anti Russia<\/strong><\/p>\n\n\n\n<p>Quando ci sono questi giochi di potere, in Italia tutti si piegano, pochi sfuggono, pochi mantengono l&#8217;integrit\u00e0 di pensiero, ancor meno coloro che hanno il coraggio di dire che stiamo sostenendo attivamente una <a href=\"https:\/\/senzatempo.org\/index.php\/2025\/04\/07\/554\/e-possibile-sapere-realmente-cosa-e-successo-e-cosa-sta-succedendo-in-ucraina-1-parte\/\" target=\"_blank\" rel=\"noreferrer noopener\">guerra studiata e provocata a tavolino<\/a> dalla <a href=\"https:\/\/senzatempo.org\/index.php\/2025\/04\/07\/577\/e-possibile-sapere-realmente-cosa-e-successo-e-cosa-sta-succedendo-in-ucraina-2-parte\/\" target=\"_blank\" rel=\"noreferrer noopener\">CIA, MI6, USA e NATO<\/a>.<\/p>\n\n\n\n<p><strong>Allora mettiamo a nudo i principali attori italiani anti-Russia.<\/strong><\/p>\n\n\n\n<figure class=\"wp-block-table is-style-stripes\"><table><thead><tr><th>Categoria<\/th><th>Attore<\/th><th>Ruolo \/ Media<\/th><th>Grado di aggressivit\u00e0 percepita<\/th><th>Note su credibilit\u00e0 verso la Russia<\/th><\/tr><\/thead><tbody><tr><td><strong>Governo \/ Politici<\/strong><\/td><td>Mario Draghi<\/td><td>Ex Presidente del Consiglio<\/td><td>Molto alto<\/td><td>Politico centrale nell\u2019imposizione sanzioni UE e invio armi; percepito come fortemente anti-Russia; bassa credibilit\u00e0 per dialogo diretto<\/td><\/tr><tr><td><\/td><td>Luigi Di Maio<\/td><td>Ex Ministro degli Esteri<\/td><td>Molto alto<\/td><td>Dichiarazioni pubbliche molto dure, sostegno militare; bassa credibilit\u00e0<\/td><\/tr><tr><td><\/td><td>Giorgia Meloni<\/td><td>Presidente del Consiglio<\/td><td>Alto<\/td><td>Supporto militare e politico all\u2019Ucraina; dichiarazioni pubbliche dure; media credibilit\u00e0, ma percepita come anti-Russia<\/td><\/tr><tr><td><\/td><td>Ministri Difesa, Economia, Giustizia<\/td><td>Vari<\/td><td>Medio-Alto<\/td><td>Coinvolti in sanzioni, revoche e azioni legali; credibilit\u00e0 limitata per dialogo diretto<\/td><\/tr><tr><td><\/td><td>Altri parlamentari governativi<\/td><td>Vari<\/td><td>Medio<\/td><td>Posizioni filo-Ucraina senza coinvolgimento diretto nella diplomazia; credibilit\u00e0 variabile<\/td><\/tr><tr><td><strong>Politici dell\u2019opposizione<\/strong><\/td><td>Alcuni esponenti Lega, Fratelli d\u2019Italia<\/td><td>Vari<\/td><td>Medio-Basso<\/td><td>In alcuni casi hanno chiesto mediazione o dialogo; maggiore credibilit\u00e0 potenziale<\/td><\/tr><tr><td><\/td><td>Partiti di sinistra o PD critici verso Mosca<\/td><td>Vari<\/td><td>Alto<\/td><td>Spesso sostegno a sanzioni e condanne pubbliche; media-bassa credibilit\u00e0 verso la Russia<\/td><\/tr><tr><td><strong>Media \/ Giornalisti<\/strong><\/td><td>RAI (giornalisti sul campo)<\/td><td>Tg1, Tg3, reportage Ucraina<\/td><td>Medio<\/td><td>Copertura giornalistica critica, ma indipendente; credibilit\u00e0 alta se dialogo diplomatico \u00e8 separato da opinioni editoriali<\/td><\/tr><tr><td><\/td><td>Corriere della Sera, Repubblica, Sole 24 Ore<\/td><td>Stampa nazionale<\/td><td>Medio-Alto<\/td><td>Spesso riportano notizie fortemente critiche verso Russia; credibilit\u00e0 editoriale pu\u00f2 essere accettata se separata dalle decisioni politiche<\/td><\/tr><tr><td><\/td><td>Media minori o opinionisti filo-Ucraina<\/td><td>Vari<\/td><td>Alto<\/td><td>Diffusione narrativa molto aggressiva; bassa credibilit\u00e0 percepita dalla Russia<\/td><\/tr><\/tbody><\/table><\/figure>\n\n\n\n<p>Questo \u00e8 tutto meno che una trib\u00f9 pacifista. Parliamo di guerra ogni giorno, e in modo incessante ci sottopongono propaganda di guerra e poi dicono &#8220;ah, in tempo di guerra la verit\u00e0 \u00e8 la prima a morire&#8221;, ma noi con chi siamo in guerra?<\/p>\n\n\n\n<p>Non sto a farvi un elenco di cose assurde scritte da <strong>Repubblica<\/strong> o dal <strong>Corriere<\/strong>, ma in TV, solo per fare un esempio, siamo arrivati allo &#8220;<em><strong>Sbarco in Lombardia&#8221;<\/strong><\/em>, ma per fortuna in questo caso non \u00e8 propaganda, ma vera ignoranza, oppure un chiaro indizio che nessuno controlla le informazioni per il pubblico. Il giornalismo non ci racconta pi\u00f9 cosa succede, ma solo quel che vogliono farci sapere.<\/p>\n\n\n\n<p>Ci sarebbe pure bisogno di una sterzata su coloro che vengono eletti per fare il bene del popolo e invece si fanno corrompere, di una legge, altrimenti qualcuno potrebbe essere tentato di riprovarci. Questo \u00e8 il nodo.<\/p>\n\n\n\n<ul class=\"wp-block-list\">\n<li>due esponenti politici, in poche ore, hanno usato <strong>parole irresponsabili e non diplomatiche<\/strong>; <\/li>\n\n\n\n<li>tali parole hanno contribuito a <strong>deteriorare relazioni internazionali strategiche<\/strong>;<\/li>\n\n\n\n<li>il costo di quel deterioramento lo pagano <strong>milioni di persone e intere generazioni<\/strong>, non i singoli politici;<\/li>\n\n\n\n<li>in qualsiasi sistema serio, <strong>azioni con effetti sistemici<\/strong> dovrebbero comportare <strong>responsabilit\u00e0 personali<\/strong>, non impunit\u00e0.<\/li>\n<\/ul>\n\n\n\n<p><strong>Non si pu\u00f2 ignorare il danno<\/strong>:<\/p>\n\n\n\n<blockquote class=\"wp-block-quote is-layout-flow wp-block-quote-is-layout-flow\">\n<p style=\"font-size:17px\"><em>\u201cHanno acceso una guerra con due frasi.\u201d<\/em><\/p>\n<\/blockquote>\n\n\n\n<p>cio\u00e8: <\/p>\n\n\n\n<blockquote class=\"wp-block-quote is-layout-flow wp-block-quote-is-layout-flow\">\n<p style=\"font-size:17px\"><em>Dichiarazioni ufficiali rilasciate da esponenti di governo hanno contribuito a deteriorare canali diplomatici, riducendo le possibilit\u00e0 di de\u2011escalation e aumentando il costo umano, economico e geopolitico del conflitto.<\/em><\/p>\n<\/blockquote>\n\n\n\n<p>Si sono mossi producendo causalit\u00e0 indiretta, con responsabilit\u00e0 per omissione di prudenza ma con effetti prevedibili, se non progettati volontariamente se consideriamo che non hanno compiuto una sola azione per avvicinarsi alla pace.<\/p>\n\n\n\n<blockquote class=\"wp-block-quote is-layout-flow wp-block-quote-is-layout-flow\">\n<p style=\"font-size:17px\"><em>In qualunque sistema democratico maturo, condotte che producono effetti geopolitici avversi dovrebbero comportare l\u2019esclusione permanente da incarichi di politica estera e sicurezza.<\/em><\/p>\n<\/blockquote>\n\n\n\n<p>Questo \u00e8 devastante politicamente, ma inattaccabile eticamente.<\/p>\n\n\n\n<p>\u00c8 qui invece che emerge la :<\/p>\n\n\n\n<blockquote class=\"wp-block-quote is-layout-flow wp-block-quote-is-layout-flow\">\n<p style=\"font-size:17px\"><em><strong>Il problema non \u00e8 l\u2019errore, ma l\u2019asimmetria tra chi prende decisioni o rilascia dichiarazioni e chi ne subisce le conseguenze.<br>In assenza di responsabilit\u00e0 personali, il sistema incentiva la leggerezza verbale e l\u2019irresponsabilit\u00e0 strategica.<\/strong><\/em><\/p>\n<\/blockquote>\n\n\n\n<p>Pronunciata in un convegno o scritta in un editoriale, <strong>non pu\u00f2 essere liquidata<\/strong>.<\/p>\n\n\n\n<p>Quando ti diranno: \u201c<strong>Stai esagerando<\/strong>\u201d, la risposta dovrebbe essere chirurgica.<\/p>\n\n\n\n<blockquote class=\"wp-block-quote is-layout-flow wp-block-quote-is-layout-flow\">\n<p style=\"font-size:17px\"><em><strong>\u00c8 estremista un linguaggio emotivo, o \u00e8 estremista un sistema in cui poche parole possono contribuire a milioni di morti senza alcuna conseguenza per chi le pronuncia?<\/strong><\/em><\/p>\n<\/blockquote>\n\n\n\n<p>Fine. Punto.<br>Riassumendo tutto in un&#8217;unica frase:<\/p>\n\n\n\n<blockquote class=\"wp-block-quote is-layout-flow wp-block-quote-is-layout-flow\">\n<p style=\"font-size:17px\"><em><strong>Le parole dei leader in politica estera non sono opinioni, ma atti con effetti sistemici.<br>Quando tali atti contribuiscono alla rottura di canali diplomatici, all\u2019escalation militare e all\u2019aumento del costo umano di un conflitto, la mancanza di responsabilit\u00e0 personale non \u00e8 una garanzia democratica, ma una patologia del sistema.<br>Non si tratta di vendetta n\u00e9 di moralismo, ma di ristabilire un principio elementare: chi esercita potere strategico deve rispondere delle conseguenze prevedibili delle proprie azioni<\/strong>.<\/em><\/p>\n<\/blockquote>\n\n\n\n<p><\/p>\n\n\n\n<p class=\"has-medium-font-size\"><strong>Anni, per il recupero d&#8217;immagine e prestigio<\/strong>.<\/p>\n\n\n\n<p>Sembra banale, ma il recupero di una posizione di prestigio in ambito mondiale non \u00e8 possibile con l&#8217;attuale classe politica che ci sta guidando. Escluderei non solo gli idioti funzionali politici, ma anche quelli che non essendolo si vendono al miglior offerente.<\/p>\n\n\n\n<ul class=\"wp-block-list\">\n<li><strong>Fase 1 (Preparazione della classe dirigente):<\/strong> 3-5 anni<\/li>\n\n\n\n<li><strong>Fase 2 (Credibilit\u00e0 interna e coerenza politica):<\/strong> parallela, 2-3 anni<\/li>\n\n\n\n<li><strong>Fase 3 (Dialogo e relazioni concrete):<\/strong> 3-5 anni dopo fase 1<\/li>\n<\/ul>\n\n\n\n<p><strong>Stima complessiva:<\/strong> <strong>6-10 anni<\/strong> per avere una classe dirigente formata, indipendente, credibile e relazioni concrete con la Russia nell\u2019ambito multipolare.<\/p>\n\n\n\n<p><em><strong>Nota<\/strong>: la tempistica pu\u00f2 ridursi leggermente se alcune figure gi\u00e0 esistenti vengono riqualificate rapidamente e se la diplomazia trova intermediari neutrali capaci di mediazione.<\/em><\/p>\n\n\n\n<p>Ieri avevamo un finto nemico (Russia) e un alleato (USA).<\/p>\n\n\n\n<p>Oggi abbiamo:<\/p>\n\n\n\n<ul class=\"wp-block-list\">\n<li>Perso il finto nemico (Russia), che potrebbe diventare un nemico se la Commissione UE o la NATO prende decisioni sbagliate.<\/li>\n\n\n\n<li>Quello che era un alleato (USA), oggi si comporta come un nemico con metodi mafiosi.<\/li>\n<\/ul>\n\n\n\n<p>Siamo nel momento ottimale, non ne capiteranno altri, in cui l&#8217;alleato\/nemico sta facendo mosse cos\u00ec dissennate in totale disprezzo con il diritto internazionale che sarebbe un gioco prenderne le distanze, ma pur disuniti, in UE ci siamo messi di nuovo a 90\u00b0.<\/p>\n\n\n\n<p><strong>A Trump baster\u00e0 poco per disgregare l&#8217;UE e la NATO, invece dovremmo essere noi a soffiargli da sotto il naso il controllo di ci\u00f2 che ci interessa.<\/strong><\/p>\n\n\n\n<hr class=\"wp-block-separator has-text-color has-orange-color has-alpha-channel-opacity has-orange-background-color has-background is-style-wide\"\/>\n\n\n\n<div class=\"wp-block-comments\"><h2 id=\"comments\" class=\"wp-block-comments-title\"><span id=\"una-risposta-a-sono-bastate-due-frasi-per-rompere-rapporti-diplomatici-storici-con-la-russia\">Una risposta a &#8220;Sono bastate due frasi per rompere rapporti diplomatici storici con la Russia.&#8221;<\/span><\/h2>\n\n<ol class=\"wp-block-comment-template\"><li id=\"comment-214\" class=\"pingback even thread-even depth-1\">\n\n<div class=\"wp-block-columns is-layout-flex wp-container-core-columns-is-layout-9d6595d7 wp-block-columns-is-layout-flex\">\n<div class=\"wp-block-column is-layout-flow wp-block-column-is-layout-flow\" style=\"flex-basis:40px\"><div class=\"wp-block-avatar\">  <\/div><\/div>\n\n\n\n<div class=\"wp-block-column is-layout-flow wp-block-column-is-layout-flow\"><div class=\"wp-block-comment-author-name has-small-font-size\"><a rel=\"external nofollow ugc\" href=\"https:\/\/senzatempo.org\/index.php\/2026\/01\/29\/2138\/tajani-contro-i-pasdaran-per-legittimare-operazioni-militari-contro-liran\/\" target=\"_self\" >Tajani contro i Pasdaran per legittimare operazioni militari contro l\u2019Iran? &#8211; SENZA TEMPO<\/a><\/div>\n\n\n<div class=\"wp-block-group is-layout-flex wp-block-group-is-layout-flex\" style=\"margin-top:0px;margin-bottom:0px\"><div class=\"wp-block-comment-date has-small-font-size\"><time datetime=\"2026-01-29T04:03:05+01:00\"><a href=\"https:\/\/senzatempo.org\/index.php\/2026\/01\/24\/2079\/sono-bastate-due-frasi-per-rompere-rapporti-diplomatici-storici-con-la-russia\/#comment-214\">29 Gennaio 2026<\/a><\/time><\/div>\n\n<\/div>\n\n\n<div class=\"wp-block-comment-content\">[&#8230;] strategico e consapevolezza degli effetti, hanno finito per accendere tensioni internazionali. Le frasi di Draghi e Di Maio nel 2022 restano esempi clamorosi di come poche parole possano avere impatti geopolitici reali. La [&#8230;]\n<\/div>\n\n<div class=\"wp-block-comment-reply-link has-small-font-size\"><a rel=\"nofollow\" class=\"comment-reply-login\" href=\"https:\/\/senzatempo.org\/wp-login.php?redirect_to=https%3A%2F%2Fsenzatempo.org%2Findex.php%2F2026%2F01%2F24%2F2079%2Fsono-bastate-due-frasi-per-rompere-rapporti-diplomatici-storici-con-la-russia%2F\">Accedi per rispondere<\/a><\/div><\/div>\n<\/div>\n\n<\/li><\/ol>\n\n\n\n\t<div id=\"respond\" class=\"comment-respond wp-block-post-comments-form\">\n\t\t<h3 id=\"reply-title\" class=\"comment-reply-title\"><span id=\"lascia-un-commento-annulla-risposta\">Lascia un commento <small><a rel=\"nofollow\" id=\"cancel-comment-reply-link\" href=\"\/index.php\/wp-json\/wp\/v2\/posts\/2079#respond\" style=\"display:none;\">Annulla risposta<\/a><\/small><\/span><\/h3><p class=\"must-log-in\">Devi essere <a href=\"https:\/\/senzatempo.org\/wp-login.php?redirect_to=https%3A%2F%2Fsenzatempo.org%2Findex.php%2F2026%2F01%2F24%2F2079%2Fsono-bastate-due-frasi-per-rompere-rapporti-diplomatici-storici-con-la-russia%2F\">connesso<\/a> per inviare un commento.<\/p>\t<\/div><!-- #respond -->\n\t<\/div>\n","protected":false},"excerpt":{"rendered":"Per l&#8217;Italia essere alleata degli USA ed al contempo avere un Draghi al governo nel momento in cui la Russia inizia l'&#8221;Operazione Speciale&#8221; \u00e8 come dare il LA al boia.\n","protected":false},"author":1,"featured_media":2085,"comment_status":"open","ping_status":"open","sticky":false,"template":"","format":"standard","meta":{"_monsterinsights_skip_tracking":false,"_monsterinsights_sitenote_active":false,"_monsterinsights_sitenote_note":"","_monsterinsights_sitenote_category":0,"footnotes":""},"categories":[645],"tags":[1611,1608,1607,926,219,472,1606,1610,1612,473,103,1609,104,147,445,972,99],"class_list":{"0":"post-2079","1":"post","2":"type-post","3":"status-publish","4":"format-standard","5":"has-post-thumbnail","7":"category-politica","8":"tag-corrotti","9":"tag-di-maio","10":"tag-draghi","11":"tag-emergenza","12":"tag-giorgia-meloni","13":"tag-guerra","14":"tag-mario-draghi","15":"tag-media","16":"tag-odio","17":"tag-operazione-speciale","18":"tag-pace","19":"tag-politici","20":"tag-russia","21":"tag-stati-uniti","22":"tag-ucraina","23":"tag-ucraina-russia","24":"tag-usa"},"_links":{"self":[{"href":"https:\/\/senzatempo.org\/index.php\/wp-json\/wp\/v2\/posts\/2079","targetHints":{"allow":["GET"]}}],"collection":[{"href":"https:\/\/senzatempo.org\/index.php\/wp-json\/wp\/v2\/posts"}],"about":[{"href":"https:\/\/senzatempo.org\/index.php\/wp-json\/wp\/v2\/types\/post"}],"author":[{"embeddable":true,"href":"https:\/\/senzatempo.org\/index.php\/wp-json\/wp\/v2\/users\/1"}],"replies":[{"embeddable":true,"href":"https:\/\/senzatempo.org\/index.php\/wp-json\/wp\/v2\/comments?post=2079"}],"version-history":[{"count":10,"href":"https:\/\/senzatempo.org\/index.php\/wp-json\/wp\/v2\/posts\/2079\/revisions"}],"predecessor-version":[{"id":3018,"href":"https:\/\/senzatempo.org\/index.php\/wp-json\/wp\/v2\/posts\/2079\/revisions\/3018"}],"wp:featuredmedia":[{"embeddable":true,"href":"https:\/\/senzatempo.org\/index.php\/wp-json\/wp\/v2\/media\/2085"}],"wp:attachment":[{"href":"https:\/\/senzatempo.org\/index.php\/wp-json\/wp\/v2\/media?parent=2079"}],"wp:term":[{"taxonomy":"category","embeddable":true,"href":"https:\/\/senzatempo.org\/index.php\/wp-json\/wp\/v2\/categories?post=2079"},{"taxonomy":"post_tag","embeddable":true,"href":"https:\/\/senzatempo.org\/index.php\/wp-json\/wp\/v2\/tags?post=2079"}],"curies":[{"name":"wp","href":"https:\/\/api.w.org\/{rel}","templated":true}]}}