{"id":2123,"date":"2026-01-27T19:15:39","date_gmt":"2026-01-27T18:15:39","guid":{"rendered":"https:\/\/senzatempo.org\/?p=2123"},"modified":"2026-02-22T23:11:03","modified_gmt":"2026-02-22T22:11:03","slug":"la-geopolitica-della-danimarca-dal-2024-ad-oggi","status":"publish","type":"post","link":"https:\/\/senzatempo.org\/index.php\/2026\/01\/27\/2123\/la-geopolitica-della-danimarca-dal-2024-ad-oggi\/","title":{"rendered":"La geopolitica della Danimarca dal 2024 ad oggi"},"content":{"rendered":"<div class=\"wp-block-post-time-to-read\">8\u201312 minuti<\/div>\n\n\n<ul class=\"wp-block-list\">\n<li class=\"has-medium-font-size\"><strong><a href=\"#gg\">Geopolitica danese in Groenlandia<\/a><\/strong><\/li>\n\n\n\n<li class=\"has-medium-font-size\"><strong><a href=\"#gd\">Geopolitica artica della Danimarca<\/a><\/strong><\/li>\n<\/ul>\n\n\n\n<hr class=\"wp-block-separator has-alpha-channel-opacity\"\/>\n\n\n\n<p class=\"has-medium-font-size\" id=\"gg\"><strong>Geopolitica danese in Groenlandia<\/strong><\/p>\n\n\n\n<p>A partire dal 2024, con l\u2019avvio della campagna elettorale statunitense e il riemergere di una retorica esplicita sull\u2019importanza strategica della Groenlandia, la Danimarca si \u00e8 trovata al centro di una dinamica geopolitica che ha progressivamente superato la dimensione bilaterale. Quella che per anni era stata considerata una questione di equilibrio interno al Regno di Danimarca, fondata su autonomia, cooperazione e gradualit\u00e0, \u00e8 diventata uno dei nodi centrali del nuovo confronto sull\u2019Artico, sul ruolo della NATO e sulla ridefinizione dei rapporti tra Stati Uniti ed Europa.<\/p>\n\n\n\n<p><strong>A dire il vero, la storia ebbe inizio nel 2019<\/strong>, quando Trump fece una proposta formale di <a href=\"https:\/\/www.cnbc.com\/2019\/08\/21\/trump-delays-denmark-visit-as-pm-wont-talk-about-him-buying-greenland.html\" target=\"_blank\" rel=\"noreferrer noopener\">acquisizione territoriale della Groenlandia<\/a>. Ma la Danimarca non \u00e8 d&#8217;accordo, intuisce i suoi punti deboli e attua il suo programma per tutta la presidenza Biden, senza subire pressioni, fino a quando Trump ritorna ad essere di nuovo in corsa per guidare gli USA. \u00c8 nel 2024 che il tono politico e mediatico statunitense segna un salto di qualit\u00e0. Per Copenaghen, questo mutamento implica la necessit\u00e0 di passare da una gestione \u201csilenziosa\u201d del dossier groenlandese a una strategia esplicitamente difensiva sul piano politico, diplomatico e militare.<\/p>\n\n\n\n<p><strong>La risposta danese si articola innanzitutto sul piano della sovranit\u00e0<\/strong>. A partire dal 2024, il governo guidato da Mette Frederiksen ribadisce con continuit\u00e0 un principio non negoziabile: la Groenlandia non \u00e8 un oggetto di trattativa internazionale, ma un territorio il cui futuro spetta ai groenlandesi stessi, all\u2019interno del quadro costituzionale del Regno di Danimarca. Questo messaggio viene ripetuto sistematicamente in ogni sede, dalle dichiarazioni ufficiali ai vertici multilaterali, fino agli incontri informali con partner NATO e UE. La scelta non \u00e8 solo simbolica, ma strategica: Copenaghen intende evitare che la Groenlandia venga percepita come una \u201cterra di nessuno\u201d che le superpotenze si possono contendere.<\/p>\n\n\n\n<p><strong>La Danimarca rafforza il coordinamento politico<\/strong> con il governo groenlandese. Dal 2024 in avanti, Nuuk viene coinvolta sistematicamente nelle iniziative diplomatiche e nei messaggi politici, in modo da presentare una posizione unitaria verso l\u2019esterno. Questo coordinamento serve a due scopi: da un lato, rafforzare la legittimit\u00e0 della posizione danese; dall\u2019altro, ridurre il rischio che attori esterni possano sfruttare le aspirazioni indipendentiste groenlandesi per indebolire il controllo del Regno di Danimarca.<\/p>\n\n\n\n<p>Il 2025 segna un\u2019ulteriore escalation. Le elezioni parlamentari groenlandesi portano a un <strong>rafforzamento delle forze favorevoli a una maggiore autonomia e, in prospettiva, all\u2019indipendenza<\/strong>. Il tema entra stabilmente nel dibattito pubblico internazionale. La Danimarca adotta una linea di equilibrio: riconosce apertamente il diritto all\u2019autodeterminazione, ma insiste sul fatto che qualsiasi percorso verso l\u2019indipendenza debba essere graduale, sostenibile economicamente e privo di interferenze esterne. In altre parole, l\u2019indipendenza non pu\u00f2 trasformarsi in una scorciatoia per una penetrazione geopolitica straniera nell\u2019Artico.<\/p>\n\n\n\n<p><strong>In questo contesto maturano anche le tensioni con gli Stati Uniti.<\/strong> Nel corso del 2025, Copenaghen reagisce a segnali percepiti come interferenze politiche e diplomatiche in Groenlandia, arrivando a convocare rappresentanti statunitensi per chiarimenti formali. Pur evitando uno scontro aperto, la Danimarca invia un segnale chiaro: la cooperazione militare con Washington non implica una disponibilit\u00e0 a rimettere in discussione la sovranit\u00e0 territoriale. \u00c8 una linea sottile, ma deliberata, che mira a preservare l\u2019alleanza senza accettare una subordinazione strategica.<\/p>\n\n\n\n<p>Sul piano militare, la questione groenlandese accelera un processo gi\u00e0 in corso: la riscoperta dell\u2019Artico come teatro operativo primario. Tra il 2024 e il 2026, la Danimarca intensifica significativamente la propria presenza militare nell\u2019area artica. Vengono potenziate le esercitazioni, aumentati i pattugliamenti navali e aerei, rafforzata la protezione delle infrastrutture critiche e migliorata la capacit\u00e0 di sorveglianza del territorio. Queste iniziative non hanno solo una funzione difensiva, ma anche simbolica: dimostrare che la Groenlandia non \u00e8 uno spazio vuoto, ma sotto controllo.<\/p>\n\n\n\n<p><strong>Nel 2026, questo approccio evolve ulteriormente<\/strong> con l\u2019apertura esplicita a una maggiore presenza NATO in Groenlandia, proposta congiuntamente da Danimarca e governo groenlandese. Si tratta di un passaggio politicamente delicato. Da un lato, la NATO rappresenta una garanzia di sicurezza contro pressioni esterne, in particolare nel contesto della crescente competizione artica che <a href=\"https:\/\/cepa.org\/comprehensive-reports\/sino-russian-cooperation-in-the-arctic\/\" target=\"_blank\" rel=\"noreferrer noopener\">coinvolge Russia e Cina<\/a>. Dall\u2019altro, una presenza alleata pi\u00f9 strutturata serve a \u201cinternazionalizzare\u201d la sicurezza dell\u2019isola, <a href=\"https:\/\/worldview.stratfor.com\/article\/how-could-us-seek-take-greenland\" target=\"_blank\" rel=\"noreferrer noopener\">sottraendola a logiche bilaterali potenzialmente asimmetriche con gli Stati Uniti<\/a>.<\/p>\n\n\n\n<p><strong>L\u2019Artico, infatti, \u00e8 il vero sfondo strategico di questa vicenda<\/strong>. Il progressivo scioglimento dei ghiacci sta trasformando la regione in un corridoio economico e militare di primaria importanza. Rotte marittime pi\u00f9 brevi, accesso a risorse energetiche e minerarie, nuove possibilit\u00e0 di proiezione militare: tutto concorre a rendere l\u2019Artico uno dei principali teatri di competizione globale del XXI secolo. In questo scenario, la Groenlandia assume un valore sproporzionato rispetto alla sua popolazione o alla sua economia attuale. \u00c8 una piattaforma geografica che consente di controllare il Nord Atlantico e l\u2019accesso all\u2019Artico centrale.<\/p>\n\n\n\n<p><strong>La Danimarca sembra aver interiorizzato questa realt\u00e0.<\/strong> Tra il 2024 e il 2026, aumenta in modo significativo gli investimenti nella difesa artica, sia in termini di mezzi navali e aerei sia di sistemi di sorveglianza avanzata, come radar e droni a lungo raggio. Questi investimenti si inseriscono in una strategia di lungo periodo che mira a rafforzare la credibilit\u00e0 del Regno di Danimarca come attore artico a pieno titolo, non solo come amministratore formale di un territorio distante.<\/p>\n\n\n\n<p><strong><a href=\"https:\/\/www.reuters.com\/world\/europe\/denmark-greenland-prime-ministers-visit-berlin-paris-2026-01-27\/\" target=\"_blank\" rel=\"noreferrer noopener\">Un altro elemento chiave \u00e8 il progressivo coinvolgimento dell\u2019Unione Europea<\/a><\/strong> che scopre improvvisamente d&#8217;avere carte da giocarsi. Tra il 2025 e il 2026, Bruxelles lavora a pacchetti di supporto per la sicurezza artica, includendo investimenti in capacit\u00e0 logistiche e infrastrutturali. Per la Danimarca, questo sostegno rappresenta un moltiplicatore di peso politico, che riduce l\u2019asimmetria nei confronti degli Stati Uniti.<\/p>\n\n\n\n<p>La Danimarca non si limita a reagire alle pressioni esterne, ma cerca di ridefinire attivamente il quadro entro cui la Groenlandia viene percepita e trattata a livello internazionale.<\/p>\n\n\n\n<p>Tra il 2024 e il 2026, Copenaghen ha dunque perseguito tre obiettivi principali. Primo, <a href=\"https:\/\/www.reuters.com\/world\/europe\/denmark-discuss-arctic-security-seeks-respect-territorial-integrity-2026-01-22\/\" target=\"_blank\" rel=\"noreferrer noopener\">riaffermare senza ambiguit\u00e0 la sovranit\u00e0<\/a> e il ruolo centrale dei groenlandesi nelle decisioni sul futuro dell\u2019isola. Secondo, rafforzare la dimensione di sicurezza, <a href=\"https:\/\/www.reuters.com\/world\/china\/rutte-says-greenland-framework-deal-means-nato-allies-must-step-up-arctic-2026-01-22\/\" target=\"_blank\" rel=\"noreferrer noopener\">inserendo la Groenlandia in un contesto NATO ed europeo pi\u00f9 ampio<\/a>. Terzo, posizionarsi come attore credibile nel nuovo equilibrio artico, consapevole che il controllo del Nord non \u00e8 pi\u00f9 una questione marginale, ma una componente essenziale della geopolitica globale.<\/p>\n\n\n\n<p><strong>Ma la Groenlandia \u00e8 diventata anche uno dei laboratori in cui si sperimentano le nuove regole della competizione strategica nell\u2019Artico, e la Danimarca, pur con risorse limitate, ha scelto di affrontare questa sfida a testa alta.<\/strong><\/p>\n\n\n\n<p class=\"has-medium-font-size\" id=\"gd\"><strong>Geopolitica artica della Danimarca<\/strong><\/p>\n\n\n\n<p>Un capitolo meno visibile, ma forse il pi\u00f9 rivelatore della maturazione strategica danese, riguarda il dominio marittimo artico. \u00c8 qui che, lontano dai riflettori mediatici, Copenaghen ha iniziato a tradurre la consapevolezza geopolitica in capacit\u00e0 concrete. La Groenlandia, prima ancora che territorio terrestre, \u00e8 infatti un\u2019immensa piattaforma marittima: chi controlla le sue acque controlla accessi e rotte dell\u2019Artico Nord-Atlantico.<\/p>\n\n\n\n<p>Fino ai primi anni Venti, la presenza navale danese nell\u2019Artico era figlia di un\u2019epoca diversa. Le unit\u00e0 impiegate erano pensate per compiti di sovranit\u00e0 \u201camministrativa\u201d: ricerca e soccorso, supporto alle comunit\u00e0 locali, monitoraggio sporadico. Ma tra il 2023 e il 2024, con l\u2019aumento del traffico marittimo, l\u2019attenzione crescente di attori extra-regionali e il mutamento del contesto strategico globale, questa impostazione ha iniziato a mostrare i suoi limiti. Il rischio non era tanto militare immediato, quanto politico: lasciare ampi spazi di mare senza una presenza statale credibile equivaleva ad accettare implicitamente che altri ne definissero le regole.<\/p>\n\n\n\n<p>\u00c8 in questo contesto che, dal 2024, la Danimarca avvia una revisione silenziosa ma profonda della propria postura navale artica. Non annunci clamorosi, ma decisioni inserite nei quadri di pianificazione pluriennale della difesa, con un obiettivo chiaro: garantire una presenza persistente, continuativa e visibile nelle acque groenlandesi. La scelta di sviluppare nuove unit\u00e0 navali artiche multiruolo, progettate specificamente per operare in condizioni estreme, nasce da questa esigenza. Non navi da combattimento ad alta intensit\u00e0, ma piattaforme capaci di restare in mare a lungo, integrare sensori avanzati, operare con droni e supportare operazioni multinazionali.<\/p>\n\n\n\n<p>Tra il 2024 e il 2026, mentre il dibattito pubblico si concentra su sovranit\u00e0 e rapporti con Washington, nei ministeri danesi della Difesa e degli Esteri matura una convinzione condivisa: senza una marina artica moderna, qualsiasi affermazione politica sulla Groenlandia non ha senso. Da qui l\u2019investimento parallelo in sistemi di sorveglianza marittima, sensori costieri e capacit\u00e0 di comando e controllo interoperabili con la NATO.<\/p>\n\n\n\n<p>Questo lavoro \u201cdietro le quinte\u201d assume una dimensione esplicitamente geopolitica nel 2025, quando la Danimarca inizia a presentare le proprie capacit\u00e0 navali artiche come parte integrante dell\u2019architettura di sicurezza dell\u2019Alleanza Atlantica. Le acque groenlandesi non vengono pi\u00f9 descritte come periferia del Regno, ma come spazio operativo essenziale per il Nord Atlantico e per la stabilit\u00e0 dell\u2019Artico nel suo complesso. \u00c8 una narrativa che prepara il terreno alla proposta, nel 2026, di una presenza NATO pi\u00f9 strutturata sull\u2019isola, resa possibile proprio dall\u2019esistenza di mezzi navali danesi in grado di fungere da piattaforma e da garante locale.<\/p>\n\n\n\n<p>In definitiva, la modernizzazione navale artica non \u00e8 un capitolo tecnico separato, ma uno degli strumenti con cui la Danimarca ha dimostrato di aver compreso fino in fondo la geopolitica dei territori che amministra. Controllare il mare, in questo contesto, significa evitare che la Groenlandia diventi oggetto delle attenzioni di paesi terzi. Significa ancorarla, giorno dopo giorno, a un ordine multilaterale in cui Copenaghen, pur con risorse limitate, resta un attore consapevole e presente.<\/p>\n\n\n\n<hr class=\"wp-block-separator has-text-color has-orange-color has-alpha-channel-opacity has-orange-background-color has-background is-style-wide\"\/>\n\n\n\n<figure class=\"wp-block-embed alignleft is-type-wp-embed is-provider-senza-tempo wp-block-embed-senza-tempo\"><div class=\"wp-block-embed__wrapper\">\n<blockquote class=\"wp-embedded-content\" data-secret=\"hlRXR7x89M\"><a href=\"https:\/\/senzatempo.org\/index.php\/2026\/01\/27\/2116\/il-comandante-danese-in-groenlandia-non-ha-mai-visto-navi-russe-o-cinesi\/\">Il comandante danese in Groenlandia non ha \u201cMai visto navi russe o cinesi\u201d, il resto \u00e8 propaganda.<\/a><\/blockquote><iframe loading=\"lazy\" class=\"wp-embedded-content\" sandbox=\"allow-scripts\" security=\"restricted\" style=\"position: absolute; visibility: hidden;\" title=\"&#8220;Il comandante danese in Groenlandia non ha \u201cMai visto navi russe o cinesi\u201d, il resto \u00e8 propaganda.&#8221; &#8212; SENZA TEMPO\" src=\"https:\/\/senzatempo.org\/index.php\/2026\/01\/27\/2116\/il-comandante-danese-in-groenlandia-non-ha-mai-visto-navi-russe-o-cinesi\/embed\/#?secret=b0PRnH3xHu#?secret=hlRXR7x89M\" data-secret=\"hlRXR7x89M\" width=\"600\" height=\"338\" frameborder=\"0\" marginwidth=\"0\" marginheight=\"0\" scrolling=\"no\"><\/iframe>\n<\/div><\/figure>\n\n\n\n<p>A fianco un link di <a href=\"https:\/\/senzatempo.org\/index.php\/2026\/01\/27\/2116\/il-comandante-danese-in-groenlandia-non-ha-mai-visto-navi-russe-o-cinesi\/\" target=\"_blank\" rel=\"noreferrer noopener\">senzatempo.org<\/a> dove con una certa facilit\u00e0, il generale Andersen smonta tutta la <em>querelle<\/em> creata da Trump sulla sicurezza artica, banalizzandolo con la frase: &#8220;<strong>Mai visto navi russe o cinesi<\/strong>&#8220;.<\/p>\n\n\n\n<p>In realt\u00e0 il generale dovrebbe dire che ha, eventualmente, visto solo navi degli Stati Uniti, come se fossero gli yankee il vero problema di sicurezza. Ma <a href=\"https:\/\/www.ilpost.it\/2026\/01\/21\/trump-davos-groenlandia-forza\/\" target=\"_blank\" rel=\"noreferrer noopener\">Trump di recente ha detto che non intende prendersi la Groenlandia con la forza<\/a>. Trump \u00e8 cos\u00ec egocentrico che probabilmente si aspetta pure d&#8217;essere ringraziato.<\/p>\n\n\n\n<p><strong>A dimostrazione che l&#8217;agenda artica coinvolge anche altri attori europei, proponiamo un paio di link, il primo \u00e8 un&#8217;iniziativa artistica italiana a tema, casualmente, Artico.<\/strong><\/p>\n\n\n\n<p>Su questo tema trovate ben due link che riguardano l&#8217;Italia, ragion per cui qualcuno avr\u00e0 sentito la Meloni rispondere ad un giornalista affermando che dovremmo iniziare a pensare anche all&#8217;Artico. Un link riguarda una presenza artistica italiana a un evento organizzato dai danesi e l&#8217;altro link ad un&#8217;ordine danese alle nostre industrie della difesa..<\/p>\n\n\n\n<p><strong>I danesi ci hanno coinvolto anche nella produzione di navi da pattugliamento con capacit\u00e0 rompighiaccio.<\/strong><\/p>\n\n\n\n<p><strong>Infine vediamo come il &#8220;mantra dei dazi&#8221; di Trump sia scattato immediatamente ma prontamente rientrato (per merito della Meloni?) visto che i danesi stanno perfezionando un ordine di 16 F-35.<\/strong><\/p>\n\n\n\n<div class=\"wp-block-group is-layout-grid wp-container-core-group-is-layout-4d858cb8 wp-block-group-is-layout-grid\">\n<figure class=\"wp-block-embed aligncenter is-type-wp-embed is-provider-istituto-italiano-di-cultura-di-copenaghen wp-block-embed-istituto-italiano-di-cultura-di-copenaghen\"><div class=\"wp-block-embed__wrapper\">\n<blockquote class=\"wp-embedded-content\" data-secret=\"ubToofzuP7\"><a href=\"https:\/\/iiccopenaghen.esteri.it\/it\/gli_eventi\/calendario\/arktisk-festival-2025\/\">ARKTISK FESTIVAL 2025<\/a><\/blockquote><iframe loading=\"lazy\" class=\"wp-embedded-content\" sandbox=\"allow-scripts\" security=\"restricted\" style=\"position: absolute; visibility: hidden;\" title=\"&#8220;ARKTISK FESTIVAL 2025&#8221; &#8212; Istituto Italiano di Cultura di Copenaghen\" src=\"https:\/\/iiccopenaghen.esteri.it\/it\/gli_eventi\/calendario\/arktisk-festival-2025\/embed\/#?secret=Ne67IrRK4K#?secret=ubToofzuP7\" data-secret=\"ubToofzuP7\" width=\"600\" height=\"338\" frameborder=\"0\" marginwidth=\"0\" marginheight=\"0\" scrolling=\"no\"><\/iframe>\n<\/div><\/figure>\n\n\n\n<figure class=\"wp-block-embed is-type-wp-embed is-provider-istituto-italiano-di-cultura-di-copenaghen wp-block-embed-istituto-italiano-di-cultura-di-copenaghen\"><div class=\"wp-block-embed__wrapper\">\n<blockquote class=\"wp-embedded-content\" data-secret=\"lBzVJAJ1Kq\"><a href=\"https:\/\/iiccopenaghen.esteri.it\/it\/gli_eventi\/calendario\/ice-melting-ice\/\">ICE MELTING ICE<\/a><\/blockquote><iframe loading=\"lazy\" class=\"wp-embedded-content\" sandbox=\"allow-scripts\" security=\"restricted\" style=\"position: absolute; visibility: hidden;\" title=\"&#8220;ICE MELTING ICE&#8221; &#8212; Istituto Italiano di Cultura di Copenaghen\" src=\"https:\/\/iiccopenaghen.esteri.it\/it\/gli_eventi\/calendario\/ice-melting-ice\/embed\/#?secret=pYUHbvWQwS#?secret=lBzVJAJ1Kq\" data-secret=\"lBzVJAJ1Kq\" width=\"600\" height=\"338\" frameborder=\"0\" marginwidth=\"0\" marginheight=\"0\" scrolling=\"no\"><\/iframe>\n<\/div><\/figure>\n\n\n\n<figure class=\"wp-block-embed is-type-wp-embed is-provider-agenzia-nova wp-block-embed-agenzia-nova\"><div class=\"wp-block-embed__wrapper\">\n<blockquote class=\"wp-embedded-content\" data-secret=\"r5bJZ5ltSi\"><a href=\"https:\/\/www.agenzianova.com\/news\/la-danimarca-si-affida-anche-industria-della-difesa-italiana-per-il-pattugliamento-artico\/\">La Danimarca si affida anche all\u2019industria della difesa italiana per il pattugliamento dell\u2019Artico<\/a><\/blockquote><iframe loading=\"lazy\" class=\"wp-embedded-content\" sandbox=\"allow-scripts\" security=\"restricted\" style=\"position: absolute; visibility: hidden;\" title=\"&#8220;La Danimarca si affida anche all\u2019industria della difesa italiana per il pattugliamento dell\u2019Artico&#8221; &#8212; Agenzia Nova\" src=\"https:\/\/www.agenzianova.com\/news\/la-danimarca-si-affida-anche-industria-della-difesa-italiana-per-il-pattugliamento-artico\/embed\/#?secret=sIrtmT4l3i#?secret=r5bJZ5ltSi\" data-secret=\"r5bJZ5ltSi\" width=\"600\" height=\"338\" frameborder=\"0\" marginwidth=\"0\" marginheight=\"0\" scrolling=\"no\"><\/iframe>\n<\/div><\/figure>\n\n\n\n<figure class=\"wp-block-embed is-type-wp-embed is-provider-vesuvio-live wp-block-embed-vesuvio-live\"><div class=\"wp-block-embed__wrapper\">\n<blockquote class=\"wp-embedded-content\" data-secret=\"5tJ7PvpHwD\"><a href=\"https:\/\/www.vesuviolive.it\/ultime-notizie\/535368-trump-minaccia-sanzioni-a-chi-non-si-allinea-sulla-groenlandia-meloni-obbedisce-litalia-ci-sara\/\">Trump minaccia: &#8220;Sanzioni a chi non si allinea sulla Groenlandia&#8221;. Meloni obbedisce: &#8220;L&#8217;Italia ci sar\u00e0&#8221;<\/a><\/blockquote><iframe loading=\"lazy\" class=\"wp-embedded-content\" sandbox=\"allow-scripts\" security=\"restricted\" style=\"position: absolute; visibility: hidden;\" title=\"&#8220;Trump minaccia: &#8220;Sanzioni a chi non si allinea sulla Groenlandia&#8221;. Meloni obbedisce: &#8220;L&#8217;Italia ci sar\u00e0&#8221;&#8221; &#8212; Vesuvio Live\" src=\"https:\/\/www.vesuviolive.it\/ultime-notizie\/535368-trump-minaccia-sanzioni-a-chi-non-si-allinea-sulla-groenlandia-meloni-obbedisce-litalia-ci-sara\/embed\/#?secret=8YycGvdyfH#?secret=5tJ7PvpHwD\" data-secret=\"5tJ7PvpHwD\" width=\"600\" height=\"338\" frameborder=\"0\" marginwidth=\"0\" marginheight=\"0\" scrolling=\"no\"><\/iframe>\n<\/div><\/figure>\n<\/div>\n\n\n<div class=\"wp-block-image\">\n<figure class=\"alignleft size-large is-resized\"><img loading=\"lazy\" decoding=\"async\" width=\"1024\" height=\"683\" src=\"https:\/\/senzatempo.org\/wp-content\/uploads\/2026\/01\/arctic-council-flags-1-1536x1025-1-1024x683.jpg\" alt=\"\" class=\"wp-image-2125\" style=\"aspect-ratio:1.4992850406157778;width:181px;height:auto\" srcset=\"https:\/\/senzatempo.org\/wp-content\/uploads\/2026\/01\/arctic-council-flags-1-1536x1025-1-1024x683.jpg 1024w, https:\/\/senzatempo.org\/wp-content\/uploads\/2026\/01\/arctic-council-flags-1-1536x1025-1-300x200.jpg 300w, https:\/\/senzatempo.org\/wp-content\/uploads\/2026\/01\/arctic-council-flags-1-1536x1025-1-768x513.jpg 768w, https:\/\/senzatempo.org\/wp-content\/uploads\/2026\/01\/arctic-council-flags-1-1536x1025-1-939x626.jpg 939w, https:\/\/senzatempo.org\/wp-content\/uploads\/2026\/01\/arctic-council-flags-1-1536x1025-1.jpg 1536w\" sizes=\"auto, (max-width: 1024px) 100vw, 1024px\" \/><\/figure>\n<\/div>\n\n\n<p><strong>Di seguito invece trovate alcuni approfondimenti sull&#8217;impegno danese per rinforzare la propria posizione geopolitica nell&#8217;Artico.<\/strong> <\/p>\n\n\n\n<p>\u00c8 significativo che nel Consiglio Artico l\u2019unico attore oggi assente <em>de facto<\/em> sia la Russia, pur essendo il Paese con la maggiore estensione territoriale e marittima nell\u2019Artico. La Russia dispone di 40 rompighiaccio e le sue navi commerciali seguono gi\u00e0 la rotta Nord-est dell&#8217;Artico per arrivare nei porti cinesi risparmiando tempo, sottraendosi alle fastidiose manovre occidentali tese ad applicare le sanzioni energetiche sulle &#8220;navi ombra&#8221; russe nonostante navighino in acque internazionali.<\/p>\n\n\n\n<div class=\"wp-block-group is-layout-grid wp-container-core-group-is-layout-9649a0d9 wp-block-group-is-layout-grid\">\n<figure class=\"wp-block-embed is-type-wp-embed is-provider-osservatorio-artico wp-block-embed-osservatorio-artico\"><div class=\"wp-block-embed__wrapper\">\n<blockquote class=\"wp-embedded-content\" data-secret=\"BrConMCOo6\"><a href=\"https:\/\/www.osservatorioartico.it\/danimarca-presidenza-consiglio-artico\/\">Il Regno di Danimarca alla guida del Consiglio Artico<\/a><\/blockquote><iframe loading=\"lazy\" class=\"wp-embedded-content\" sandbox=\"allow-scripts\" security=\"restricted\" style=\"position: absolute; visibility: hidden;\" title=\"&#8220;Il Regno di Danimarca alla guida del Consiglio Artico&#8221; &#8212; Osservatorio Artico\" src=\"https:\/\/www.osservatorioartico.it\/danimarca-presidenza-consiglio-artico\/embed\/#?secret=A9WVKcmrzX#?secret=BrConMCOo6\" data-secret=\"BrConMCOo6\" width=\"600\" height=\"338\" frameborder=\"0\" marginwidth=\"0\" marginheight=\"0\" scrolling=\"no\"><\/iframe>\n<\/div><\/figure>\n\n\n\n<figure class=\"wp-block-embed is-type-wp-embed is-provider-agenzia-nova wp-block-embed-agenzia-nova\"><div class=\"wp-block-embed__wrapper\">\n<blockquote class=\"wp-embedded-content\" data-secret=\"Z81x73d6CX\"><a href=\"https:\/\/www.agenzianova.com\/news\/il-rinnovato-impegno-della-danimarca-per-la-sicurezza-della-groenlandia\/\">Il rinnovato impegno della Danimarca per la sicurezza della Groenlandia<\/a><\/blockquote><iframe loading=\"lazy\" class=\"wp-embedded-content\" sandbox=\"allow-scripts\" security=\"restricted\" style=\"position: absolute; visibility: hidden;\" title=\"&#8220;Il rinnovato impegno della Danimarca per la sicurezza della Groenlandia&#8221; &#8212; Agenzia Nova\" src=\"https:\/\/www.agenzianova.com\/news\/il-rinnovato-impegno-della-danimarca-per-la-sicurezza-della-groenlandia\/embed\/#?secret=ulSt2486kq#?secret=Z81x73d6CX\" data-secret=\"Z81x73d6CX\" width=\"600\" height=\"338\" frameborder=\"0\" marginwidth=\"0\" marginheight=\"0\" scrolling=\"no\"><\/iframe>\n<\/div><\/figure>\n\n\n\n<figure class=\"wp-block-embed is-type-wp-embed is-provider-osservatorio-artico wp-block-embed-osservatorio-artico\"><div class=\"wp-block-embed__wrapper\">\n<blockquote class=\"wp-embedded-content\" data-secret=\"O3hgCmMeqA\"><a href=\"https:\/\/www.osservatorioartico.it\/arctic-light-2025\/\">Arctic Light 2025: la Danimarca rafforza la difesa in Groenlandia, senza gli Stati Uniti<\/a><\/blockquote><iframe loading=\"lazy\" class=\"wp-embedded-content\" sandbox=\"allow-scripts\" security=\"restricted\" style=\"position: absolute; visibility: hidden;\" title=\"&#8220;Arctic Light 2025: la Danimarca rafforza la difesa in Groenlandia, senza gli Stati Uniti&#8221; &#8212; Osservatorio Artico\" src=\"https:\/\/www.osservatorioartico.it\/arctic-light-2025\/embed\/#?secret=V66bh0RTb0#?secret=O3hgCmMeqA\" data-secret=\"O3hgCmMeqA\" width=\"600\" height=\"338\" frameborder=\"0\" marginwidth=\"0\" marginheight=\"0\" scrolling=\"no\"><\/iframe>\n<\/div><\/figure>\n\n\n\n<figure class=\"wp-block-embed is-type-wp-embed is-provider-aviation-report wp-block-embed-aviation-report\"><div class=\"wp-block-embed__wrapper\">\n<blockquote class=\"wp-embedded-content\" data-secret=\"QzLWazBzDZ\"><a href=\"https:\/\/www.aviation-report.com\/16-nuovi-f-35-per-la-danimarca-che-rafforza-la-sua-flotta\/\">16 nuovi F-35 per la Danimarca che rafforza la sua flotta<\/a><\/blockquote><iframe loading=\"lazy\" class=\"wp-embedded-content\" sandbox=\"allow-scripts\" security=\"restricted\" style=\"position: absolute; visibility: hidden;\" title=\"&#8220;16 nuovi F-35 per la Danimarca che rafforza la sua flotta&#8221; &#8212; Aviation Report\" src=\"https:\/\/www.aviation-report.com\/16-nuovi-f-35-per-la-danimarca-che-rafforza-la-sua-flotta\/embed\/#?secret=KVqPub37dZ#?secret=QzLWazBzDZ\" data-secret=\"QzLWazBzDZ\" width=\"600\" height=\"338\" frameborder=\"0\" marginwidth=\"0\" marginheight=\"0\" scrolling=\"no\"><\/iframe>\n<\/div><\/figure>\n<\/div>\n\n\n\n<hr class=\"wp-block-separator has-text-color has-orange-color has-alpha-channel-opacity has-orange-background-color has-background is-style-wide\"\/>\n\n\n\n<div class=\"wp-block-comments\">\n\n\n\n\n\n\t<div id=\"respond\" class=\"comment-respond wp-block-post-comments-form\">\n\t\t<h3 id=\"reply-title\" class=\"comment-reply-title\"><span id=\"lascia-un-commento-annulla-risposta\">Lascia un commento <small><a rel=\"nofollow\" id=\"cancel-comment-reply-link\" href=\"\/index.php\/wp-json\/wp\/v2\/posts\/2123#respond\" style=\"display:none;\">Annulla risposta<\/a><\/small><\/span><\/h3><p class=\"must-log-in\">Devi essere <a href=\"https:\/\/senzatempo.org\/wp-login.php?redirect_to=https%3A%2F%2Fsenzatempo.org%2Findex.php%2F2026%2F01%2F27%2F2123%2Fla-geopolitica-della-danimarca-dal-2024-ad-oggi%2F\">connesso<\/a> per inviare un commento.<\/p>\t<\/div><!-- #respond -->\n\t<\/div>\n","protected":false},"excerpt":{"rendered":"La Groenlandia da semplice territorio inospitale e povero grande 7 volte l&#8217;Italia, \u00e8 divenuto improvvisamente il cuore della sicurezza USA e sede di tesori minerari ed energetici. Vediamo come se la sta cavando la Danimarca.\n","protected":false},"author":1,"featured_media":2124,"comment_status":"open","ping_status":"open","sticky":false,"template":"","format":"standard","meta":{"_monsterinsights_skip_tracking":false,"_monsterinsights_sitenote_active":false,"_monsterinsights_sitenote_note":"","_monsterinsights_sitenote_category":0,"footnotes":""},"categories":[1914,95],"tags":[1600,379,970,1638,1347,1493,137,1639,1640,1636,1467,1637,104,97,99],"class_list":{"0":"post-2123","1":"post","2":"type-post","3":"status-publish","4":"format-standard","5":"has-post-thumbnail","7":"category-analisi-geopolitica","8":"category-europa","9":"tag-artico","10":"tag-danimarca","11":"tag-diplomazia","12":"tag-f-35","13":"tag-geopolitica","14":"tag-groenlandia","15":"tag-nato","16":"tag-navi-rompighiaccio","17":"tag-nord-est-artico","18":"tag-regno-di-danimarca","19":"tag-relazioni","20":"tag-rompighiaccio","21":"tag-russia","22":"tag-trump","23":"tag-usa"},"_links":{"self":[{"href":"https:\/\/senzatempo.org\/index.php\/wp-json\/wp\/v2\/posts\/2123","targetHints":{"allow":["GET"]}}],"collection":[{"href":"https:\/\/senzatempo.org\/index.php\/wp-json\/wp\/v2\/posts"}],"about":[{"href":"https:\/\/senzatempo.org\/index.php\/wp-json\/wp\/v2\/types\/post"}],"author":[{"embeddable":true,"href":"https:\/\/senzatempo.org\/index.php\/wp-json\/wp\/v2\/users\/1"}],"replies":[{"embeddable":true,"href":"https:\/\/senzatempo.org\/index.php\/wp-json\/wp\/v2\/comments?post=2123"}],"version-history":[{"count":4,"href":"https:\/\/senzatempo.org\/index.php\/wp-json\/wp\/v2\/posts\/2123\/revisions"}],"predecessor-version":[{"id":2136,"href":"https:\/\/senzatempo.org\/index.php\/wp-json\/wp\/v2\/posts\/2123\/revisions\/2136"}],"wp:featuredmedia":[{"embeddable":true,"href":"https:\/\/senzatempo.org\/index.php\/wp-json\/wp\/v2\/media\/2124"}],"wp:attachment":[{"href":"https:\/\/senzatempo.org\/index.php\/wp-json\/wp\/v2\/media?parent=2123"}],"wp:term":[{"taxonomy":"category","embeddable":true,"href":"https:\/\/senzatempo.org\/index.php\/wp-json\/wp\/v2\/categories?post=2123"},{"taxonomy":"post_tag","embeddable":true,"href":"https:\/\/senzatempo.org\/index.php\/wp-json\/wp\/v2\/tags?post=2123"}],"curies":[{"name":"wp","href":"https:\/\/api.w.org\/{rel}","templated":true}]}}