{"id":2131,"date":"2026-01-28T02:38:34","date_gmt":"2026-01-28T01:38:34","guid":{"rendered":"https:\/\/senzatempo.org\/?p=2131"},"modified":"2026-02-22T16:57:17","modified_gmt":"2026-02-22T15:57:17","slug":"trump-ha-ottenuto-dalleuropa-la-sorveglianza-artica","status":"publish","type":"post","link":"https:\/\/senzatempo.org\/index.php\/2026\/01\/28\/2131\/trump-ha-ottenuto-dalleuropa-la-sorveglianza-artica\/","title":{"rendered":"Trump ha ottenuto dall\u2019Europa la sorveglianza artica"},"content":{"rendered":"<div class=\"wp-block-post-time-to-read\">2\u20133 minuti<\/div>\n\n\n<p>Negli ultimi due anni la Groenlandia \u00e8 tornata al centro della geopolitica transatlantica non tanto come territorio da annettere, quanto come <strong>leva strategica<\/strong>. Donald Trump, riprendendo un tema gi\u00e0 emerso nel 2019, ha chiarito che per gli Stati Uniti la sicurezza della Groenlandia e dell\u2019Artico nord-atlantico \u00e8 una priorit\u00e0 non negoziabile. La differenza, oggi, \u00e8 che l\u2019obiettivo non passa pi\u00f9 necessariamente da un\u2019acquisizione territoriale formale, bens\u00ec da una <strong>redistribuzione degli oneri di sicurezza a carico degli alleati europei<\/strong>.<\/p>\n\n\n\n<p>Trump ha sempre argomentato che Washington non pu\u00f2 tollerare vuoti di potere nell\u2019Artico, evocando apertamente la possibilit\u00e0 che gli Stati Uniti \u201cfacciano da soli\u201d, cio\u00e8 occupazione con un blitz militare. \u00c8 un linguaggio che richiama quello del 2019, quando l\u2019idea di \u201ccomprare la Groenlandia\u201d venne respinta da Copenaghen e Nuuk, ma che oggi assume una forma pi\u00f9 sofisticata e politicamente efficace. <a href=\"https:\/\/www.cnbc.com\/2019\/08\/21\/trump-delays-denmark-visit-as-pm-wont-talk-about-him-buying-greenland.html?utm_source=chatgpt.com\">https:\/\/www.cnbc.com\/2019\/08\/21\/trump-delays-denmark-visit-as-pm-wont-talk-about-him-buying-greenland.html<\/a><\/p>\n\n\n\n<p>Il passaggio chiave avviene nel gennaio 2026, al World Economic Forum di Davos. Qui Trump e il segretario generale della NATO Mark Rutte presentano un <strong>accordo quadro sulla sicurezza artica<\/strong>, che sposta il baricentro della questione dalla sovranit\u00e0 territoriale alla <strong>sorveglianza e al controllo militare della regione<\/strong>. Formalmente, la Groenlandia resta danese. Sostanzialmente, per\u00f2, la sicurezza dell\u2019Artico viene definita come una responsabilit\u00e0 collettiva dell\u2019Alleanza Atlantica, con un ruolo crescente per gli europei.<br><a href=\"https:\/\/www.ansa.it\/sito\/notizie\/mondo\/europa\/2026\/01\/22\/rutte-il-patto-con-trump-prevede-di-agire-sulla-sicurezza-dellartico_b4be66af-05dd-4839-9fda-e1b37989803b.html?utm_source=chatgpt.com\">https:\/\/www.ansa.it\/sito\/notizie\/mondo\/europa\/2026\/01\/22\/rutte-il-patto-con-trump-prevede-di-agire-sulla-sicurezza-dellartico_b4be66af-05dd-4839-9fda-e1b37989803b.html<\/a><\/p>\n\n\n\n<p>\u00c8 qui che emerge il nodo politico: <strong>agli europei viene chiesto di farsi carico, economicamente e operativamente, della sicurezza di un\u2019area strategica che gli Stati Uniti considerano vitale<\/strong>, pena l\u2019ipotesi \u2014 mai del tutto espunta dal discorso \u2014 di un intervento unilaterale americano. In altre parole, l\u2019alternativa implicita \u00e8 chiara: o l\u2019Europa rafforza la presenza militare e la sorveglianza nell\u2019Artico danese, oppure Washington si riserva il diritto di \u201cproteggere\u201d direttamente la Groenlandia previo incorporazione come &#8216;n&#8217; stato degli Stati Unidi d&#8217;America.<\/p>\n\n\n\n<p>Questa dinamica \u00e8 stata accolta con prudenza ma senza un vero rifiuto da parte europea. La Danimarca ha intensificato la propria presenza militare in Groenlandia e ha promosso un maggiore coinvolgimento NATO, mentre l\u2019Unione Europea ha iniziato a parlare apertamente di sicurezza artica come interesse comune. Tuttavia, il risultato pratico \u00e8 che <strong>il costo politico, finanziario e militare del controllo dell\u2019Artico nord-atlantico ricade sempre pi\u00f9 sugli alleati europei<\/strong>, mentre gli Stati Uniti mantengono il ruolo di regista strategico. <a href=\"https:\/\/www.reuters.com\/world\/europe\/denmark-discuss-arctic-security-seeks-respect-territorial-integrity-2026-01-22\/?utm_source=chatgpt.com\">https:\/\/www.reuters.com\/world\/europe\/denmark-discuss-arctic-security-seeks-respect-territorial-integrity-2026-01-22\/<\/a><\/p>\n\n\n\n<p>In questo senso, Trump pu\u00f2 rivendicare d&#8217;aver ottenuto il suo obiettivo altrimenti improbabile se la sua posizione iniziale non fosse stata cos\u00ec aggressiva ed efficace esasperando i toni improvvisamente in seguito allo shock che gli USA ci hanno provocato con il loro <a href=\"https:\/\/senzatempo.org\/index.php\/2026\/01\/05\/1493\/la-parola-agli-analisti-sullattacco-usa-a-caracas-ve\/\" target=\"_blank\" rel=\"noreferrer noopener\">blitz in Venezuela per rapirne il presidente Maduro<\/a>. Dopo quest&#8217;operazione del 3 gennaio 2026 non c&#8217;era momento migliore per dire: &#8220;<strong><em>Adesso tocca alla Groenlandia&#8221;.<\/em><\/strong> Le controparti che si sentivano coinvolte direttamente o indirettamente si sono date da fare per trovare un&#8217;alternativa, la meno peggiore ma che si aggiunge ad altre che rendono la misura colma. Tutto per gli interessi strategici statunitensi.<\/p>\n\n\n\n<p>Non \u00e8 ancora chiaro quanti &#8220;colpi&#8221; simili potr\u00e0 ancora reggere la NATO senza disfarsi, ma dopo la Groenlandia teoricamente non si pu\u00f2 pi\u00f9, altrimenti cadrebbe l&#8217;azione congiunta per aumentare la sicurezza dell&#8217;Artico con la conseguenza che gli USA annetterebbero la Groenlandia.<\/p>\n\n\n\n<p>Mi permettete di dire che come europei stiamo facendo, in qualche misura, un favore a Russia e Cina in quanto la nostra presenza non sar\u00e0 ritenuta &#8220;dura&#8221; come quella USA.<\/p>\n\n\n\n<p><strong>Link correlati:<\/strong><\/p>\n\n\n\n<div class=\"wp-block-group is-layout-grid wp-container-core-group-is-layout-9649a0d9 wp-block-group-is-layout-grid\">\n<figure class=\"wp-block-embed is-type-wp-embed is-provider-senza-tempo wp-block-embed-senza-tempo\"><div class=\"wp-block-embed__wrapper\">\n<blockquote class=\"wp-embedded-content\" data-secret=\"0mj0N16iDg\"><a href=\"https:\/\/senzatempo.org\/index.php\/2026\/01\/22\/2042\/arcticlands-us-una-proposta-cerchiobottista-per-trump\/\">ArcticLands US, una proposta cerchiobottista per Trump.<\/a><\/blockquote><iframe loading=\"lazy\" class=\"wp-embedded-content\" sandbox=\"allow-scripts\" security=\"restricted\" style=\"position: absolute; visibility: hidden;\" title=\"&#8220;ArcticLands US, una proposta cerchiobottista per Trump.&#8221; &#8212; SENZA TEMPO\" src=\"https:\/\/senzatempo.org\/index.php\/2026\/01\/22\/2042\/arcticlands-us-una-proposta-cerchiobottista-per-trump\/embed\/#?secret=8p7d6O6sWv#?secret=0mj0N16iDg\" data-secret=\"0mj0N16iDg\" width=\"600\" height=\"338\" frameborder=\"0\" marginwidth=\"0\" marginheight=\"0\" scrolling=\"no\"><\/iframe>\n<\/div><\/figure>\n\n\n\n<figure class=\"wp-block-embed is-type-wp-embed is-provider-senza-tempo wp-block-embed-senza-tempo\"><div class=\"wp-block-embed__wrapper\">\n<blockquote class=\"wp-embedded-content\" data-secret=\"8l2zebbQKn\"><a href=\"https:\/\/senzatempo.org\/index.php\/2026\/01\/24\/2087\/e-nellartico-la-nuova-febbre-delloro-la-mappa\/\">Nell&#8217;Artico l&#8217;oro del mondo, ma anche rischi mortali. La mappa.<\/a><\/blockquote><iframe loading=\"lazy\" class=\"wp-embedded-content\" sandbox=\"allow-scripts\" security=\"restricted\" style=\"position: absolute; visibility: hidden;\" title=\"&#8220;Nell&#8217;Artico l&#8217;oro del mondo, ma anche rischi mortali. La mappa.&#8221; &#8212; SENZA TEMPO\" src=\"https:\/\/senzatempo.org\/index.php\/2026\/01\/24\/2087\/e-nellartico-la-nuova-febbre-delloro-la-mappa\/embed\/#?secret=BulS4z8adE#?secret=8l2zebbQKn\" data-secret=\"8l2zebbQKn\" width=\"600\" height=\"338\" frameborder=\"0\" marginwidth=\"0\" marginheight=\"0\" scrolling=\"no\"><\/iframe>\n<\/div><\/figure>\n\n\n\n<figure class=\"wp-block-embed is-type-wp-embed is-provider-senza-tempo wp-block-embed-senza-tempo\"><div class=\"wp-block-embed__wrapper\">\n<blockquote class=\"wp-embedded-content\" data-secret=\"acivOSpYom\"><a href=\"https:\/\/senzatempo.org\/index.php\/2026\/01\/27\/2123\/la-geopolitica-della-danimarca-dal-2024-ad-oggi\/\">La geopolitica della Danimarca dal 2024 ad oggi<\/a><\/blockquote><iframe loading=\"lazy\" class=\"wp-embedded-content\" sandbox=\"allow-scripts\" security=\"restricted\" style=\"position: absolute; visibility: hidden;\" title=\"&#8220;La geopolitica della Danimarca dal 2024 ad oggi&#8221; &#8212; SENZA TEMPO\" src=\"https:\/\/senzatempo.org\/index.php\/2026\/01\/27\/2123\/la-geopolitica-della-danimarca-dal-2024-ad-oggi\/embed\/#?secret=HcFTYB636F#?secret=acivOSpYom\" data-secret=\"acivOSpYom\" width=\"600\" height=\"338\" frameborder=\"0\" marginwidth=\"0\" marginheight=\"0\" scrolling=\"no\"><\/iframe>\n<\/div><\/figure>\n\n\n\n<figure class=\"wp-block-embed is-type-wp-embed is-provider-senza-tempo wp-block-embed-senza-tempo\"><div class=\"wp-block-embed__wrapper\">\n<blockquote class=\"wp-embedded-content\" data-secret=\"YuSSqMABcN\"><a href=\"https:\/\/senzatempo.org\/index.php\/2026\/01\/27\/2116\/il-comandante-danese-in-groenlandia-non-ha-mai-visto-navi-russe-o-cinesi\/\">Il comandante danese in Groenlandia non ha \u201cMai visto navi russe o cinesi\u201d, il resto \u00e8 propaganda.<\/a><\/blockquote><iframe loading=\"lazy\" class=\"wp-embedded-content\" sandbox=\"allow-scripts\" security=\"restricted\" style=\"position: absolute; visibility: hidden;\" title=\"&#8220;Il comandante danese in Groenlandia non ha \u201cMai visto navi russe o cinesi\u201d, il resto \u00e8 propaganda.&#8221; &#8212; SENZA TEMPO\" src=\"https:\/\/senzatempo.org\/index.php\/2026\/01\/27\/2116\/il-comandante-danese-in-groenlandia-non-ha-mai-visto-navi-russe-o-cinesi\/embed\/#?secret=0kGkKcPeAc#?secret=YuSSqMABcN\" data-secret=\"YuSSqMABcN\" width=\"600\" height=\"338\" frameborder=\"0\" marginwidth=\"0\" marginheight=\"0\" scrolling=\"no\"><\/iframe>\n<\/div><\/figure>\n<\/div>\n\n\n\n<hr class=\"wp-block-separator has-text-color has-orange-color has-alpha-channel-opacity has-orange-background-color has-background is-style-wide\"\/>\n\n\n\n<div class=\"wp-block-comments\">\n\n\n\n\n\n\t<div id=\"respond\" class=\"comment-respond wp-block-post-comments-form\">\n\t\t<h3 id=\"reply-title\" class=\"comment-reply-title\"><span id=\"lascia-un-commento-annulla-risposta\">Lascia un commento <small><a rel=\"nofollow\" id=\"cancel-comment-reply-link\" href=\"\/index.php\/wp-json\/wp\/v2\/posts\/2131#respond\" style=\"display:none;\">Annulla risposta<\/a><\/small><\/span><\/h3><p class=\"must-log-in\">Devi essere <a href=\"https:\/\/senzatempo.org\/wp-login.php?redirect_to=https%3A%2F%2Fsenzatempo.org%2Findex.php%2F2026%2F01%2F28%2F2131%2Ftrump-ha-ottenuto-dalleuropa-la-sorveglianza-artica%2F\">connesso<\/a> per inviare un commento.<\/p>\t<\/div><!-- #respond -->\n\t<\/div>\n","protected":false},"excerpt":{"rendered":"Trump ha ottenuto dall\u2019Europa la sorveglianza artica. \u00c8 un successo figlio dello shock causato dal blitz militare a Caracas e dagli evidenti preparativi per un cambio di regime in Iran.\n","protected":false},"author":1,"featured_media":2134,"comment_status":"open","ping_status":"open","sticky":false,"template":"","format":"standard","meta":{"_monsterinsights_skip_tracking":false,"_monsterinsights_sitenote_active":false,"_monsterinsights_sitenote_note":"","_monsterinsights_sitenote_category":0,"footnotes":""},"categories":[1893],"tags":[379,1641,1335,1493,137,528,1642,97,99],"class_list":{"0":"post-2131","1":"post","2":"type-post","3":"status-publish","4":"format-standard","5":"has-post-thumbnail","7":"category-artico","8":"tag-danimarca","9":"tag-difesa","10":"tag-europa","11":"tag-groenlandia","12":"tag-nato","13":"tag-sicurezza","14":"tag-sorveglianza","15":"tag-trump","16":"tag-usa"},"_links":{"self":[{"href":"https:\/\/senzatempo.org\/index.php\/wp-json\/wp\/v2\/posts\/2131","targetHints":{"allow":["GET"]}}],"collection":[{"href":"https:\/\/senzatempo.org\/index.php\/wp-json\/wp\/v2\/posts"}],"about":[{"href":"https:\/\/senzatempo.org\/index.php\/wp-json\/wp\/v2\/types\/post"}],"author":[{"embeddable":true,"href":"https:\/\/senzatempo.org\/index.php\/wp-json\/wp\/v2\/users\/1"}],"replies":[{"embeddable":true,"href":"https:\/\/senzatempo.org\/index.php\/wp-json\/wp\/v2\/comments?post=2131"}],"version-history":[{"count":1,"href":"https:\/\/senzatempo.org\/index.php\/wp-json\/wp\/v2\/posts\/2131\/revisions"}],"predecessor-version":[{"id":2135,"href":"https:\/\/senzatempo.org\/index.php\/wp-json\/wp\/v2\/posts\/2131\/revisions\/2135"}],"wp:featuredmedia":[{"embeddable":true,"href":"https:\/\/senzatempo.org\/index.php\/wp-json\/wp\/v2\/media\/2134"}],"wp:attachment":[{"href":"https:\/\/senzatempo.org\/index.php\/wp-json\/wp\/v2\/media?parent=2131"}],"wp:term":[{"taxonomy":"category","embeddable":true,"href":"https:\/\/senzatempo.org\/index.php\/wp-json\/wp\/v2\/categories?post=2131"},{"taxonomy":"post_tag","embeddable":true,"href":"https:\/\/senzatempo.org\/index.php\/wp-json\/wp\/v2\/tags?post=2131"}],"curies":[{"name":"wp","href":"https:\/\/api.w.org\/{rel}","templated":true}]}}