{"id":2138,"date":"2026-01-29T04:03:01","date_gmt":"2026-01-29T03:03:01","guid":{"rendered":"https:\/\/senzatempo.org\/?p=2138"},"modified":"2026-02-28T03:53:37","modified_gmt":"2026-02-28T02:53:37","slug":"tajani-contro-i-pasdaran-per-legittimare-operazioni-militari-contro-liran","status":"publish","type":"post","link":"https:\/\/senzatempo.org\/index.php\/2026\/01\/29\/2138\/tajani-contro-i-pasdaran-per-legittimare-operazioni-militari-contro-liran\/","title":{"rendered":"Tajani contro i Pasdaran per legittimare operazioni militari contro l\u2019Iran?"},"content":{"rendered":"<div class=\"wp-block-post-time-to-read\">6\u20139 minuti<\/div>\n\n\n<p>La recente mossa diplomatica dell\u2019Italia \u2014 ovvero <strong><a href=\"https:\/\/today.lorientlejour.com\/article\/1492797\/italy-urges-eu-to-list-irans-revolutionary-guards-as-terrorist-organisation.html\" target=\"_blank\" rel=\"noreferrer noopener\">la proposta italiana di includere i <em>Pasdaran<\/em> (Guardie della Rivoluzione Iraniane) nella lista delle organizzazioni terroristiche dell\u2019Unione Europea<\/a><\/strong> \u2014 non \u00e8 un semplice gesto simbolico. \u00c8, di fatto, un cambio di rotta strategico che potrebbe avere conseguenze profonde e gravi non solo per i rapporti con Teheran, ma per la sicurezza nazionale italiana.<\/p>\n\n\n\n<h4 id=\"ancora-una-miccia-diplomatica\" class=\"wp-block-heading\"><strong>Ancora una \u201cmiccia diplomatica\u201d<\/strong><\/h4>\n\n\n\n<p>Nel corso degli anni l\u2019Italia ha gi\u00e0 prodotto dichiarazioni che, con scarso senso strategico e consapevolezza degli effetti, hanno finito per accendere tensioni internazionali. <a href=\"https:\/\/senzatempo.org\/index.php\/2026\/01\/24\/2079\/sono-bastate-due-frasi-per-rompere-rapporti-diplomatici-storici-con-la-russia\/\" target=\"_blank\" rel=\"noreferrer noopener\">Le frasi di Draghi e Di Maio nel 2022<\/a> restano esempi clamorosi di come poche parole possano avere impatti geopolitici reali. La dichiarazione di Tajani <a href=\"https:\/\/www.ansa.it\/sito\/notizie\/mondo\/2026\/01\/27\/liran-convoca-lambasciatrice-italiana-irresponsabili-dichiarazioni-del-ministro_d509880f-5d42-4d57-ac95-c53e798c33f7.html\" target=\"_blank\" rel=\"noreferrer noopener\">rischia di innescare un effetto<strong> escalation<\/strong><\/a> e una <a href=\"https:\/\/www.quotidiano.net\/esteri\/iran-conseguenze-dannose-teheran-minaccia-italia-f606zkl8\" target=\"_blank\" rel=\"noreferrer noopener\">reazione politica immediata<\/a>, per incapacit\u00e0 razionale di valutare rischi e conseguenze nel teatro mediorientale \u2014 un teatro dove la logica delle reazioni \u00e8 sempre pi\u00f9 rapida, meno prevedibile e molto consistente.<\/p>\n\n\n\n<h4 id=\"i-pasdaran-sono-parte-dello-stato-iraniano\" class=\"wp-block-heading\"><strong>I Pasdaran sono parte dello stato iraniano<\/strong><\/h4>\n\n\n\n<p>Le <em><a href=\"https:\/\/it.wikipedia.org\/wiki\/Corpo_delle_guardie_della_rivoluzione_islamica\" target=\"_blank\" rel=\"noreferrer noopener\">Guardie della Rivoluzione Islamica<\/a><\/em> (Pasdaran) sono un\u2019istituzione costituzionalmente integrata nella Repubblica islamica. Non si tratta di un\u2019organizzazione esterna o irregolare, ma di un corpo armato e politico con incarichi costituzionali e ruolo chiave nell\u2019apparato di sicurezza nazionale iraniano. Per l\u2019Iran, questa proposta italiana equivale a qualificare un pezzo fondamentale del proprio Stato come terrorista \u2014 una soglia politica dirompente.<\/p>\n\n\n\n<h4 id=\"dalla-designazione-politica-alla-complicita-morale\" class=\"wp-block-heading\"><strong>Dalla designazione politica alla complicit\u00e0 morale<\/strong><\/h4>\n\n\n\n<p style=\"font-size:17px\">Ufficializzare a livello UE che i Pasdaran sono terroristi, significa <strong>legittimare retroattivamente e moralmente<\/strong> una sequenza di omicidi mirati di alti ufficiali dell\u2019IRGC compiute da Stati terzi. A partire dall\u2019uccisione del generale Qasem Soleimani nel gennaio 2020, fino agli attacchi del 2025 contro la catena di comando iraniana, questa scelta europea equivarrebbe a sancire che quelle azioni non sono atti di guerra o assassinii politici, ma interventi \u201cgiustificati\u201d. In altre parole, l\u2019Italia si assumerebbe la responsabilit\u00e0 politica di trasformare esecuzioni extragiudiziali in precedenti accettabili, rendendosi <strong>complice morale<\/strong> di una strategia di eliminazione sistematica della leadership militare di uno Stato sovrano.<\/p>\n\n\n\n<figure class=\"wp-block-table\"><table><thead><tr><th>Nome<\/th><th>Ruolo nell\u2019IRGC \/ Pasdaran<\/th><th>Note<\/th><th>Data uccisione<\/th><\/tr><\/thead><tbody><tr><td><strong><a href=\"https:\/\/it.wikipedia.org\/wiki\/Qasem_Soleimani\" target=\"_blank\" rel=\"noreferrer noopener\">Qasem Soleimani<\/a><\/strong><\/td><td>Comandante della <strong>Quds Force<\/strong> (IRGC)<\/td><td>Operazioni estere e strategia regionale<\/td><td>3 gennaio 2020<\/td><\/tr><tr><td><strong><a href=\"https:\/\/apnews.com\/article\/israel-iran-revolutionary-guard-hossein-salami-ce75eb0aad963c6f6257e9a2c4b376ff\" target=\"_blank\" rel=\"noreferrer noopener\">Hossein Salami<\/a><\/strong><\/td><td>Comandante in capo <strong>IRGC<\/strong><\/td><td>Massima autorit\u00e0 militare del corpo<\/td><td>13 giugno 2025<\/td><\/tr><tr><td><strong><a href=\"https:\/\/tg24.sky.it\/mondo\/2025\/06\/13\/iran-militari-scienziati-nucleari-uccisi\" target=\"_blank\" rel=\"noreferrer noopener\">Mohammad Bagheri<\/a><\/strong><\/td><td>Capo di Stato Maggiore delle forze armate iraniane (coordinamento IRGC e esercito regolare)<\/td><td>Membro senior dei Pasdaran<\/td><td>13 giugno 2025<\/td><\/tr><tr><td><strong><a href=\"https:\/\/www.ilpost.it\/2025\/06\/13\/israele-distrutto-catena-comando-militare-iran\/\" target=\"_blank\" rel=\"noreferrer noopener\">Amir Ali Hajizadeh<\/a><\/strong><\/td><td>Comandante delle forze aerospaziali IRGC<\/td><td>Controllo missilistico e aerospaziale<\/td><td>13 giugno 2025<\/td><\/tr><tr><td><strong>Gholam Ali Rashid<\/strong><\/td><td>Comandante del quartier generale Khatam al-Anbiya<\/td><td>Supervisione operazioni strategiche e infrastrutture<\/td><td>13 giugno 2025<\/td><\/tr><tr><td><strong>Mohammad Kazemi<\/strong><\/td><td>Capo organizzazione intelligence IRGC<\/td><td>Intelligence e sicurezza interna<\/td><td>13 giugno 2025<\/td><\/tr><tr><td><strong>Mehdi Rabbani<\/strong><\/td><td>Vice capo delle operazioni del generale staff IRGC<\/td><td>Supporto operativo e tattico<\/td><td>13 giugno 2025<\/td><\/tr><tr><td><strong>Gholamreza Mehrabi<\/strong><\/td><td>Alto ufficiale di intelligence IRGC<\/td><td>Intelligence, sicurezza e coordinamento operativo<\/td><td>13 giugno 2025<\/td><\/tr><tr><td><strong>Ali Shadmani<\/strong><\/td><td>Comandante di Khatam al-Anbiya (subentrato dopo Rashid)<\/td><td>Supervisione infrastrutture strategiche<\/td><td>17 giugno 2025<\/td><\/tr><\/tbody><\/table><\/figure>\n\n\n\n<h4 id=\"il-plauso-immediato-dellerede-dello-scia-per-lallineamento-di-tajani\" class=\"wp-block-heading\"><strong>Il plauso immediato dell\u2019erede dello Sci\u00e0, per l\u2019allineamento di Tajani<\/strong><\/h4>\n\n\n\n<p style=\"font-size:17px\">Subito dopo l\u2019annuncio di Tajani, <strong>Reza Pahlavi \u2014 l\u2019erede dell\u2019ultimo Sci\u00e0 dell\u2019Iran e figura di opposizione in esilio \u2014 <a href=\"https:\/\/www.iranintl.com\/en\/202601277605\" target=\"_blank\" rel=\"noreferrer noopener\">ha espresso apprezzamento per la proposta italiana<\/a><\/strong> e ha ringraziato il ministro per averla portata a Bruxelles, definendola un passo a sostegno di chi si oppone al regime iraniano. Questo endorsement esterno non prova scientemente che Tajani sia \u201ccomandato\u201d, ma \u00e8 una testimonianza forte, a causa dei tempi stretti del rilancio, di come questa iniziativa sia allineata alle aspettative di un blocco di opposizione filo-occidentale, e non orientato a regolari relazioni diplomatiche.<\/p>\n\n\n\n<h4 id=\"pressione-mediatica-intrisa-di-falsita-e-narrazione-distorta\" class=\"wp-block-heading\"><strong>Pressione mediatica intrisa di falsit\u00e0 e narrazione distorta<\/strong><\/h4>\n\n\n\n<p style=\"font-size:17px\">La narrazione binaria dominante nei media occidentali semplificato spesso le dinamiche iraniane a: un potere brutale da isolare a tutti i costi e un popolo innocente da difendere. Eventi complessi \u2014 come le proteste interne, le pressioni economiche dovute alle sanzioni, e le tensioni regionali \u2014 produce consenso a favore di linee dure. La proposta italiana va in questa direzione, senza alcuna analisi.<\/p>\n\n\n\n<h4 id=\"conseguenze-per-litalia-e-le-basi-usa-sul-nostro-territorio\" class=\"wp-block-heading\"><strong>Conseguenze per l\u2019Italia e le basi USA sul nostro territorio<\/strong><\/h4>\n\n\n\n<p>Se l\u2019UE include i <em>Pasdaran<\/em> tra i terroristi, non sarebbe un atto puramente simbolico. Sarebbe un passo verso una <strong>partecipazione attiva dell\u2019Italia contro l\u2019Iran<\/strong>. In uno scenario di conflitto diretto tra Stati Uniti\/Israele e Iran:<\/p>\n\n\n\n<ul class=\"wp-block-list\">\n<li>La base militare USA in Italia di Sigonella, la pi\u00f9 importante e strategica per gli USA nel Mediterraneo e Medio Oriente, potrebbe diventare <strong>operativa per l\u2019attacco<\/strong> o il sostegno alla guerra, e quindi <strong>target legittimi \u2014 secondo la logica di deterrenza e rappresaglia iraniana<\/strong>.<\/li>\n\n\n\n<li>Anche se l\u2019Italia non decide direttamente l\u2019uso di quelle basi, la percezione esterna potrebbe cambiare: Roma verrebbe vista non come forza diplomatica indipendente, ma come pedina operativa nella strategia USA-Israele.<\/li>\n<\/ul>\n\n\n\n<p>Questo tipo di esito non \u00e8 un\u2019ipotesi remota, basi USA sono gi\u00e0 state colpite perch\u00e9 ritenute un obiettivo lecito, ok, era un attacco simbolico, ma questa volta potrebbe avvenire senza preavviso o accordi sottobanco.<\/p>\n\n\n\n<p><strong>Non vi \u00e8 ragione plausibile per cui l\u2019Italia si faccia attrarre nei guai come fosse troppo vicina ad un buco nero.<\/strong><\/p>\n\n\n\n<h4 id=\"le-notizie-di-cronaca-recenti-preparano-la-strada-a-tajani\" class=\"wp-block-heading\"><strong>Le notizie di cronaca recenti preparano la strada a Tajani?<\/strong><\/h4>\n\n\n\n<figure class=\"wp-block-embed alignleft is-type-rich is-provider-twitter wp-block-embed-twitter\"><div class=\"wp-block-embed__wrapper\">\n<blockquote class=\"twitter-tweet\" data-width=\"550\" data-dnt=\"true\"><p lang=\"en\" dir=\"ltr\">The Pahlavi lobby in the <a href=\"https:\/\/twitter.com\/Europarl_EN?ref_src=twsrc%5Etfw\">@Europarl_EN<\/a>  couldn&#39;t secure an invitation for Reza Pahlavi to the plenary in the negotiations on the resolution on Iran. <br><br>Worse, they tabled an amendment\u2026 only to have it publicly and soundly rejected by the assembly. Extremely poorly played. <a href=\"https:\/\/t.co\/x7BK6r8LSW\">https:\/\/t.co\/x7BK6r8LSW<\/a><\/p>\u2014 Eldar Mamedov (@EldarMamedov4) <a href=\"https:\/\/twitter.com\/EldarMamedov4\/status\/2014360315140415822?ref_src=twsrc%5Etfw\">January 22, 2026<\/a><\/blockquote><script async src=\"https:\/\/platform.twitter.com\/widgets.js\" charset=\"utf-8\"><\/script>\n<\/div><\/figure>\n\n\n\n<p>La strada per Tajani sembra, in apparenza, in salita, perch\u00e9 se di recente il Parlamento europeo ha rifiutato di dare al Principe Reza Pahlavi l\u2019opportunit\u00e0 di tenere un discorso a Bruxelles \u2014 con 387 voti contrari, 132 a favore e 96 astensioni \u2014 forse non \u00e8 nemmeno favorevole a votare positivamente la proposta di Tajani, ma\u2026<\/p>\n\n\n\n<p>\u2026sui media occidentali sono apparse le prime notizie sul numero delle vittime tra i manifestanti iraniani durante la repressione della polizia iraniana.<\/p>\n\n\n\n<p>Indicativamente, le vittime sono circa 30.000, tutte registrate in due giornate, tra l\u20198 e il 9 gennaio 2026, suddivise in 4.000 focolai di protesta. Tale dato non \u00e8 verificato, ma \u00e8 sostenuto dalla dichiarazione che in una localit\u00e0 hanno dovuto portare via i cadaveri dentro sacchi, usando container di 12 metri. Immagino quindi che venissero portati via centinaia di cadaveri alla volta e seppelliti in fosse comuni.<\/p>\n\n\n\n<p>A proposito di questi numeri, Paolo Ardizzone (giornlista e analista geopolitico) due settimane fa ne comunicava di diversi e da fonti difficilmente opinabili come i rilevamenti satellitari e soprattutto non si tratta di Pasdaran che uccidono cittadini che stanno liberamente protestando contro il caro vita. Ma di gruppi aizzati e armati dai servizi di intelligence straniera come Mossad, MI6 e CIA, che sono stati pesantemente repressi.<\/p>\n\n\n\n<p><\/p>\n\n\n<blockquote>\n<div class=\"pk-dropcap-simple pk-block-border-all pk-block-bg-light pk-content-block pk-block-shadows\">\n<h6 id=\"dai-rilevamenti-satellitari-risulta-che-le-manifestazioni-antigovernative-sono-drasticamente-calate-il-giorno-8-se-ne-registravano-158-il-giorno-13-solo-145-e-successo-che-molti-manifestanti-si-son\"><em>Dai rilevamenti satellitari risulta che le manifestazioni antigovernative sono drasticamente calate: il giorno 8 se ne registravano 158, il giorno 13 solo 14<sup class=\"fn\" data-fn=\"77c770b7-3fb2-4cbe-b517-f8b50ddb5e84\"><a id=\"77c770b7-3fb2-4cbe-b517-f8b50ddb5e84-link\" href=\"https:\/\/senzatempo.org\/index.php\/2026\/01\/15\/1845\/le-proteste-in-iran-secondo-salvo-ardizzone\/#77c770b7-3fb2-4cbe-b517-f8b50ddb5e84\">5<\/a><\/sup>. \u00c8 successo che molti manifestanti si sono resi conto di essere stati usati come copertura da gruppi terroristici come il Komala, il PJAK e i Mojahedin-e Khalq, manovrati dal Mossad, come dichiarato espressamente anche da Mike Pompeo, ex segretario di Stato americano. Lo confermano le numerose registrazioni, gli arresti e i terroristi intercettati e catturati dalle forze di sicurezza.<\/em><\/h6>\n<h6 id=\"si-tratta-di-circa-600-gruppi-separatisti-al-soldo-di-servizi-stranieri-e-importante-notare-in-conclusione-che-anche-se-esistono-proteste-e-per-carita-in-molti-casi-ci-sono-anche-ragioni\"><em>Si tratta di circa 600 gruppi separatisti al soldo di servizi stranieri. \u00c8 importante notare, in conclusione, che anche se esistono proteste \u2013 e per carit\u00e0, in molti casi ci sono anche ragioni reali per protestare nelle condizioni attuali \u2013 pensare che i manifestanti possano schierarsi con gli Stati Uniti o, peggio ancora, con Israele \u00e8 del tutto fuorviante.<\/em><\/h6>\nFonte:\u00a0<a href=\"https:\/\/senzatempo.org\/index.php\/2026\/01\/15\/1845\/le-proteste-in-iran-secondo-salvo-ardizzone\/\" target=\"_blank\" rel=\"noopener\">Le proteste in Iran secondo Salvo Ardizzone<\/a><\/div>\n<\/blockquote>\n\n\n<p><strong>Questa informazione sar\u00e0 nota ai parlamentari quando dovranno votare la proposta di Tajani per dichiarare che l\u2019IRGC \u00e8 un gruppo terroristico?<\/strong><\/p>\n\n\n\n<p>Conoscere e sapere quante siano state le vittime iraniane, oltre a porre in secondo ordine gli omicidi della milizia politica di Trump negli USA durante compiti ufficiali di \u201cremigrazione\u201d, predispone il Parlamento UE ad accettare la proposta di Tajani.<\/p>\n\n\n\n<p>Resta altres\u00ec sorprendente come la possibile votazione positiva alla proposta di Tajani avvenga mentre la portaerei, proveniente dall\u2019Oceano Pacifico verso il teatro del Medio Oriente, sia operativa pur rimanendo a distanza di sicurezza.<\/p>\n\n\n\n<p>Viene il sospetto che anche la notizia delle 30.000 vittime non sia poi cos\u00ec casuale; indipendentemente dalla sua veridicit\u00e0, aiuterebbe gli europei e l\u2019Italia a superare problemi giuridici nell\u2019ipotesi in cui gli USA chiedessero di usare le loro basi in Italia\/UE per una missione in Medio Oriente contro l\u2019Iran.<\/p>\n\n\n\n<h4 id=\"con-i-pasdaran-terroristi-lopzione-guerra-come-in-afganistan-e-dietro-langolo\" class=\"wp-block-heading\">Con i Pasdaran \u201cterroristi\u201d, l\u2019opzione guerra come in Afganistan \u00e8 dietro l\u2019angolo.<\/h4>\n\n\n\n<p>Se il Parlamento UE approvasse la proposta Tajani, scatterebbe automaticamente l\u2019applicazione dell\u2019intero impianto antiterrorismo USA-UE.<br>Ci\u00f2 fornirebbe alla NATO una <strong>copertura giuridica formale<\/strong> per operazioni dirette o indirette contro l\u2019Iran.<br>Una legalit\u00e0 apparente che non elimina affatto la conseguenza strategica: <strong>una risposta iraniana certa<\/strong>, con <strong>Sigonella<\/strong> tra gli obiettivi prioritari sul territorio italiano.<\/p>\n\n\n\n<hr class=\"wp-block-separator has-text-color has-luminous-vivid-amber-color has-alpha-channel-opacity has-luminous-vivid-amber-background-color has-background is-style-wide\"\/>\n\n\n\n<div class=\"wp-block-comments\"><h2 id=\"comments\" class=\"wp-block-comments-title\"><span id=\"una-risposta-a-tajani-contro-i-pasdaran-per-legittimare-operazioni-militari-contro-liran\">Una risposta a \u201cTajani contro i Pasdaran per legittimare operazioni militari contro l\u2019Iran?\u201d<\/span><\/h2>\n\n<ol class=\"wp-block-comment-template\"><li id=\"comment-274\" class=\"pingback even thread-even depth-1\">\n\n<div class=\"wp-block-columns is-layout-flex wp-container-core-columns-is-layout-9d6595d7 wp-block-columns-is-layout-flex\">\n<div class=\"wp-block-column is-layout-flow wp-block-column-is-layout-flow\" style=\"flex-basis:40px\"><div class=\"wp-block-avatar\">  <\/div><\/div>\n\n\n\n<div class=\"wp-block-column is-layout-flow wp-block-column-is-layout-flow\"><div class=\"wp-block-comment-author-name has-small-font-size\"><a rel=\"external nofollow ugc\" href=\"https:\/\/senzatempo.org\/index.php\/2026\/02\/28\/3166\/uno-sguardo-alliran-pacifico\/\" target=\"_self\" >Uno sguardo all\u2019Iran pacifico. \u2013 SENZA TEMPO<\/a><\/div>\n\n\n<div class=\"wp-block-group is-layout-flex wp-block-group-is-layout-flex\" style=\"margin-top:0px;margin-bottom:0px\"><div class=\"wp-block-comment-date has-small-font-size\"><time datetime=\"2026-02-28T16:29:27+01:00\"><a href=\"https:\/\/senzatempo.org\/index.php\/2026\/01\/29\/2138\/tajani-contro-i-pasdaran-per-legittimare-operazioni-militari-contro-liran\/#comment-274\">28 Febbraio 2026<\/a><\/time><\/div>\n\n<\/div>\n\n\n<div class=\"wp-block-comment-content\">[\u2026] su un paese, per certi versi, culla della civilt\u00e0 da ben oltre il 5000 a.C.Quando uno come Tajani propone al parlamento UE di votare per mettere nella lista dei gruppi terroristici i Pasdaran\u2026, quando probabilmente non sa nemmeno chi sono, \u00e8 una vergogna. Mentre coloro che hanno introdotto [\u2026]\n<\/div>\n\n<div class=\"wp-block-comment-reply-link has-small-font-size\"><a rel=\"nofollow\" class=\"comment-reply-login\" href=\"https:\/\/senzatempo.org\/wp-login.php?redirect_to=https%3A%2F%2Fsenzatempo.org%2Findex.php%2F2026%2F01%2F29%2F2138%2Ftajani-contro-i-pasdaran-per-legittimare-operazioni-militari-contro-liran%2F\">Accedi per rispondere<\/a><\/div><\/div>\n<\/div>\n\n<\/li><\/ol>\n\n\n\n\t<div id=\"respond\" class=\"comment-respond wp-block-post-comments-form\">\n\t\t<h3 id=\"reply-title\" class=\"comment-reply-title\"><span id=\"lascia-un-commento-annulla-risposta\">Lascia un commento <small><a rel=\"nofollow\" id=\"cancel-comment-reply-link\" href=\"\/index.php\/wp-json\/wp\/v2\/posts\/2138#respond\" style=\"display:none;\">Annulla risposta<\/a><\/small><\/span><\/h3><p class=\"must-log-in\">Devi essere <a href=\"https:\/\/senzatempo.org\/wp-login.php?redirect_to=https%3A%2F%2Fsenzatempo.org%2Findex.php%2F2026%2F01%2F29%2F2138%2Ftajani-contro-i-pasdaran-per-legittimare-operazioni-militari-contro-liran%2F\">connesso<\/a> per inviare un commento.<\/p>\t<\/div><!-- #respond -->\n\t<\/div>\n","protected":false},"excerpt":{"rendered":"Sembra impossibile che l&#8217;Italia riesca ad attirare a se esclusivamente i problemi. In futuro non sono escluse partecipazioni militare attive all&#8217;estero.\n","protected":false},"author":1,"featured_media":2139,"comment_status":"open","ping_status":"open","sticky":false,"template":"","format":"standard","meta":{"_monsterinsights_skip_tracking":false,"_monsterinsights_sitenote_active":false,"_monsterinsights_sitenote_note":"","_monsterinsights_sitenote_category":0,"footnotes":""},"categories":[645],"tags":[472,1372,761,1650,1648,1645,1649,1647,1644,1646,218],"class_list":{"0":"post-2138","1":"post","2":"type-post","3":"status-publish","4":"format-standard","5":"has-post-thumbnail","7":"category-politica","8":"tag-guerra","9":"tag-iran","10":"tag-italia","11":"tag-medio-oriente","12":"tag-parlamento-ue","13":"tag-pasdaran","14":"tag-portaerei","15":"tag-reza-ciro-pahlavi","16":"tag-tajani","17":"tag-terroristi","18":"tag-ue"},"_links":{"self":[{"href":"https:\/\/senzatempo.org\/index.php\/wp-json\/wp\/v2\/posts\/2138","targetHints":{"allow":["GET"]}}],"collection":[{"href":"https:\/\/senzatempo.org\/index.php\/wp-json\/wp\/v2\/posts"}],"about":[{"href":"https:\/\/senzatempo.org\/index.php\/wp-json\/wp\/v2\/types\/post"}],"author":[{"embeddable":true,"href":"https:\/\/senzatempo.org\/index.php\/wp-json\/wp\/v2\/users\/1"}],"replies":[{"embeddable":true,"href":"https:\/\/senzatempo.org\/index.php\/wp-json\/wp\/v2\/comments?post=2138"}],"version-history":[{"count":4,"href":"https:\/\/senzatempo.org\/index.php\/wp-json\/wp\/v2\/posts\/2138\/revisions"}],"predecessor-version":[{"id":3175,"href":"https:\/\/senzatempo.org\/index.php\/wp-json\/wp\/v2\/posts\/2138\/revisions\/3175"}],"wp:featuredmedia":[{"embeddable":true,"href":"https:\/\/senzatempo.org\/index.php\/wp-json\/wp\/v2\/media\/2139"}],"wp:attachment":[{"href":"https:\/\/senzatempo.org\/index.php\/wp-json\/wp\/v2\/media?parent=2138"}],"wp:term":[{"taxonomy":"category","embeddable":true,"href":"https:\/\/senzatempo.org\/index.php\/wp-json\/wp\/v2\/categories?post=2138"},{"taxonomy":"post_tag","embeddable":true,"href":"https:\/\/senzatempo.org\/index.php\/wp-json\/wp\/v2\/tags?post=2138"}],"curies":[{"name":"wp","href":"https:\/\/api.w.org\/{rel}","templated":true}]}}