{"id":3244,"date":"2026-03-05T02:19:50","date_gmt":"2026-03-05T01:19:50","guid":{"rendered":"https:\/\/senzatempo.org\/?p=3244"},"modified":"2026-03-05T03:31:21","modified_gmt":"2026-03-05T02:31:21","slug":"ursula-von-der-leyen-dobbiamo-costruire-unimmunita-sociale-attorno-alla-manipolazione-dellinformazione","status":"publish","type":"post","link":"https:\/\/senzatempo.org\/index.php\/2026\/03\/05\/3244\/ursula-von-der-leyen-dobbiamo-costruire-unimmunita-sociale-attorno-alla-manipolazione-dellinformazione\/","title":{"rendered":"Ursula von der Leyen: \u201cdobbiamo costruire un\u2019immunit\u00e0 sociale attorno alla manipolazione dell\u2019informazione\u201d"},"content":{"rendered":"<div class=\"wp-block-post-time-to-read\">7\u201311 minuti<\/div>\n\n\n<p>Articolo di <a href=\"https:\/\/presskit.it\/2025\/12\/29\/ursula-von-der-leyen-dobbiamo-costruire-unimmunita-sociale-attorno-alla-manipolazione-dellinformazione\/\" target=\"_blank\" rel=\"noreferrer noopener\"><strong>presskit.it<\/strong><\/a><br>29 Dic 2025<\/p>\n\n\n\n<p>Ursula von der Leyen in un discorso che sta diventano famoso ha delineato una visione che va oltre la semplice lotta alla disinformazione online, collocando la questione della manipolazione dell\u2019informazione al centro delle sfide politiche e sociali dell\u2019era digitale. \u00abCon l\u2019evoluzione della tecnologia, dobbiamo costruire un\u2019immunit\u00e0 sociale attorno alla manipolazione dell\u2019informazione\u00bb, ha affermato, indicando come il problema non riguardi solo i contenuti falsi in s\u00e9, ma la vulnerabilit\u00e0 strutturale delle societ\u00e0 contemporanee di fronte a narrazioni distorte e campagne mirate.<\/p>\n\n\n\n<p>Nel suo intervento, von der Leyen ha richiamato studi e ricerche che suggerirebbero un cambio di approccio rispetto alle strategie adottate finora. \u00abLa ricerca ha mostrato che la pre-smentita \u00e8 molto pi\u00f9 efficace della smentita\u00bb, ha spiegato, introducendo una distinzione concettuale netta tra l\u2019azione preventiva e l\u2019intervento successivo. \u00abLa smentita \u00e8 fondamentalmente l\u2019opposto della pre-smentita\u00bb. In questo quadro, il problema non \u00e8 solo smentire informazioni false, ma farlo quando ormai hanno gi\u00e0 trovato terreno fertile nell\u2019opinione pubblica, influenzando percezioni, emozioni e comportamenti.<\/p>\n\n\n\n<p>La presidente della Commissione europea ha insistito sul fatto che l\u2019approccio preventivo non \u00e8 una scorciatoia comunicativa, ma una strategia fondata sulla consapevolezza. \u00abIn breve, la pre-smentita \u00e8 intelligente, ma vera\u00bb, ha detto, suggerendo che preparare i cittadini a riconoscere le tecniche di manipolazione significhi rafforzare la loro capacit\u00e0 di giudizio prima ancora che il messaggio distorto produca effetti. In questa prospettiva, la manipolazione dell\u2019informazione viene descritta come un fenomeno concreto e pervasivo, non come un\u2019eccezione. \u00abL\u2019esistenza stessa della manipolazione dell\u2019informazione \u00e8 reale\u00bb, ha sottolineato, richiamando l\u2019attenzione sulla sua capacit\u00e0 di insinuarsi nel dibattito pubblico in modo spesso invisibile.<\/p>\n\n\n\n<p>Von der Leyen ha quindi messo in guardia contro una risposta esclusivamente reattiva, basata sulla correzione tardiva delle falsit\u00e0. \u00abInvece di intervenire su un\u2019informazione una volta che ha gi\u00e0 attecchito, entrando allora nella smentita, \u00e8 molto meglio vaccinare in anticipo, in modo che il corpo sia inoculato\u00bb. L\u2019analogia sanitaria, centrale nel suo discorso, serve a descrivere la disinformazione come un agente capace di diffondersi rapidamente e di mutare forma, rendendo pi\u00f9 difficile contrastarla una volta che si \u00e8 radicata.<\/p>\n\n\n\n<p>Da qui la convinzione che la prevenzione sia l\u2019opzione pi\u00f9 sicura. \u00abLa pre-smentita \u00e8 l\u2019approccio sicuro\u00bb, ha affermato, collegando questa scelta al rischio di propagazione virale dei contenuti ingannevoli. \u00abPerch\u00e9 la disinformazione, agli occhi delle persone, pu\u00f2 essere trasmessa ad altri\u00bb. In questo passaggio emerge l\u2019idea che ogni cittadino non sia solo potenziale vittima, ma anche possibile vettore della manipolazione, rendendo la questione un problema collettivo e non individuale.<\/p>\n\n\n\n<p>Secondo la presidente della Commissione, la risposta passa quindi dalla conoscenza. \u00ab\u00c8 essenziale che le persone sappiano qual \u00e8 l\u2019influenza delle informazioni malevole e quali sono le tecniche che stanno dietro ad esse\u00bb. La consapevolezza dei meccanismi comunicativi, delle leve emotive e delle strategie di diffusione diventa cos\u00ec uno strumento di difesa democratica, capace di ridurre l\u2019impatto delle campagne di disinformazione senza ricorrere esclusivamente a interventi correttivi o repressivi.<\/p>\n\n\n\n<p>Nel suo intervento conclusivo, von der Leyen ha legato direttamente informazione e resilienza sociale. \u00abLa conoscenza riduce le probabilit\u00e0 di essere influenzati o spinti in una certa direzione\u00bb, ha affermato, sostenendo che l\u2019accumulo di consapevolezza nel tempo rafforza il tessuto collettivo. \u00abEd \u00e8 cos\u00ec che si costruisce una societ\u00e0 resiliente, di cui ci sar\u00e0 bisogno\u00bb. Una resilienza che, nel suo discorso, appare come una condizione necessaria per affrontare le trasformazioni tecnologiche e comunicative in corso, e non come una semplice aspirazione.<\/p>\n\n\n\n<p><a href=\"https:\/\/t.me\/la_voce_libera\/79641\" target=\"_blank\" rel=\"noreferrer noopener\">Qui<\/a>\u00a0trovate il discorso di Ursula von Der Leyen<\/p>\n\n\n\n<p><strong>Link all\u2019art. originale:<\/strong> <a href=\"https:\/\/presskit.it\/2025\/12\/29\/ursula-von-der-leyen-dobbiamo-costruire-unimmunita-sociale-attorno-alla-manipolazione-dellinformazione\/\">https:\/\/presskit.it\/2025\/12\/29\/ursula-von-der-leyen-dobbiamo-costruire-unimmunita-sociale-attorno-alla-manipolazione-dellinformazione\/<\/a><\/p>\n\n\n\n<p><strong>Data dell\u2019art.: <\/strong>29 Dicembre 2026<\/p>\n\n\n\n<p><em>Le opinioni espresse in questo articolo sono dell\u2019autore (presskit.it).<\/em><\/p>\n\n\n\n<p><strong>Per non dimenticare \u2013 settembre 2025<\/strong> \u2013\u00a0<a href=\"https:\/\/presskit.it\/2025\/09\/02\/censura-bloccato-laccount-linkedin-di-giorgio-bianchi-prima-dellultimo-attacco-a-gaza-nessuna-correlazione-nessuna-spiegazione\/\">Censura: bloccato l\u2019account Linkedin di Giorgio Bianchi prima dell\u2019ultimo attacco a Gaza. Nessuna correlazione, nessuna spiegazione<\/a><\/p>\n\n\n\n<p><strong>Per non dimenticare \u2013 aprile 2025<\/strong>:\u00a0<a href=\"https:\/\/presskit.it\/2025\/04\/27\/censura-facebook-chiude-lo-storico-gruppo-sul-metodo-di-bella-per-le-cure-del-cancro-senza-chemio-aperto-un-nuovo-spazio-per-i-pazienti-in-poche-ore-ha-gia-migliaia-di-iscritti\/\">Censura: Facebook chiude lo storico gruppo sul Metodo Di Bella, per le cure del cancro senza chemio, aperto un nuovo spazio per i pazienti in poche ore ha gi\u00e0 migliaia di iscritti<\/a><\/p>\n\n\n\n<p><strong>Per non dimenticare \u2013 luglio 2024<\/strong>:\u00a0<a href=\"https:\/\/presskit.it\/2024\/07\/28\/censura-youtube-chiude-settimana-canale-visione-tv\/\">Censura: YouTube chiude per una settimana il canale di Visione Tv<\/a><\/p>\n\n\n\n<p><strong>Per non dimenticare \u2013 gennaio 2024<\/strong>:\u00a0<a href=\"https:\/\/presskit.it\/2024\/01\/25\/censura-facebook-chiude-la-pagina-byoblu-la-tv-indipendente\/\">Censura: Facebook chiude la pagina di ByoBlu, la tv indipendente<\/a><\/p>\n\n\n\n<p><strong>Per non dimenticare \u2013 luglio 2022<\/strong>:\u00a0<a href=\"https:\/\/presskit.it\/2022\/07\/06\/censura-line-facebook-blocca-30-giorni-la-gente-la-denuncia-stefano-puzzer\/\">Censura on line: Facebook blocca per 30 giorni \u201cLa gente come noi\u201d. La denuncia di Stefano Puzzer<\/a><\/p>\n\n\n\n<p>Per non dimenticare:\u00a0<a href=\"https:\/\/presskit.it\/2024\/08\/27\/facebook-ammette-la-censura-lettera-inviata-al-comitato-la-magistratura-della-camera-dei-rappresentanti-degli-stati-uniti\/\">Facebook ammette la censura in una lettera inviata al Comitato per la magistratura della Camera dei rappresentanti degli Stati Uniti<\/a><\/p>\n\n\n\n<p>Prima vittoria giudiziale contro la censura:\u00a0<a href=\"https:\/\/presskit.it\/2024\/06\/28\/la-corte-costituzionale-del-costa-rica-vieta-la-censura-ai-medici-anche-parte-delle-associazioni-pretesto-combattere-la-disinformazione\/\">La Corte Costituzionale del Costa Rica vieta la censura ai medici, anche da parte delle loro associazioni, che l\u2019hanno attuata con il pretesto di combattere la disinformazione<\/a><\/p>\n\n\n\n<p>Per non dimenticare:\u00a0<a href=\"https:\/\/presskit.it\/2024\/08\/18\/censura-carcere-inghilterra-possibile-perche-la-costituzione-non-scritta-consuetudinaria-sostanzialmente-onnipotenti-possono-decidere-quello-vogliono-avv-fusillo\/\">Censura e carcere in Inghilterra: \u00e8 possibile perch\u00e9 la costituzione non \u00e8 scritta, \u00e8 consuetudinaria, \u201csono sostanzialmente onnipotenti e possono decidere quello che vogliono\u201d, avv. Fusillo<\/a><\/p>\n\n\n\n<p>Pu\u00f2 interessarti anche:\u00a0<a href=\"https:\/\/presskit.it\/2025\/02\/16\/censura-diminuiranno-fact-checkers-quello-non-cambiera-sara-la-circolazione-limitata-lo-shadow-banning-lalgoritmo-giorgio-bianchi\/\">Censura: \u201cdiminuiranno i fact-checkers, ma quello che non cambier\u00e0 sar\u00e0 la circolazione limitata, lo shadow banning, l\u2019algoritmo\u201d, Giorgio Bianchi<\/a><\/p>\n\n\n\n<p>Per non dimenticare:\u00a0<a href=\"https:\/\/presskit.it\/2024\/06\/21\/pericolosita-trasfusioni-vaccinati-facebook-censura-le-dichiarazioni-del-dott-giuseppe-barbaro-un-articolo-croato-ammette-queste-richieste-arrivano-piu-un-anno-alle-ist\/\">Pericolosit\u00e0 trasfusioni da vaccinati: Facebook censura noi e le dichiarazioni del dott. Giuseppe Barbaro con un articolo in croato che ammette che queste richieste arrivano da pi\u00f9 di un anno alle istituzioni, ma non vengono prese in considerazione<\/a><\/p>\n\n\n\n<p>Per non dimenticare:\u00a0<a href=\"https:\/\/presskit.it\/2024\/06\/14\/censurato-studio-sul-rischio-cancro-vaccinazione-anti-covid-nel-2021-altri-studiosi-confermato-risultati-vaccino-dovevano-sicuri-ed-efficaci\/\">Censurato studio sul rischio cancro da vaccinazione anti Covid nel 2021, altri studiosi hanno poi confermato i risultati. I vaccini dovevano essere sicuri ed efficaci<\/a><\/p>\n\n\n\n<p>Per non dimenticare:\u00a0<a href=\"https:\/\/presskit.it\/2024\/06\/23\/lavoro-sulla-mortalita-tachipirina-vigile-attesa-cui-gli-autori-chiamavano-protocollo-eutanasia-geriatrica-ritirato-censurato-la-denuncia-laura-teodori\/\">Lo studio sulla mortalit\u00e0 con Tachipirina e vigile attesa, in cui gli autori chiamavano questo protocollo eutanasia geriatrica, \u00e8 stato ritirato, censurato. La denuncia di Laura Teodori<\/a><\/p>\n\n\n\n<p>Pu\u00f2 interessarti anche:\u00a0<a href=\"https:\/\/presskit.it\/2024\/05\/25\/la-portavoce-delle-nazioni-unite-promuove-la-censura-globale-la-scusa-della-lotta-alla-disinformazione\/\">La portavoce delle Nazioni Unite promuove la censura globale con la scusa della lotta alla disinformazione<\/a><\/p>\n\n\n\n<p>Pu\u00f2 interessarti anche:\u00a0<a href=\"https:\/\/presskit.it\/2023\/08\/26\/la-censura-ue-arriva-prima-di-3-grandi-eventi-elezioni-europee-cessione-poteri-alloms-e-linverno-con-il-ritorno-del-covid-un-caso\/\">La censura Ue arriva prima di 3 grandi eventi: elezioni europee, cessione poteri all\u2019Oms e l\u2019inverno con il ritorno del Covid\u2026 un caso?<\/a><\/p>\n\n\n\n<p>Pu\u00f2 interessarti anche:\u00a0<a href=\"https:\/\/presskit.it\/2023\/10\/11\/disinformazione-si-intende-informazione-differisca-quel-momento-dalle-pozioni-politiche-dott-robert-malone\/\">\u201cPer disinformazione si intende qualsiasi informazione che differisca in quel momento dalle pozioni politiche\u201d, Dott. Robert Malone<\/a><\/p>\n\n\n\n<p>Pu\u00f2 interessarti anche:\u00a0<a href=\"https:\/\/presskit.it\/2024\/05\/03\/assenza-censura-le-grandi-bugie-verranno-ridotte-brandelli-la-propaganda-arriva-sempre-la-censura\/\">\u201cIn assenza di censura le grandi bugie verranno ridotte a brandelli. Per questo la propaganda arriva sempre con la censura\u201d, Daniel Klein<\/a><\/p>\n\n\n\n<p>Pu\u00f2 interessarti anche:\u00a0<a href=\"https:\/\/presskit.it\/2023\/11\/04\/digital-service-act-norma-bianco-affida-la-censura-un-organismo-esterno-non-eletto-lanalisi-due-avvocati\/\">Digital Service Act: una norma in bianco che affida la censura a un organismo esterno non eletto, l\u2019analisi di due avvocati<\/a><\/p>\n\n\n\n<p>Pu\u00f2 interessarti anche:\u00a0<a href=\"https:\/\/presskit.it\/2023\/12\/21\/interrogazione-parlamentare-sulla-censura-testate-giornalistiche-parte-delle-piattaforme-social\/\">Interrogazione parlamentare sulla censura a testate giornalistiche da parte delle piattaforme social<\/a><\/p>\n\n\n\n<p>Pu\u00f2 interessarti anche:\u00a0<a href=\"https:\/\/presskit.it\/2023\/08\/31\/difendersi-dalla-censura-ue-al-primo-attacco-denunciare-e-reagire-tutti-come-veste-impazzite-arnaldo-vitangeli\/\">Difendersi dalla censura UE: al primo attacco denunciare e reagire tutti \u201ccome veste impazzite\u201d, Arnaldo Vitangeli<\/a><\/p>\n\n\n\n<p>Pu\u00f2 interessarti anche:\u00a0<a href=\"https:\/\/presskit.it\/2023\/11\/01\/censura-sui-social-ce-qualcosa-non-va-si-toglie-non-solo-la-parte-incriminata-non-viene-neppure-indicata\/\">Censura sui social: \u201cc\u2019\u00e8 qualcosa che non va\u201d, si toglie tutto non solo la parte incriminata che non viene neppure indicata<\/a><\/p>\n\n\n\n<p>Pu\u00f2 interessarti anche:\u00a0<a href=\"https:\/\/presskit.it\/2023\/10\/12\/elion-musk-la-censura-europea-lonere-trovare-contenuto-disinformazione-carico-x\/\">Elion Musk e la censura europea: l\u2019onere di trovare i contenuto di \u201cdisinformazione\u201d sono a carico di X<\/a><\/p>\n\n\n\n<p>Pu\u00f2 interessarti anche:\u00a0<a href=\"https:\/\/presskit.it\/2023\/10\/07\/la-censura-danneggiato-tutti-portato-politiche-autoritarie-informazioni-non-vere-sulla-sicurezza-dei-vaccini\/\">Come la censura ha danneggiato tutti: ha portato politiche autoritarie e informazioni non vere sulla sicurezza dei vaccini<\/a><\/p>\n\n\n\n<p>Pu\u00f2 interessarti anche:\u00a0<a href=\"https:\/\/presskit.it\/2023\/07\/20\/silenzio-la-censura-ci-rende-vulnerabili-ci-separato-un-motivo-andrea-nazarenko\/\">\u201cIl silenzio, la censura ci rende vulnerabili. Ci hanno separato per un motivo\u201d, Andrea Nazarenko<\/a><\/p>\n\n\n\n<p>Pu\u00f2 interessarti anche:\u00a0<a href=\"https:\/\/presskit.it\/2023\/08\/25\/youtube-la-politica-censura-la-disinformazione-medica-opinioni-contrarie-alloms-rimosse\/\">YouTube e la politica di censura contro la \u201cdisinformazione medica\u201d: opinioni contrarie all\u2019Oms rimosse<\/a><\/p>\n\n\n\n<p>Pu\u00f2 interessarti anche:\u00a0<a href=\"https:\/\/presskit.it\/2023\/07\/02\/censura-molestie-informatiche-a-ricercatori-non-allineati-la-denuncia-del-dott-didier-raoult\/\">Censura: molestie informatiche a ricercatori non allineati, la denuncia del dott. Didier Raoult<\/a><\/p>\n\n\n\n<p>Per non dimenticare:\u00a0<a href=\"https:\/\/presskit.it\/2022\/03\/03\/lunione-europea-censura-media-russi-sputnik-rt-ci-priva-della-possibilita-leggerli\/\">L\u2019Unione Europea censura i media russi Sputnik e RT, e ci priva della possibilit\u00e0 di leggerli<\/a><\/p>\n\n\n\n<p>Per non dimenticare:\u00a0<a href=\"https:\/\/presskit.it\/2023\/04\/27\/europa-la-liberta-parola-non-illimitata-tutelarci-limitano-la-propaganda-vera-jourova-vice-presidente-della-commissione-europea\/\">In Europa \u201cla libert\u00e0 di parola non \u00e8 illimitata\u201d per tutelarci limitano la \u201cpropaganda\u201d, Vera Jourova, vice presidente della Commissione europea<\/a><\/p>\n\n\n\n<p>Per non dimenticare:\u00a0<a href=\"https:\/\/presskit.it\/2023\/06\/25\/leuropa-censura-social-anche-americani-gli-usa-al-momento-tacciono\/\">L\u2019Europa censura i social, anche americani. Gli Usa al momento tacciono<\/a><\/p>\n\n\n\n<p>Pu\u00f2 interessarti anche:\u00a0<a href=\"https:\/\/presskit.it\/2023\/06\/08\/disinformazione-sono-le-stesse-piattaforme-a-documentare-la-censura-avv-renate-holzeisen\/\">\u201cDisinformazione\u201d: sono le stesse piattaforme a documentare la censura, avv. Renate Holzeisen<\/a><\/p>\n\n\n\n<p>Per non dimenticare:\u00a0<a href=\"https:\/\/presskit.it\/2024\/03\/31\/facebook-censura-radio-mario-la-via-crucis-immagini-nudo-forse-non-sa-cristo-fu-spogliato-delle-vesti-le-parti-intime-coperte-panni\/\">Facebook censura Radio Maria per la Via Crucis per \u201cimmagini di nudo\u201d, forse \u201cnon sa che il Cristo fu spogliato delle vesti ma le parti intime coperte con panni\u201d<\/a><\/p>\n\n\n\n<p>Per non dimenticare:\u00a0<a href=\"https:\/\/presskit.it\/2023\/06\/13\/bassetti-vaccini-non-puo-non-deve-medico\/\">Bassetti: \u201cchi \u00e8 contro i vaccini non pu\u00f2 e non deve fare il medico\u201d<\/a><\/p>\n\n\n\n<p>Pu\u00f2 interessarti anche:\u00a0<a href=\"https:\/\/presskit.it\/2023\/06\/07\/censura-sui-social-media-leuropa-e-molto-piu-avanti-delloms\/\">Censura sui social media: l\u2019Europa \u00e8 molto pi\u00f9 avanti dell\u2019Oms<\/a><\/p>\n\n\n\n<p>Pu\u00f2 interessarti anche:\u00a0<a href=\"https:\/\/presskit.it\/2023\/06\/22\/la-censura-resta-impunita-la-denuncia-avvocati-liberi\/\">La censura resta impunita. La denuncia di Avvocati Liberi<\/a><\/p>\n\n\n\n<p>Per non dimenticare:\u00a0<a href=\"https:\/\/presskit.it\/2023\/02\/28\/ue-nessun-accesso-agli-sms-della-von-der-leyen-ma-plauso-al-mediatore-per-la-trasparenza\/\">UE: nessun accesso agli sms della Von der Leyen, ma plauso al mediatore per la trasparenza<\/a><\/p>\n\n\n\n<p>Pu\u00f2 interessarti anche:\u00a0<a href=\"https:\/\/presskit.it\/2022\/07\/01\/pfizer-ursula-von-der-leyen-spariti-messaggi-documenti-effimeri-non-vengono-conservati\/\">Pfizer e Ursula von der Leyen: spariti i messaggi. \u201cI documenti effimeri non vengono conservati\u201d<\/a><\/p>\n\n\n\n<p>Per non dimenticare:\u00a0<a href=\"https:\/\/presskit.it\/2023\/06\/08\/disinformazione-sono-le-stesse-piattaforme-a-documentare-la-censura-avv-renate-holzeisen\/\">\u201cDisinformazione\u201d: sono le stesse piattaforme a documentare la censura, avv. Renate Holzeisen<\/a><\/p>\n\n\n\n<p>Per non dimenticare:\u00a0<a href=\"https:\/\/presskit.it\/2023\/02\/28\/canada-google-blocca-alcune-notizie-come-test-per-il-disegno-di-legge-sulla-censura-di-internet\/\">Canada: Google blocca alcune notizie come test per il disegno di legge sulla censura di Internet<\/a><\/p>\n\n\n\n<p>Per non dimenticare:\u00a0<a href=\"https:\/\/presskit.it\/2023\/02\/12\/come-e-avvenuta-censura-surrogata-sui-social-durante-la-pandemia-testimonianze-alla-commissione-usa\/\">Come \u00e8 avvenuta \u201ccensura surrogata\u201d sui social durante la pandemia: testimonianze alla commissione Usa<\/a><\/p>\n\n\n\n<p>Per non dimenticare:\u00a0<a href=\"https:\/\/presskit.it\/2022\/10\/19\/pandemia-la-risposta-alle-proteste-della-gente-e-stato-il-silenzio-dei-media-una-forma-di-censura\/\">Pandemia: la risposta alle proteste della gente \u00e8 stato il silenzio dei media, una forma di censura<\/a><\/p>\n\n\n\n<p>Per non dimenticare:\u00a0<a href=\"https:\/\/presskit.it\/2023\/04\/29\/cancellato-byoblu-wikipedia-libera-collaborativa-lenciclopedia-line-ignora-la-tv-dei-cittadini\/\">Cancellato ByoBlu da una Wikipedia \u201clibera e collaborativa\u201d. L\u2019enciclopedia on line ignora la tv dei cittadini<\/a><\/p>\n\n\n\n<p>Per non dimenticare:\u00a0<a href=\"https:\/\/presskit.it\/2022\/08\/21\/facebook-instagram-cancellano-childrens-health-defense-censura-azione\/\">Facebook e Instagram cancellano Children\u2019s Health Defense. Censura in azione<\/a><\/p>\n\n\n\n<p>Per non dimenticare:\u00a0<a href=\"https:\/\/presskit.it\/2022\/09\/06\/twitter-censura-la-foto-bolletta-un-panettiere-tedesco-violazione-delle-norme\/\">Twitter censura la foto di una bolletta di un panettiere tedesco. \u201cViolazione delle norme\u201d<\/a><\/p>\n\n\n\n<p>Per non dimenticare:\u00a0<a href=\"https:\/\/presskit.it\/2022\/08\/11\/censura-lo-perche-non-la-forza-controbattere-cosi-usa-la-violenza-stefano-montari\/\">\u201cChi censura lo fa perch\u00e9 non ha la forza di controbattere. Cos\u00ec usa la violenza!\u201d, Stefano Montari<\/a><\/p>\n\n\n\n<p>Per non dimenticare:\u00a0<a href=\"https:\/\/presskit.it\/2023\/01\/30\/liberazione-auschwitz-cosi-google-non-solo-riscrive-la-storia\/\">Liberazione di Auschwitz: cos\u00ec Google e non solo riscrive la storia<\/a><\/p>\n\n\n\n<p>Per non dimenticare:\u00a0<a href=\"https:\/\/presskit.it\/2023\/02\/06\/nessuna-manipolazione-della-storia-auschwitz-change-org-cancella-la-petizione-la-verita\/\">\u201cNessuna manipolazione della storia!\u201d su Auschwitz. Change.org cancella la petizione per la verit\u00e0<\/a><\/p>\n\n\n\n<p>Per non dimenticare:\u00a0<a href=\"https:\/\/presskit.it\/2022\/03\/05\/censura-russia-non-si-puo-parlare-guerra-invasione-solo-operazione-militare-speciale\/\">Censura: in Russia non si pu\u00f2 parlare di guerra o invasione, solo \u201coperazione militare speciale\u201d<\/a><\/p>\n\n\n\n<p>Per non dimenticare:\u00a0<a href=\"https:\/\/presskit.it\/2022\/05\/23\/la-lettonia-vuole-rimuovere-monumenti-russi-dellepoca-delloccupazione-un-caso-discutere\/\">La Lettonia vuole rimuovere i monumenti russi dell\u2019epoca dell\u2019occupazione. Un caso che fa discutere<\/a><\/p>\n\n\n\n<p>Pu\u00f2 interessarti anche:\u00a0<a href=\"https:\/\/presskit.it\/2022\/02\/05\/la-politica-censura-del-pensiero-unico-calare-gli-utenti-anche-sui-social\/\">La politica di censura e del pensiero unico fa calare gli utenti anche sui social<\/a><\/p>\n\n\n\n<p>Per non dimenticare:\u00a0<a href=\"https:\/\/presskit.it\/2023\/05\/26\/youtube-censura-film-sul-referendum-linvio-armi-allucraina\/\">YouTube censura il film sul referendum contro l\u2019invio di armi all\u2019Ucraina<\/a><\/p>\n\n\n\n<p>E cos\u2019 pu\u00f2 succedere che:\u00a0<a href=\"https:\/\/presskit.it\/2023\/02\/03\/lalgoritmo-di-facebook-censura-lo-sport-della-finocchiona-il-salame-lo-scambia-per-un-insulto-ai-gay\/\">L\u2019algoritmo di Facebook censura lo sport della Finocchiona, il salame, lo scambia per un insulto ai gay<\/a><\/p>\n\n\n\n<p>Pu\u00f2 interessarti anche:\u00a0<a href=\"https:\/\/presskit.it\/2021\/10\/19\/amnesty-international-denuncia-pandemia-censura-disinformazione\/\">Amnesty International denuncia \u201cin pandemia censura e disinformazione\u201d<\/a><\/p>\n\n\n\n<p>Le reazioni alla censura:\u00a0<a href=\"https:\/\/presskit.it\/2023\/08\/18\/la-risposta-alla-censura-al-comitato-ascoltami-poche-ore-migliaia-adesioni-alla-nuova-pagina-facebook\/\">La risposta alla censura al Comitato Ascoltami: in poche ore migliaia di adesioni alla nuova pagina Facebook<\/a><\/p>\n\n\n\n<p>Le reazioni alla censura:\u00a0<a href=\"https:\/\/presskit.it\/2023\/08\/18\/la-rivolta-lino-banfi-alla-censura-facebook-ti-spezzo-capocollo-lo-metto-tracollo-porca-puttena-tre-volte\/\">La rivolta di Lino Banfi alla censura di Facebook: \u201cTi spezzo il capocollo e te lo metto a tracollo! PORCA PUTT\u00c9NA per tre volte\u201d<\/a><\/p>\n\n\n\n<hr class=\"wp-block-separator has-text-color has-luminous-vivid-amber-color has-alpha-channel-opacity has-luminous-vivid-amber-background-color has-background\"\/>\n\n\n\n<div class=\"wp-block-comments\">\n\n\n\n\n\n\t<div id=\"respond\" class=\"comment-respond wp-block-post-comments-form\">\n\t\t<h3 id=\"reply-title\" class=\"comment-reply-title\"><span id=\"lascia-un-commento-annulla-risposta\">Lascia un commento <small><a rel=\"nofollow\" id=\"cancel-comment-reply-link\" href=\"\/index.php\/wp-json\/wp\/v2\/posts\/3244#respond\" style=\"display:none;\">Annulla risposta<\/a><\/small><\/span><\/h3><p class=\"must-log-in\">Devi essere <a href=\"https:\/\/senzatempo.org\/wp-login.php?redirect_to=https%3A%2F%2Fsenzatempo.org%2Findex.php%2F2026%2F03%2F05%2F3244%2Fursula-von-der-leyen-dobbiamo-costruire-unimmunita-sociale-attorno-alla-manipolazione-dellinformazione%2F\">connesso<\/a> per inviare un commento.<\/p>\t<\/div><!-- #respond -->\n\t<\/div>\n","protected":false},"excerpt":{"rendered":"La VDL si \u00e8 accorta che esiste una societ\u00e0 binaria e vuole farla diventare quantistica sfumando la distinzione netta tra la verit\u00e0 di Bruxelles e quella dei cittadini. Come al solito parla bene ma nei fatti ruzzola male.\n","protected":false},"author":1,"featured_media":3248,"comment_status":"open","ping_status":"open","sticky":false,"template":"","format":"standard","meta":{"_monsterinsights_skip_tracking":false,"_monsterinsights_sitenote_active":false,"_monsterinsights_sitenote_note":"","_monsterinsights_sitenote_category":0,"footnotes":""},"categories":[95],"tags":[163,2002,2003,357],"class_list":{"0":"post-3244","1":"post","2":"type-post","3":"status-publish","4":"format-standard","5":"has-post-thumbnail","7":"category-europa","8":"tag-censura","9":"tag-informazione","10":"tag-news","11":"tag-von-der-leyen"},"_links":{"self":[{"href":"https:\/\/senzatempo.org\/index.php\/wp-json\/wp\/v2\/posts\/3244","targetHints":{"allow":["GET"]}}],"collection":[{"href":"https:\/\/senzatempo.org\/index.php\/wp-json\/wp\/v2\/posts"}],"about":[{"href":"https:\/\/senzatempo.org\/index.php\/wp-json\/wp\/v2\/types\/post"}],"author":[{"embeddable":true,"href":"https:\/\/senzatempo.org\/index.php\/wp-json\/wp\/v2\/users\/1"}],"replies":[{"embeddable":true,"href":"https:\/\/senzatempo.org\/index.php\/wp-json\/wp\/v2\/comments?post=3244"}],"version-history":[{"count":4,"href":"https:\/\/senzatempo.org\/index.php\/wp-json\/wp\/v2\/posts\/3244\/revisions"}],"predecessor-version":[{"id":3254,"href":"https:\/\/senzatempo.org\/index.php\/wp-json\/wp\/v2\/posts\/3244\/revisions\/3254"}],"wp:featuredmedia":[{"embeddable":true,"href":"https:\/\/senzatempo.org\/index.php\/wp-json\/wp\/v2\/media\/3248"}],"wp:attachment":[{"href":"https:\/\/senzatempo.org\/index.php\/wp-json\/wp\/v2\/media?parent=3244"}],"wp:term":[{"taxonomy":"category","embeddable":true,"href":"https:\/\/senzatempo.org\/index.php\/wp-json\/wp\/v2\/categories?post=3244"},{"taxonomy":"post_tag","embeddable":true,"href":"https:\/\/senzatempo.org\/index.php\/wp-json\/wp\/v2\/tags?post=3244"}],"curies":[{"name":"wp","href":"https:\/\/api.w.org\/{rel}","templated":true}]}}