{"id":3259,"date":"2026-03-05T18:14:06","date_gmt":"2026-03-05T17:14:06","guid":{"rendered":"https:\/\/senzatempo.org\/?p=3259"},"modified":"2026-03-05T18:50:08","modified_gmt":"2026-03-05T17:50:08","slug":"trump-un-burattino-di-bibi","status":"publish","type":"post","link":"https:\/\/senzatempo.org\/index.php\/2026\/03\/05\/3259\/trump-un-burattino-di-bibi\/","title":{"rendered":"Trump, un burattino di Bibi"},"content":{"rendered":"\n<p>Satira | 05 Marzo 2026<\/p>\n\n\n<div class=\"wp-block-image\">\n<figure class=\"aligncenter size-full\"><img loading=\"lazy\" decoding=\"async\" width=\"896\" height=\"512\" src=\"https:\/\/senzatempo.org\/wp-content\/uploads\/2026\/03\/Attacca-o-ti-faccio-decadere.jpg\" alt=\"\" class=\"wp-image-3260\" srcset=\"https:\/\/senzatempo.org\/wp-content\/uploads\/2026\/03\/Attacca-o-ti-faccio-decadere.jpg 896w, https:\/\/senzatempo.org\/wp-content\/uploads\/2026\/03\/Attacca-o-ti-faccio-decadere-300x171.jpg 300w, https:\/\/senzatempo.org\/wp-content\/uploads\/2026\/03\/Attacca-o-ti-faccio-decadere-768x439.jpg 768w, https:\/\/senzatempo.org\/wp-content\/uploads\/2026\/03\/Attacca-o-ti-faccio-decadere-380x217.jpg 380w, https:\/\/senzatempo.org\/wp-content\/uploads\/2026\/03\/Attacca-o-ti-faccio-decadere-800x457.jpg 800w, https:\/\/senzatempo.org\/wp-content\/uploads\/2026\/03\/Attacca-o-ti-faccio-decadere-760x434.jpg 760w, https:\/\/senzatempo.org\/wp-content\/uploads\/2026\/03\/Attacca-o-ti-faccio-decadere-600x343.jpg 600w\" sizes=\"auto, (max-width: 896px) 100vw, 896px\" \/><figcaption class=\"wp-element-caption\">QUALE SARA&#8217; LA RAGIONE DI TANTA UBBIDIENZA? (immagine IA)<\/figcaption><\/figure>\n<\/div>\n\n<div class=\"wp-block-image\">\n<figure class=\"aligncenter size-large\"><img loading=\"lazy\" decoding=\"async\" width=\"683\" height=\"1024\" src=\"https:\/\/senzatempo.org\/wp-content\/uploads\/2026\/03\/Duck-ai-image-2026-03-05-16-56-683x1024.jpeg\" alt=\"Trump protegge strenuamente dei file... contro la minaccia d'essere pubblicati.\" class=\"wp-image-3261\" srcset=\"https:\/\/senzatempo.org\/wp-content\/uploads\/2026\/03\/Duck-ai-image-2026-03-05-16-56-683x1024.jpeg 683w, https:\/\/senzatempo.org\/wp-content\/uploads\/2026\/03\/Duck-ai-image-2026-03-05-16-56-200x300.jpeg 200w, https:\/\/senzatempo.org\/wp-content\/uploads\/2026\/03\/Duck-ai-image-2026-03-05-16-56-768x1152.jpeg 768w, https:\/\/senzatempo.org\/wp-content\/uploads\/2026\/03\/Duck-ai-image-2026-03-05-16-56-380x570.jpeg 380w, https:\/\/senzatempo.org\/wp-content\/uploads\/2026\/03\/Duck-ai-image-2026-03-05-16-56-800x1200.jpeg 800w, https:\/\/senzatempo.org\/wp-content\/uploads\/2026\/03\/Duck-ai-image-2026-03-05-16-56-760x1140.jpeg 760w, https:\/\/senzatempo.org\/wp-content\/uploads\/2026\/03\/Duck-ai-image-2026-03-05-16-56-400x600.jpeg 400w, https:\/\/senzatempo.org\/wp-content\/uploads\/2026\/03\/Duck-ai-image-2026-03-05-16-56.jpeg 1024w\" sizes=\"auto, (max-width: 683px) 100vw, 683px\" \/><figcaption class=\"wp-element-caption\">SARA&#8217; FORSE QUESTA LA RAGIONE&#8230;? (immagine IA)<\/figcaption><\/figure>\n<\/div>\n\n\n<p>Era il 02 luglio 2025 &#8211; 09:21 <br>Il mese in cui Israele-Iran fecero la guerra dei 12 giorni.<br>La rivista online <a href=\"https:\/\/www.tasnimnews.ir\/en\/media\/2025\/07\/02\/3346744\/trump-a-puppet-of-bibi\" target=\"_blank\" rel=\"noreferrer noopener\">tasnimnews.ir pubblicava<\/a>&#8230;<\/p>\n\n\n<div class=\"wp-block-image\">\n<figure class=\"aligncenter size-large\"><img loading=\"lazy\" decoding=\"async\" width=\"723\" height=\"1024\" src=\"https:\/\/senzatempo.org\/wp-content\/uploads\/2026\/03\/14040411092106423333091510-723x1024.jpg\" alt=\"In Irano lo hanno sempre saputo che Trump \u00e8 un controllato d'Israele.\" class=\"wp-image-3262\" srcset=\"https:\/\/senzatempo.org\/wp-content\/uploads\/2026\/03\/14040411092106423333091510-723x1024.jpg 723w, https:\/\/senzatempo.org\/wp-content\/uploads\/2026\/03\/14040411092106423333091510-212x300.jpg 212w, https:\/\/senzatempo.org\/wp-content\/uploads\/2026\/03\/14040411092106423333091510-768x1087.jpg 768w, https:\/\/senzatempo.org\/wp-content\/uploads\/2026\/03\/14040411092106423333091510-380x538.jpg 380w, https:\/\/senzatempo.org\/wp-content\/uploads\/2026\/03\/14040411092106423333091510-800x1133.jpg 800w, https:\/\/senzatempo.org\/wp-content\/uploads\/2026\/03\/14040411092106423333091510-760x1076.jpg 760w, https:\/\/senzatempo.org\/wp-content\/uploads\/2026\/03\/14040411092106423333091510-424x600.jpg 424w, https:\/\/senzatempo.org\/wp-content\/uploads\/2026\/03\/14040411092106423333091510.jpg 904w\" sizes=\"auto, (max-width: 723px) 100vw, 723px\" \/><figcaption class=\"wp-element-caption\">TRUMP \u00c8 UN BURATTINO DI BIBI (Immagine IA di TasnimNews)<\/figcaption><\/figure>\n<\/div>\n\n<blockquote>\n<h5 id=\"teheran-tasnim-il-primo-ministro-israeliano-benjamin-netanyahu-ha-preso-in-giro-il-presidente-degli-stati-uniti-donald-trump-e-lo-ha-convinto-a-coinvolgere-gli-stati-uniti-in-un-attacco-mi\">TEHERAN (Tasnim) \u2013 Il primo ministro israeliano Benjamin Netanyahu ha preso in giro il presidente degli Stati Uniti Donald Trump e lo ha convinto a coinvolgere gli Stati Uniti in un attacco militare contro l&#8217;Iran, ha affermato un esperto americano.<\/h5>\n<\/blockquote>\n\n\n<hr class=\"wp-block-separator has-text-color has-luminous-vivid-amber-color has-alpha-channel-opacity has-luminous-vivid-amber-background-color has-background\"\/>\n\n\n\n<div class=\"wp-block-comments\">\n\n\n\n\n\n\t<div id=\"respond\" class=\"comment-respond wp-block-post-comments-form\">\n\t\t<h3 id=\"reply-title\" class=\"comment-reply-title\"><span id=\"lascia-un-commento-annulla-risposta\">Lascia un commento <small><a rel=\"nofollow\" id=\"cancel-comment-reply-link\" href=\"\/index.php\/wp-json\/wp\/v2\/posts\/3259#respond\" style=\"display:none;\">Annulla risposta<\/a><\/small><\/span><\/h3><p class=\"must-log-in\">Devi essere <a href=\"https:\/\/senzatempo.org\/wp-login.php?redirect_to=https%3A%2F%2Fsenzatempo.org%2Findex.php%2F2026%2F03%2F05%2F3259%2Ftrump-un-burattino-di-bibi%2F\">connesso<\/a> per inviare un commento.<\/p>\t<\/div><!-- #respond -->\n\t<\/div>\n","protected":false},"excerpt":{"rendered":"Se Trump \u00e8 messo &#8220;cos\u00ec&#8221; rispetto a Bibi, la Meloncina come sar\u00e0 messa rispetto a Bibi?\n","protected":false},"author":1,"featured_media":3263,"comment_status":"open","ping_status":"open","sticky":false,"template":"","format":"standard","meta":{"_monsterinsights_skip_tracking":false,"_monsterinsights_sitenote_active":false,"_monsterinsights_sitenote_note":"","_monsterinsights_sitenote_category":0,"footnotes":""},"categories":[109],"tags":[2005,1922,115,1511,2006,97],"class_list":{"0":"post-3259","1":"post","2":"type-post","3":"status-publish","4":"format-standard","5":"has-post-thumbnail","7":"category-satira","8":"tag-bibi","9":"tag-burattino","10":"tag-donald-trump","11":"tag-netanyahu","12":"tag-ricattato","13":"tag-trump"},"_links":{"self":[{"href":"https:\/\/senzatempo.org\/index.php\/wp-json\/wp\/v2\/posts\/3259","targetHints":{"allow":["GET"]}}],"collection":[{"href":"https:\/\/senzatempo.org\/index.php\/wp-json\/wp\/v2\/posts"}],"about":[{"href":"https:\/\/senzatempo.org\/index.php\/wp-json\/wp\/v2\/types\/post"}],"author":[{"embeddable":true,"href":"https:\/\/senzatempo.org\/index.php\/wp-json\/wp\/v2\/users\/1"}],"replies":[{"embeddable":true,"href":"https:\/\/senzatempo.org\/index.php\/wp-json\/wp\/v2\/comments?post=3259"}],"version-history":[{"count":3,"href":"https:\/\/senzatempo.org\/index.php\/wp-json\/wp\/v2\/posts\/3259\/revisions"}],"predecessor-version":[{"id":3267,"href":"https:\/\/senzatempo.org\/index.php\/wp-json\/wp\/v2\/posts\/3259\/revisions\/3267"}],"wp:featuredmedia":[{"embeddable":true,"href":"https:\/\/senzatempo.org\/index.php\/wp-json\/wp\/v2\/media\/3263"}],"wp:attachment":[{"href":"https:\/\/senzatempo.org\/index.php\/wp-json\/wp\/v2\/media?parent=3259"}],"wp:term":[{"taxonomy":"category","embeddable":true,"href":"https:\/\/senzatempo.org\/index.php\/wp-json\/wp\/v2\/categories?post=3259"},{"taxonomy":"post_tag","embeddable":true,"href":"https:\/\/senzatempo.org\/index.php\/wp-json\/wp\/v2\/tags?post=3259"}],"curies":[{"name":"wp","href":"https:\/\/api.w.org\/{rel}","templated":true}]}}