{"id":3273,"date":"2026-03-06T13:58:20","date_gmt":"2026-03-06T12:58:20","guid":{"rendered":"https:\/\/senzatempo.org\/?p=3273"},"modified":"2026-03-06T13:58:21","modified_gmt":"2026-03-06T12:58:21","slug":"lesercito-israeliano-reagisce-rabbiosamente-ai-resoconti-in-ebraico-di-tasnim","status":"publish","type":"post","link":"https:\/\/senzatempo.org\/index.php\/2026\/03\/06\/3273\/lesercito-israeliano-reagisce-rabbiosamente-ai-resoconti-in-ebraico-di-tasnim\/","title":{"rendered":"L&#8217;esercito israeliano reagisce rabbiosamente ai resoconti in ebraico di Tasnim"},"content":{"rendered":"<div class=\"wp-block-post-time-to-read\">3\u20134 minuti<\/div>\n\n<div class=\"wp-block-image\">\n<figure class=\"aligncenter size-full\"><img loading=\"lazy\" decoding=\"async\" width=\"557\" height=\"800\" src=\"https:\/\/senzatempo.org\/wp-content\/uploads\/2026\/03\/1404121422512470235880404.jpg\" alt=\"\" class=\"wp-image-3275\" srcset=\"https:\/\/senzatempo.org\/wp-content\/uploads\/2026\/03\/1404121422512470235880404.jpg 557w, https:\/\/senzatempo.org\/wp-content\/uploads\/2026\/03\/1404121422512470235880404-209x300.jpg 209w, https:\/\/senzatempo.org\/wp-content\/uploads\/2026\/03\/1404121422512470235880404-380x546.jpg 380w, https:\/\/senzatempo.org\/wp-content\/uploads\/2026\/03\/1404121422512470235880404-418x600.jpg 418w\" sizes=\"auto, (max-width: 557px) 100vw, 557px\" \/><figcaption class=\"wp-element-caption\">&#8220;Quello che Netanyahu non vi dice&#8221; (immagine di TASNIM)<\/figcaption><\/figure>\n<\/div>\n\n\n<h3 id=\"teheran-tasnim-laccount-ufficiale-dellesercito-israeliano-sulla-piattaforma-social-x-ha-espresso-una-reazione-rabbiosa-ai-resoconti-in-ebraico-dellagenzia-di-stampa-ta\" class=\"wp-block-heading\">TEHERAN (Tasnim) \u2013 L&#8217;account ufficiale dell&#8217;esercito israeliano sulla piattaforma social <strong>X<\/strong> ha espresso una reazione rabbiosa ai resoconti in ebraico dell&#8217;agenzia di stampa Tasnim.<\/h3>\n\n\n\n<p>La pagina ufficiale dell&#8217;esercito israeliano su <strong>X<\/strong> ha reagito ai resoconti di Tasnim per la comunit\u00e0 di lingua ebraica.<\/p>\n\n\n\n<p>Negli ultimi giorni, l&#8217;agenzia di stampa Tasnim, mentre riportava la notizia del coraggioso scontro tra iraniani e i crimini dei terroristi sionisti americani contro la nazione iraniana, ha raccontato la realt\u00e0 della guerra al pubblico di lingua ebraica sulla sua pagina in ebraico.<\/p>\n\n\n\n<p>Il gruppo ebraico di Tasnim pubblica quotidianamente notizie, analisi e fatti sulla guerra in video e testi intitolati &#8220;<strong>Quello che Netanyahu non vi dice<\/strong>&#8220;. Fatti che vengono rigorosamente boicottati dall&#8217;apparato di censura del regime sionista nell&#8217;attuale guerra anti-Iran.<\/p>\n\n\n\n<p>La gravit\u00e0 di questo boicottaggio \u00e8 cristallina per chi monitora i media e i social media ebraici. Questo boicottaggio \u00e8 tale che molti account in Israele e anche i media ufficiali sionisti sono obbligati a riportare la frase &#8220;<strong>approvato dal sistema di censura<\/strong>&#8220;. La frase \u00e8 usata con estrema chiarezza e nudit\u00e0, nelle poche e limitatissime immagini che pubblicano!<\/p>\n\n\n\n<p><strong>Fonte:<\/strong> <a href=\"https:\/\/www.tasnimnews.ir\/en\/news\/2026\/03\/05\/3532673\/israeli-army-shows-angry-reaction-to-tasnim-s-hebrew-reports\">https:\/\/www.<strong>tasnimnews.ir<\/strong>\/en\/news\/2026\/03\/05\/3532673\/israeli-army-shows-angry-reaction-to-tasnim-s-hebrew-reports<\/a> Il testo \u00e8 stato tradotto automaticamente e adattato dall\u2019originale.<br><strong>Data dell&#8217;art originale:<\/strong> 5 marzo 2026 &#8211; 23:40<br><strong>Fonte immagini:<\/strong> per la copertina \u00e8 AI, nell&#8217;art. \u00e8 <strong>TASNIM<\/strong><br>Ripubblicato con <a href=\"http:\/\/creativecommons.org\/licenses\/by\/4.0\/\">licenza Creative Commons Attribuzione 4.0 Internazionale<\/a><\/p>\n\n\n\n<hr class=\"wp-block-separator has-text-color has-luminous-vivid-amber-color has-alpha-channel-opacity has-luminous-vivid-amber-background-color has-background\"\/>\n\n\n\n<p><strong>Commento<\/strong><\/p>\n\n\n\n<p>La frase &#8220;<strong>Q<\/strong>uello che Netanyahu non vi dice&#8221; dovrebbe diventare &#8220;Quello che Netanyahu <strong>non<\/strong> vuole che sappiate<strong>&#8220;<\/strong> e se sei particolarmente insistente, prima o dopo ti individua sul campo e &#8220;magia&#8221; l&#8217;edificio in cui ti trovi viene per coincidenza colpito da bombe rilasciate da un caccia dell&#8217;IDF.<\/p>\n\n\n\n<p>Non solo, usano la tecnica del doppio attacco, il secondo avviene 10 o 15 minuti dopo il primo quando i soccorsi si fanno in quattro per salvare ed aiutare feriti, persone bloccate, eccetera, cos\u00ec si ritrovano concentrate i pochi punti molte persone da uccidere con meno bombe.<\/p>\n\n\n\n<p>In pratica raccontano che queste sono uccisioni casuali (effetti collaterali) perch\u00e9 non erano il loro obiettivo primario, ma non regge, perch\u00e9 poi usando la tecnica del doppio attacco in cui periscono i soccorritori, che di nuovo erano l\u00ec casualmente e non erano il loro obiettivo primario, perch\u00e9 &#8220;loro&#8221; dovevano finire di colpire i civili che avevano colpito con il primo attacco. In pratica vogliono fare un genocidio silenziando tutti i media.<\/p>\n\n\n\n<p>La sfortuna di un fotografo o videomaker \u00e8 che le riprese stesse denunciano il punto di ripresa e se le informazioni veicolate dalle immagini sono sconvenienti, individuano dove eri o sei ancora. La tecnica corretta sarebbe quella di fare le riprese e poi allontanarsi dal luogo quanto basta e inviare il lavoro alle agenzie, in modo da non avere ripercussioni, ma la questione \u00e8 molto diversa per gli operatori umanitari\/ONU e sanitari che non possono decidere come muoversi o dove andare.<\/p>\n\n\n\n<p>Netanyahu \u00e8 pure consapevole che una dose sufficiente di queste notizie potrebbe far ribaltare l&#8217;opinione pubblica occidentale influenzando le politiche dei governi che si adeguerebbero per conservare la poltrona, perci\u00f2 agisce per censurare e nel suo dizionario il termine &#8220;censura&#8221; ha un valore esteso che comprende l&#8217;omicidio.<\/p>\n\n\n\n<p>Poi colpire scuole, biblioteche, luoghi di culto, siti storici, cancella la cultura di un popolo e le generazioni successive non hanno pi\u00f9 un senso di appartenenza etnica.<br><strong>Quest&#8217;operazione \u00e8 tutt&#8217;ora in corso in Iran<\/strong>, un paese con una popolazione pi\u00f9 numerosa di Gaza di almeno 30 volte, distante 20 volte di pi\u00f9 con un armamento migliaia di volte pi\u00f9 potente e numeroso. Una trappola perfetta per il piccolo &#8220;satana&#8221;.<\/p>\n\n\n\n<p>E l&#8217;occidente cosa fa?<br>Sta a guardare in silenzio.<br>Se si mostra contrario teme ripercussioni USA o strani incidenti ai treni, rete elettrica, internet, ma ovviamente a riguardo gli incidenti rimangono tali visto che pubblicamente nessuno ha il coraggio di citare alcun paese &#8220;democratico&#8221; come possibile mandante.<\/p>\n\n\n\n<p>Anzi, uno di questi due paesi democratici sar\u00e0 prossimamente protetto da una legge italiana specifica, non si potr\u00e0 parlarne male, diventa reato.<\/p>\n\n\n\n<p>Questo \u00e8 l&#8217;occidente delle mele marce (per non fare riferimenti diretti).<\/p>\n\n\n\n<hr class=\"wp-block-separator has-text-color has-luminous-vivid-amber-color has-alpha-channel-opacity has-luminous-vivid-amber-background-color has-background\"\/>\n\n\n\n<div class=\"wp-block-comments\">\n\n\n\n\n\n\t<div id=\"respond\" class=\"comment-respond wp-block-post-comments-form\">\n\t\t<h3 id=\"reply-title\" class=\"comment-reply-title\"><span id=\"lascia-un-commento-annulla-risposta\">Lascia un commento <small><a rel=\"nofollow\" id=\"cancel-comment-reply-link\" href=\"\/index.php\/wp-json\/wp\/v2\/posts\/3273#respond\" style=\"display:none;\">Annulla risposta<\/a><\/small><\/span><\/h3><p class=\"must-log-in\">Devi essere <a href=\"https:\/\/senzatempo.org\/wp-login.php?redirect_to=https%3A%2F%2Fsenzatempo.org%2Findex.php%2F2026%2F03%2F06%2F3273%2Flesercito-israeliano-reagisce-rabbiosamente-ai-resoconti-in-ebraico-di-tasnim%2F\">connesso<\/a> per inviare un commento.<\/p>\t<\/div><!-- #respond -->\n\t<\/div>\n","protected":false},"excerpt":{"rendered":"\u00c8 normale per l&#8217;IDF, Netanyahu, il Mossad, individuare tutti i giornalisti o agenzie che rivelano ci\u00f2 che fanno e ucciderli. A Gaza ne sono morti pi\u00f9 dii 300!!!\n","protected":false},"author":1,"featured_media":3274,"comment_status":"open","ping_status":"open","sticky":false,"template":"","format":"standard","meta":{"_monsterinsights_skip_tracking":false,"_monsterinsights_sitenote_active":false,"_monsterinsights_sitenote_note":"","_monsterinsights_sitenote_category":0,"footnotes":""},"categories":[1991],"tags":[163,2009,2008,734,708,1511,2007],"class_list":{"0":"post-3273","1":"post","2":"type-post","3":"status-publish","4":"format-standard","5":"has-post-thumbnail","7":"category-israele-usa-iran","8":"tag-censura","9":"tag-crimini-di-guerra","10":"tag-giornalisti","11":"tag-idf","12":"tag-israele","13":"tag-netanyahu","14":"tag-tasnim"},"_links":{"self":[{"href":"https:\/\/senzatempo.org\/index.php\/wp-json\/wp\/v2\/posts\/3273","targetHints":{"allow":["GET"]}}],"collection":[{"href":"https:\/\/senzatempo.org\/index.php\/wp-json\/wp\/v2\/posts"}],"about":[{"href":"https:\/\/senzatempo.org\/index.php\/wp-json\/wp\/v2\/types\/post"}],"author":[{"embeddable":true,"href":"https:\/\/senzatempo.org\/index.php\/wp-json\/wp\/v2\/users\/1"}],"replies":[{"embeddable":true,"href":"https:\/\/senzatempo.org\/index.php\/wp-json\/wp\/v2\/comments?post=3273"}],"version-history":[{"count":1,"href":"https:\/\/senzatempo.org\/index.php\/wp-json\/wp\/v2\/posts\/3273\/revisions"}],"predecessor-version":[{"id":3276,"href":"https:\/\/senzatempo.org\/index.php\/wp-json\/wp\/v2\/posts\/3273\/revisions\/3276"}],"wp:featuredmedia":[{"embeddable":true,"href":"https:\/\/senzatempo.org\/index.php\/wp-json\/wp\/v2\/media\/3274"}],"wp:attachment":[{"href":"https:\/\/senzatempo.org\/index.php\/wp-json\/wp\/v2\/media?parent=3273"}],"wp:term":[{"taxonomy":"category","embeddable":true,"href":"https:\/\/senzatempo.org\/index.php\/wp-json\/wp\/v2\/categories?post=3273"},{"taxonomy":"post_tag","embeddable":true,"href":"https:\/\/senzatempo.org\/index.php\/wp-json\/wp\/v2\/tags?post=3273"}],"curies":[{"name":"wp","href":"https:\/\/api.w.org\/{rel}","templated":true}]}}