{"id":3385,"date":"2023-08-28T13:13:00","date_gmt":"2023-08-28T11:13:00","guid":{"rendered":"https:\/\/senzatempo.org\/?p=3385"},"modified":"2026-03-11T17:27:29","modified_gmt":"2026-03-11T16:27:29","slug":"incendi-a-maui-hawaii-fatalita-o-crimine-premeditato","status":"publish","type":"post","link":"https:\/\/senzatempo.org\/index.php\/2023\/08\/28\/3385\/incendi-a-maui-hawaii-fatalita-o-crimine-premeditato\/","title":{"rendered":"Incendi a Maui (Hawaii), fatalit\u00e0 o crimine premeditato?"},"content":{"rendered":"<div class=\"wp-block-post-time-to-read\">16\u201324 minuti<\/div>\n\n<ol>\n<li><a href=\"#1\"><strong>Introduzione<\/strong><\/a><\/li>\n<li><a href=\"#2\"><strong>Immagine satellitare<\/strong><\/a><\/li>\n<li><a href=\"#3\"><strong>Dati Meteo del giorno 8\/8\/2023<\/strong><\/a><\/li>\n<li><a href=\"#4\"><strong>Il vento<\/strong><\/a><\/li>\n<li><a href=\"#5\"><strong>Il fronte del fuoco<\/strong><\/a><\/li>\n<li><a href=\"#6\"><strong>Sirene d&#8217;allarme<\/strong><\/a><\/li>\n<li><a href=\"#7\"><strong>L&#8217;acqua contro gli incendi<\/strong><\/a><\/li>\n<li><a href=\"#8\"><strong>Cosa si \u00e8 salvato<\/strong><\/a><\/li>\n<li><a href=\"#9\"><strong>Armi a energia diretta<\/strong><\/a><\/li>\n<li><a href=\"#10\"><strong>Lahaina<\/strong><\/a><\/li>\n<li><a href=\"#11\"><strong>Hanno detto su Maui<\/strong><\/a><\/li>\n<\/ol>\n\n\n<h5 class=\"wp-block-heading\" id=\"1\"><span id=\"introduzione\"><strong>Introduzione<\/strong><\/span><\/h5>\n\n\n\n<p>Dopo aver letto e visto video tipo quello di Mazzucco che era molto completo, ho ritenuto opportuno verificare alcuni aspetti con gli strumenti a mia disposizione per rispondere a domande specifiche che mi ponevo e contestualizzare meglio quel che avevo visto e letto.<\/p>\n\n\n\n<p>Ho scoperto, infatti, che chiunque con le informazioni rintracciabili in rete pu\u00f2, senza conoscere le motivazioni, giungere comunque alla conclusione che si tratta di un incendio doloso, premeditato, organizzato e ben orchestrato.<\/p>\n\n\n\n<p>Con le informazioni che ho rintracciato, anche abbastanza facilmente, ho potuto farmi un quadro pi\u00f9 completo come in una vera indagine. Durante la ricerca erano tante le domande che mi facevo, ma troppe coincidenze, come alcuni aspetti sulla sicurezza regolati da autorit\u00e0 locali responsabili della loro permanente efficacia, non funzionano, allora non hai che una risposta &#8220;Dolo, dolo grave&#8221; e di sicuro non per iniziativa locale, ma ordini pervenuti dal continente.<\/p>\n\n\n\n<p>Ho visto cos\u00ec tanti video e pi\u00f9 volte su questo incendio che capivo immediatamente non solo se era girato a Lahaina ma anche l&#8217;area della citt\u00e0 i cui si trovava. Spesso per mostrare le stranezze dell&#8217;incendio di Maui alcuni siti usano immagini dei pi\u00f9 recenti incendi in&nbsp;<a href=\"https:\/\/it.wikipedia.org\/wiki\/Incendi_della_California\" target=\"_blank\" rel=\"noreferrer noopener\">California<\/a>.<\/p>\n\n\n\n<h5 class=\"wp-block-heading\" id=\"2\"><span id=\"immagine-satellitare\"><strong>IMMAGINE SATELLITARE<\/strong><\/span><\/h5>\n\n\n\n<p>Di Lahaina dell&#8217;isola di\u00a0<a href=\"https:\/\/it.wikipedia.org\/wiki\/Maui\" target=\"_blank\" rel=\"noreferrer noopener\">Maui<\/a>\u00a0abbiamo la fortuna d&#8217;avere le immagini satellitari di prima dell&#8217;incendio e dopo usando Google Earth e come era prima con Street-View e quindi sono riuscito delimitare con precisione il perimetro dell&#8217;incendio su una mappa.<\/p>\n\n\n\n<p>Vediamo un&#8217;immagine satellitare della citt\u00e0 di Lahaina dell&#8217;isola di Maui, ex capitale delle Isole Hawaii con delle annotazioni e punti richiamati in giallo. \u00c8 in buona risoluzione e pu\u00f2 essere ingrandita per maggiori dettagli.<\/p>\n\n\n\n<figure class=\"wp-block-image size-large\"><img loading=\"lazy\" decoding=\"async\" width=\"1024\" height=\"674\" src=\"https:\/\/senzatempo.org\/wp-content\/uploads\/2026\/03\/main-qimg-d6a6f5061191919157737055a59053ba-1024x674.jpg\" alt=\"\" class=\"wp-image-3387\" srcset=\"https:\/\/senzatempo.org\/wp-content\/uploads\/2026\/03\/main-qimg-d6a6f5061191919157737055a59053ba-1024x674.jpg 1024w, https:\/\/senzatempo.org\/wp-content\/uploads\/2026\/03\/main-qimg-d6a6f5061191919157737055a59053ba-300x197.jpg 300w, https:\/\/senzatempo.org\/wp-content\/uploads\/2026\/03\/main-qimg-d6a6f5061191919157737055a59053ba-768x505.jpg 768w, https:\/\/senzatempo.org\/wp-content\/uploads\/2026\/03\/main-qimg-d6a6f5061191919157737055a59053ba-1536x1011.jpg 1536w, https:\/\/senzatempo.org\/wp-content\/uploads\/2026\/03\/main-qimg-d6a6f5061191919157737055a59053ba-2048x1348.jpg 2048w, https:\/\/senzatempo.org\/wp-content\/uploads\/2026\/03\/main-qimg-d6a6f5061191919157737055a59053ba-380x250.jpg 380w, https:\/\/senzatempo.org\/wp-content\/uploads\/2026\/03\/main-qimg-d6a6f5061191919157737055a59053ba-800x526.jpg 800w, https:\/\/senzatempo.org\/wp-content\/uploads\/2026\/03\/main-qimg-d6a6f5061191919157737055a59053ba-1160x763.jpg 1160w, https:\/\/senzatempo.org\/wp-content\/uploads\/2026\/03\/main-qimg-d6a6f5061191919157737055a59053ba-760x500.jpg 760w, https:\/\/senzatempo.org\/wp-content\/uploads\/2026\/03\/main-qimg-d6a6f5061191919157737055a59053ba-1600x1053.jpg 1600w, https:\/\/senzatempo.org\/wp-content\/uploads\/2026\/03\/main-qimg-d6a6f5061191919157737055a59053ba-600x395.jpg 600w, https:\/\/senzatempo.org\/wp-content\/uploads\/2026\/03\/main-qimg-d6a6f5061191919157737055a59053ba.jpg 2068w\" sizes=\"auto, (max-width: 1024px) 100vw, 1024px\" \/><figcaption class=\"wp-element-caption\"><em>Lahaina si affaccia sul mare per 5 km ed una striscia si protende verso l&#8217;entroterra per circa 2,5 km.<\/em><\/figcaption><\/figure>\n\n\n\n<h5 class=\"wp-block-heading\" id=\"3\"><span id=\"dati-meteo-del-giorno-8-8-2023\"><strong>DATI METEO DEL GIORNO 8\/8\/2023<\/strong><\/span><\/h5>\n\n\n\n<p>Prima di procedere ho raccolto i\u00a0<a href=\"https:\/\/it.weatherspark.com\/h\/d\/151\/2023\/8\/8\/Condizioni-meteorologiche-storiche-marted%C3%AC-8-agosto-2023-nel-Lahaina-Hawaii-Stati-Uniti#Figures-LunarDay\" target=\"_blank\" rel=\"noreferrer noopener\">dati meteo completi di quel giorno<\/a>\u00a0allo scopo di verificare alcune dichiarazioni sentite nel documentario di Mazzucco.<\/p>\n\n\n<div class=\"wp-block-image\">\n<figure class=\"aligncenter size-full\"><img loading=\"lazy\" decoding=\"async\" width=\"753\" height=\"387\" src=\"https:\/\/senzatempo.org\/wp-content\/uploads\/2026\/03\/main-qimg-4bd73c5fd0eb53dfdd0d6e6328e86308.png\" alt=\"\" class=\"wp-image-3388\" srcset=\"https:\/\/senzatempo.org\/wp-content\/uploads\/2026\/03\/main-qimg-4bd73c5fd0eb53dfdd0d6e6328e86308.png 753w, https:\/\/senzatempo.org\/wp-content\/uploads\/2026\/03\/main-qimg-4bd73c5fd0eb53dfdd0d6e6328e86308-300x154.png 300w, https:\/\/senzatempo.org\/wp-content\/uploads\/2026\/03\/main-qimg-4bd73c5fd0eb53dfdd0d6e6328e86308-380x195.png 380w, https:\/\/senzatempo.org\/wp-content\/uploads\/2026\/03\/main-qimg-4bd73c5fd0eb53dfdd0d6e6328e86308-600x308.png 600w\" sizes=\"auto, (max-width: 753px) 100vw, 753px\" \/><figcaption class=\"wp-element-caption\"><em>marted\u00ec 8 agosto 2023_\u00a0<\/em><strong><em>temperatura<\/em><\/strong><em>\u00a0a Lahaina<\/em><\/figcaption><\/figure>\n<\/div>\n\n<div class=\"wp-block-image\">\n<figure class=\"aligncenter size-full\"><img loading=\"lazy\" decoding=\"async\" width=\"753\" height=\"187\" src=\"https:\/\/senzatempo.org\/wp-content\/uploads\/2026\/03\/main-qimg-2491aca2d1cb437bc5c43f65fece1ad3.png\" alt=\"\" class=\"wp-image-3389\" srcset=\"https:\/\/senzatempo.org\/wp-content\/uploads\/2026\/03\/main-qimg-2491aca2d1cb437bc5c43f65fece1ad3.png 753w, https:\/\/senzatempo.org\/wp-content\/uploads\/2026\/03\/main-qimg-2491aca2d1cb437bc5c43f65fece1ad3-300x75.png 300w, https:\/\/senzatempo.org\/wp-content\/uploads\/2026\/03\/main-qimg-2491aca2d1cb437bc5c43f65fece1ad3-380x94.png 380w, https:\/\/senzatempo.org\/wp-content\/uploads\/2026\/03\/main-qimg-2491aca2d1cb437bc5c43f65fece1ad3-600x149.png 600w\" sizes=\"auto, (max-width: 753px) 100vw, 753px\" \/><figcaption class=\"wp-element-caption\"><em>marted\u00ec 8 agosto 2023_\u00a0<\/em><strong><em>nuvolosit\u00e0<\/em><\/strong><em>\u00a0a Lahaina<\/em><\/figcaption><\/figure>\n<\/div>\n\n<div class=\"wp-block-image\">\n<figure class=\"aligncenter size-full\"><img loading=\"lazy\" decoding=\"async\" width=\"753\" height=\"387\" src=\"https:\/\/senzatempo.org\/wp-content\/uploads\/2026\/03\/main-qimg-613fd74b2722d306938b58fc899017be.png\" alt=\"\" class=\"wp-image-3390\" srcset=\"https:\/\/senzatempo.org\/wp-content\/uploads\/2026\/03\/main-qimg-613fd74b2722d306938b58fc899017be.png 753w, https:\/\/senzatempo.org\/wp-content\/uploads\/2026\/03\/main-qimg-613fd74b2722d306938b58fc899017be-300x154.png 300w, https:\/\/senzatempo.org\/wp-content\/uploads\/2026\/03\/main-qimg-613fd74b2722d306938b58fc899017be-380x195.png 380w, https:\/\/senzatempo.org\/wp-content\/uploads\/2026\/03\/main-qimg-613fd74b2722d306938b58fc899017be-600x308.png 600w\" sizes=\"auto, (max-width: 753px) 100vw, 753px\" \/><figcaption class=\"wp-element-caption\"><strong><em>Punto di rugiada<\/em><\/strong><em>\u00a0marted\u00ec 8 agosto 2023 a Lahaina<\/em><\/figcaption><\/figure>\n<\/div>\n\n<div class=\"wp-block-image\">\n<figure class=\"aligncenter size-full\"><img loading=\"lazy\" decoding=\"async\" width=\"753\" height=\"212\" src=\"https:\/\/senzatempo.org\/wp-content\/uploads\/2026\/03\/main-qimg-a5fa5572d55e505a91e71a29820eb6ec.png\" alt=\"\" class=\"wp-image-3391\" srcset=\"https:\/\/senzatempo.org\/wp-content\/uploads\/2026\/03\/main-qimg-a5fa5572d55e505a91e71a29820eb6ec.png 753w, https:\/\/senzatempo.org\/wp-content\/uploads\/2026\/03\/main-qimg-a5fa5572d55e505a91e71a29820eb6ec-300x84.png 300w, https:\/\/senzatempo.org\/wp-content\/uploads\/2026\/03\/main-qimg-a5fa5572d55e505a91e71a29820eb6ec-380x107.png 380w, https:\/\/senzatempo.org\/wp-content\/uploads\/2026\/03\/main-qimg-a5fa5572d55e505a91e71a29820eb6ec-600x169.png 600w\" sizes=\"auto, (max-width: 753px) 100vw, 753px\" \/><figcaption class=\"wp-element-caption\"><em>marted\u00ec 8 agosto 2023_\u00a0<\/em><strong><em>velocit\u00e0 del vento<\/em><\/strong><em>\u00a0a Lahaina<\/em><\/figcaption><\/figure>\n<\/div>\n\n<div class=\"wp-block-image\">\n<figure class=\"aligncenter size-full\"><img loading=\"lazy\" decoding=\"async\" width=\"753\" height=\"212\" src=\"https:\/\/senzatempo.org\/wp-content\/uploads\/2026\/03\/main-qimg-8a2652be8d3361d39da7cdfd32088642.png\" alt=\"\" class=\"wp-image-3392\" srcset=\"https:\/\/senzatempo.org\/wp-content\/uploads\/2026\/03\/main-qimg-8a2652be8d3361d39da7cdfd32088642.png 753w, https:\/\/senzatempo.org\/wp-content\/uploads\/2026\/03\/main-qimg-8a2652be8d3361d39da7cdfd32088642-300x84.png 300w, https:\/\/senzatempo.org\/wp-content\/uploads\/2026\/03\/main-qimg-8a2652be8d3361d39da7cdfd32088642-380x107.png 380w, https:\/\/senzatempo.org\/wp-content\/uploads\/2026\/03\/main-qimg-8a2652be8d3361d39da7cdfd32088642-600x169.png 600w\" sizes=\"auto, (max-width: 753px) 100vw, 753px\" \/><figcaption class=\"wp-element-caption\"><em>marted\u00ec 8 agosto 2023_\u00a0<\/em><strong><em>direzione del vento<\/em><\/strong><em>\u00a0a Lahaina<\/em><\/figcaption><\/figure>\n<\/div>\n\n<div class=\"wp-block-image\">\n<figure class=\"aligncenter size-large\"><img loading=\"lazy\" decoding=\"async\" width=\"1024\" height=\"658\" src=\"https:\/\/senzatempo.org\/wp-content\/uploads\/2026\/03\/main-qimg-bf810440435262c5afd72f121bbfa9d2-1024x658.png\" alt=\"\" class=\"wp-image-3393\" srcset=\"https:\/\/senzatempo.org\/wp-content\/uploads\/2026\/03\/main-qimg-bf810440435262c5afd72f121bbfa9d2-1024x658.png 1024w, https:\/\/senzatempo.org\/wp-content\/uploads\/2026\/03\/main-qimg-bf810440435262c5afd72f121bbfa9d2-300x193.png 300w, https:\/\/senzatempo.org\/wp-content\/uploads\/2026\/03\/main-qimg-bf810440435262c5afd72f121bbfa9d2-768x493.png 768w, https:\/\/senzatempo.org\/wp-content\/uploads\/2026\/03\/main-qimg-bf810440435262c5afd72f121bbfa9d2-380x244.png 380w, https:\/\/senzatempo.org\/wp-content\/uploads\/2026\/03\/main-qimg-bf810440435262c5afd72f121bbfa9d2-800x514.png 800w, https:\/\/senzatempo.org\/wp-content\/uploads\/2026\/03\/main-qimg-bf810440435262c5afd72f121bbfa9d2-1160x745.png 1160w, https:\/\/senzatempo.org\/wp-content\/uploads\/2026\/03\/main-qimg-bf810440435262c5afd72f121bbfa9d2-760x488.png 760w, https:\/\/senzatempo.org\/wp-content\/uploads\/2026\/03\/main-qimg-bf810440435262c5afd72f121bbfa9d2-600x385.png 600w, https:\/\/senzatempo.org\/wp-content\/uploads\/2026\/03\/main-qimg-bf810440435262c5afd72f121bbfa9d2.png 1404w\" sizes=\"auto, (max-width: 1024px) 100vw, 1024px\" \/><figcaption class=\"wp-element-caption\"><em>Le classificazione di &#8220;confort&#8221; indicano che il giorno 8\/8\/23 \u00e8 stato afoso.<\/em><\/figcaption><\/figure>\n<\/div>\n\n\n<p><a href=\"https:\/\/www.vaisala.com\/it\/lp\/humidity-calculator\" target=\"_blank\" rel=\"noreferrer noopener\">Calcolando l&#8217;umidit\u00e0 relativa<\/a>&nbsp;in funzione della temperatura, pressione atmosferica e temperatura di rugiada, che sono i dati disponibili, otteniamo che il suo valore \u00e8 pari al 66,1%. Non si pu\u00f2 certo dire che il clima fosse molto secco con il 66,1% di umidit\u00e0.<\/p>\n\n\n\n<h5 class=\"wp-block-heading\" id=\"4\"><span id=\"il-vento\"><strong>IL VENTO<\/strong><\/span><\/h5>\n\n\n\n<p>La prima cosa che noto dal sito meteo gestito da\u00a0<em>Kahului Airport\u00a0<\/em>\u00e8 che\u00a0<strong>il vento non ha mai superato i 100 km\/h\u00a0<\/strong>come si sente dichiarare nel video.<br>Dalle ore 00 fino alle 17 c&#8217;era un vento mediamente di 40 km\/h con raffiche >60 km\/h. Solo il giorno prima il vento aveva una media di 50 km\/h con raffiche >70 km\/h e non sapendo se avrebbe peggiorato il giorno successivo a causa dell&#8217;uragano Dora, che transitava a circa 800~900 km pi\u00f9 a sud, hanno annullato le lezioni nelle scuole.<\/p>\n\n\n\n<p>Peraltro nel video di Mazzucco al secondo 22~27 si vedono 2 persone in strada per nulla ostacolate dal vento, infatti, il vento non aument\u00f2 ma cal\u00f2 di circa 10 km\/h.<\/p>\n\n\n\n<p>La dichiarazione che c&#8217;era il vento a 100 km\/h serve per giustificare l&#8217;innesco degli incendi dovuti ai pali della luce che cadono (quella sembra la velocit\u00e0 critica) i cui cavi provocano enormi scintille innescando gli incendi, ma per ovviare a questo problema avrebbero dovuto staccare la corrente da ore, soprattutto per passare la notte tra il 7 e il giorno 8, tranquilli.<\/p>\n\n\n\n<p>In realt\u00e0 nessuno ha staccato la corrente, perch\u00e9 come si pu\u00f2 vedere dalle tabelle, il giorno 8 Agosto 2023 il vento non ha mai avuto raffiche di vento &gt;66 km\/h, ma ovviamente in caso d&#8217;incendio \u00e8 una delle prime cose che si fanno. Durante il terremoto in Emilia ho visto con i miei occhi i CC chiudere il gas generale dei condomini per evitare fughe che possono causare incendi.<\/p>\n\n\n<div class=\"wp-block-image\">\n<figure class=\"aligncenter size-full\"><img loading=\"lazy\" decoding=\"async\" width=\"602\" height=\"359\" src=\"https:\/\/senzatempo.org\/wp-content\/uploads\/2026\/03\/main-qimg-d11743131897bafb4ff64e784fb2c3fd.png\" alt=\"\" class=\"wp-image-3394\" srcset=\"https:\/\/senzatempo.org\/wp-content\/uploads\/2026\/03\/main-qimg-d11743131897bafb4ff64e784fb2c3fd.png 602w, https:\/\/senzatempo.org\/wp-content\/uploads\/2026\/03\/main-qimg-d11743131897bafb4ff64e784fb2c3fd-300x179.png 300w, https:\/\/senzatempo.org\/wp-content\/uploads\/2026\/03\/main-qimg-d11743131897bafb4ff64e784fb2c3fd-380x227.png 380w, https:\/\/senzatempo.org\/wp-content\/uploads\/2026\/03\/main-qimg-d11743131897bafb4ff64e784fb2c3fd-600x358.png 600w\" sizes=\"auto, (max-width: 602px) 100vw, 602px\" \/><figcaption class=\"wp-element-caption\"><em>Il posizionamento dei pali della luce con ai piedi materiale incendiabile e l&#8217;attacco giallo dell&#8217;acqua per i pompieri.<\/em><\/figcaption><\/figure>\n<\/div>\n\n\n<p>Ma in uno spezzone di un video si vede dietro ad alberi, di notte, un gran scintillare e poi divampare le fiamme dal medesimo punto. Era caduto un palo della luce. In un&#8217;altro video si sente una persona che avvisa sulla presenza di cavi elettrici con ancora la corrente che scorre, sulla strada.<br>Intanto il fuoco era iniziato da oltre 10 ore, siamo di notte e non \u00e8 detto che quel palo della luce non sia stato danneggiato sufficientemente dal fuoco da crollare con conseguenze collaterali, ma dobbiamo rilevare che nonostante l&#8217;incendio, c&#8217;\u00e8 ancora corrente elettrica nei cavi di rete, cio\u00e8, va bene che all&#8217;inizio abbiano pensato malamente adducendo che hanno pensato a quelle persone con apparecchiature di assistenza vitale a domicilio, ma se dopo quasi 12 ore non hai ancora staccato la corrente significa avere un intento criminale.<\/p>\n\n\n\n<p><strong>Se i pali della luce non sono caduti a causa dell&#8217;incendio e abbiamo visto che il vento non poteva essere, hanno ricevuto un aiuto?<\/strong><\/p>\n\n\n\n<h5 class=\"wp-block-heading\" id=\"5\"><span id=\"il-fronte-del-fuoco\"><strong>IL FRONTE DEL FUOCO<\/strong><\/span><\/h5>\n\n\n\n<p>Nelle immagini aggiornate di Google Earth si vedono delle lingue di bosco bruciato a circa 350 mt slm, cio\u00e8 se si pensava che il fuoco da l\u00ec potesse proseguire, a causa del vento che lo spinge verso il mare, fino a giungere alle case, si sbagliava. Il fuoco si \u00e8 fermato appena ha incontrato la sterpaglia.<\/p>\n\n\n\n<p>Ora la domanda interessante \u00e8: &#8220;<em>Come ha fatto il fuoco, che si era fermato a 350 mt slm, a riprendere 3 km pi\u00f9 a valle, saltando tutte le ville e riprendendo proprio dalle case degli indigeni?<\/em>&#8220;<\/p>\n\n\n\n<p>Pu\u00f2 un tizzone volare a causa del vento in aria per circa 3 minuti mantenendosi acceso quanto basta e cadere proprio dove iniziano le case degli indigeni e in un punto altamente infiammabile? Molto difficile da credere!<\/p>\n\n\n\n<p>Con il 66,1% di umidit\u00e0 (vedi i dati meteo sopra), l&#8217;ipotesi che l&#8217;incendio abbia avuto pi\u00f9 di un aiuto viene ulteriormente rinforzata sotto ogni profilo.<\/p>\n\n\n\n<p>Nell&#8217;immagine satellitare in basso a sinistra c&#8217;\u00e8 un ingrandimento che evidenzia come l&#8217;incendio della sterpaglia verso il mare, seguendo la direzione del vento, sia stato fermato da una strada non molto larga. Mentre (vedi nota nell&#8217;immagine) altre sterpaglie bruciate hanno una delimitazione come se la direzione delle fiamme fosse contraria al vento. Sembra che il fuoco sia partito dal mare, abbia scavalcato controvento la strada&nbsp;<strong>S<\/strong>&nbsp;a quattro corsie, proseguito e si \u00e8 fermato sempre controvento ai margini di una stradina stretta evitando di giungere, sempre controvento le ville distribuite in un&#8217;ampia zona denominata Launiupoko.<\/p>\n\n\n\n<p>La logica di queste sterpaglie bruciate \u00e8 ben diversa, \u00e8 un atto deliberato, \u00e8 possibile solo stando ai bordi della stradina stretta e applicando il fuoco ogni 10 mt sul lato mare e il vento poi da l\u00ec l&#8217;ha spinto verso di esso, in questo modo si ha l&#8217;impressione che il fuoco si sia fermato prima d&#8217;arrivare alle ville, invece \u00e8 avvenuto il contrario.<\/p>\n\n\n\n<p>In TV e nei video montati dalle emittenti non \u00e8 infrequente vedere dei montaggi in cui ti mostrano le sterpaglie in fiamme che avanzano su un enorme fronte e poi ti mostrano la citt\u00e0 in fiamme come se la causa derivasse, appunto dalle sterpaglie, ma \u00e8 assolutamente falso lo si comprende guardando l&#8217;immagine satellitare del giorno dopo.<\/p>\n\n\n\n<p>Infine \u00e8 doveroso evidenziare come le imbarcazioni nel piccolo porticciolo sono bruciate tutte, ma sono bruciate anche quelle che erano fuori a poche decine di mt e tutte contemporaneamente, cos\u00ec riferiscono i testimoni. Si dir\u00e0 che i tizzoni erano spinti dal vento su di loro, per\u00f2 manco un testimone ne ha visto uno.<\/p>\n\n\n\n<p>Poi il modo in cui abbiano dato fuoco mediante energia diretta dall&#8217;alto per mezzo di armi gi\u00e0 disponibili da pi\u00f9 di un decennio o a causa di attivit\u00e0 illecite svolte a livello del suolo, poco importa.<\/p>\n\n\n\n<h5 class=\"wp-block-heading\" id=\"6\"><span id=\"sirene-dallarme\"><strong>SIRENE D&#8217;ALLARME<\/strong><\/span><\/h5>\n\n\n\n<p>Le Hawaii, sono dotate del sistema di allarme pi\u00f9 sofisticato esistente che viene attivato in caso di tsunami. Ricordiamo che la particolare posizione di queste isole \u00e8 tale per cui l&#8217;onda d&#8217;acqua killer arriva in met\u00e0 tempo rispetto a quanto impiegherebbe per giungere sulle coste occidentali delle Americhe o orientali dell&#8217;Asia.<\/p>\n\n\n\n<p>Osservando l&#8217;immagine satellitare si vede che nella parte alta, sulle colline ci sono strisce di fuoco che ho delimitato con linee rosse, se le sirene suonavano gli abitanti di Lahaina uscivano e vedevano che sulle colline c&#8217;era il fuoco, capivano al volo che sicuramente non era un allarme tsunami e avrebbero fatto attivare tutte le altre misure di sicurezza atte ad evitare la propagazione in paese e svolto una sorveglianza capillare.<\/p>\n\n\n\n<p>Ecco qual&#8217;\u00e8 il problema, la sorveglianza capillare!<br>Non doveva esserci altrimenti qualcuno avrebbe potuto scoprire qualche &#8220;piromane&#8221;, invece se tutti sono in casa basta appiccare il fuoco in alcuni punti, ad esempio (guardando l&#8217;immagine satellitare) dove finisce l&#8217;area&nbsp;<strong>A<\/strong>&nbsp;e&nbsp;<strong>B&nbsp;<\/strong>verso il mare<strong>,<\/strong>&nbsp;e il vento avrebbe fatto il resto fino alla costa, poi una volta avviato chi avrebbe visto bene cosa accadeva in mezzo al fumo e cercando di scappare dalle fiamme, perch\u00e9 sicuramente in alcuni casi, molti casi, \u00e8 stato addomesticato per salvare &#8216;<em>n<\/em>&#8216; edifici. Ricordiamoci che l&#8217;umidit\u00e0 al mattino aveva raggiunto il 66%.<\/p>\n\n\n\n<p>In questo modo potevano raccontare qualunque cosa, nessuno ha visto, al massimo sar\u00e0 licenziato quell&#8217;idiota che ha pensato che con le sirene sarebbero corsi verso le fiamme che erano a 3 o pi\u00f9 km.<\/p>\n\n\n\n<h5 class=\"wp-block-heading\" id=\"7\"><span id=\"lacqua-contro-gli-incendi\"><strong>L&#8217;ACQUA CONTRO GLI INCENDI<\/strong><\/span><\/h5>\n\n\n\n<p>Gli hawaiani consapevoli che il loro clima e le scarse piogge possono essere fonte di incendi, hanno predisposto numerosi attacchi antincendio. Molti incroci ne hanno uno o lungo le vie.<\/p>\n\n\n\n<figure class=\"wp-block-image size-large\"><img loading=\"lazy\" decoding=\"async\" width=\"1024\" height=\"724\" src=\"https:\/\/senzatempo.org\/wp-content\/uploads\/2026\/03\/main-qimg-7f7b04ba944785ccddc4766014b8e8f2-1024x724.jpg\" alt=\"\" class=\"wp-image-3395\" srcset=\"https:\/\/senzatempo.org\/wp-content\/uploads\/2026\/03\/main-qimg-7f7b04ba944785ccddc4766014b8e8f2-1024x724.jpg 1024w, https:\/\/senzatempo.org\/wp-content\/uploads\/2026\/03\/main-qimg-7f7b04ba944785ccddc4766014b8e8f2-300x212.jpg 300w, https:\/\/senzatempo.org\/wp-content\/uploads\/2026\/03\/main-qimg-7f7b04ba944785ccddc4766014b8e8f2-768x543.jpg 768w, https:\/\/senzatempo.org\/wp-content\/uploads\/2026\/03\/main-qimg-7f7b04ba944785ccddc4766014b8e8f2-1536x1086.jpg 1536w, https:\/\/senzatempo.org\/wp-content\/uploads\/2026\/03\/main-qimg-7f7b04ba944785ccddc4766014b8e8f2-380x269.jpg 380w, https:\/\/senzatempo.org\/wp-content\/uploads\/2026\/03\/main-qimg-7f7b04ba944785ccddc4766014b8e8f2-800x566.jpg 800w, https:\/\/senzatempo.org\/wp-content\/uploads\/2026\/03\/main-qimg-7f7b04ba944785ccddc4766014b8e8f2-1160x820.jpg 1160w, https:\/\/senzatempo.org\/wp-content\/uploads\/2026\/03\/main-qimg-7f7b04ba944785ccddc4766014b8e8f2-760x537.jpg 760w, https:\/\/senzatempo.org\/wp-content\/uploads\/2026\/03\/main-qimg-7f7b04ba944785ccddc4766014b8e8f2-1600x1131.jpg 1600w, https:\/\/senzatempo.org\/wp-content\/uploads\/2026\/03\/main-qimg-7f7b04ba944785ccddc4766014b8e8f2-600x424.jpg 600w, https:\/\/senzatempo.org\/wp-content\/uploads\/2026\/03\/main-qimg-7f7b04ba944785ccddc4766014b8e8f2.jpg 1697w\" sizes=\"auto, (max-width: 1024px) 100vw, 1024px\" \/><\/figure>\n\n\n\n<p>Quando i vigili del fuoco allertati dalla popolazione si sono mossi ed hanno collegato le loro manichette agli attacchi distribuiti sul territorio, hanno fatto l&#8217;amara sorpresa di non avere la pressione necessaria, come se per errore a monte sia stata chiusa una valvola generale o pi\u00f9 di una. Nel&nbsp;<em>day after<\/em>&nbsp;\u00e8 raro vedere acqua per le strade, forse quella che i pompieri avevano nell&#8217;autobotte o di una conduttura rotta che riversava a bassa pressione l&#8217;acqua per strada.<\/p>\n\n\n\n<p><strong>\u00c8 assurdo avere il mare a 1 km e non avere l&#8217;acqua per spegnere un incendio.<\/strong><\/p>\n\n\n\n<p>I ricchi proprietari delle ville nella zona&nbsp;<strong>A&nbsp;<\/strong>e&nbsp;<strong>B<\/strong>, che manco hanno visto incendiarsi un fiammifero, l&#8217;acqua l&#8217;avevano e sarebbe stato facile farla arrivare dove bruciavano le case dato che deve scorrere verso il basso, ma non \u00e8 stata fatta scendere perch\u00e9 secondo le scuse ufficiali non si poteva, ma non per mancanza delle condutture\u2026<\/p>\n\n\n\n<p><strong><br><\/strong>Sicuramente avrete notato quella casetta con il tetto rosso che si \u00e8 salvata miracolosamente e che ogni testata giornalistica globale ha diffuso sia su internet che sui media tradizionali. Guardando questi video come non credere che sia l&#8217;unica superstite e che tutto il resto sia finito in cenere?<\/p>\n\n\n\n<h5 class=\"wp-block-heading\" id=\"8\"><span id=\"cosa-si-e-salvato\"><strong>COSA SI \u00c8 SALVATO?<\/strong><\/span><\/h5>\n\n\n<div class=\"wp-block-image\">\n<figure class=\"aligncenter size-large\"><img loading=\"lazy\" decoding=\"async\" width=\"1024\" height=\"579\" src=\"https:\/\/senzatempo.org\/wp-content\/uploads\/2026\/03\/main-qimg-65ae5fdf91555577127fce77677614b6-1024x579.jpg\" alt=\"\" class=\"wp-image-3396\" srcset=\"https:\/\/senzatempo.org\/wp-content\/uploads\/2026\/03\/main-qimg-65ae5fdf91555577127fce77677614b6-1024x579.jpg 1024w, https:\/\/senzatempo.org\/wp-content\/uploads\/2026\/03\/main-qimg-65ae5fdf91555577127fce77677614b6-300x170.jpg 300w, https:\/\/senzatempo.org\/wp-content\/uploads\/2026\/03\/main-qimg-65ae5fdf91555577127fce77677614b6-768x434.jpg 768w, https:\/\/senzatempo.org\/wp-content\/uploads\/2026\/03\/main-qimg-65ae5fdf91555577127fce77677614b6-1536x869.jpg 1536w, https:\/\/senzatempo.org\/wp-content\/uploads\/2026\/03\/main-qimg-65ae5fdf91555577127fce77677614b6-380x215.jpg 380w, https:\/\/senzatempo.org\/wp-content\/uploads\/2026\/03\/main-qimg-65ae5fdf91555577127fce77677614b6-800x452.jpg 800w, https:\/\/senzatempo.org\/wp-content\/uploads\/2026\/03\/main-qimg-65ae5fdf91555577127fce77677614b6-1160x656.jpg 1160w, https:\/\/senzatempo.org\/wp-content\/uploads\/2026\/03\/main-qimg-65ae5fdf91555577127fce77677614b6-760x430.jpg 760w, https:\/\/senzatempo.org\/wp-content\/uploads\/2026\/03\/main-qimg-65ae5fdf91555577127fce77677614b6-1600x905.jpg 1600w, https:\/\/senzatempo.org\/wp-content\/uploads\/2026\/03\/main-qimg-65ae5fdf91555577127fce77677614b6-600x339.jpg 600w, https:\/\/senzatempo.org\/wp-content\/uploads\/2026\/03\/main-qimg-65ae5fdf91555577127fce77677614b6.jpg 1768w\" sizes=\"auto, (max-width: 1024px) 100vw, 1024px\" \/><figcaption class=\"wp-element-caption\"><em>Casetta dal tetto rosso (contrassegnata con una &#8220;<\/em><strong><em>I&#8221;<\/em><\/strong><em>\u00a0nell&#8217;immagine satellitare)<\/em><\/figcaption><\/figure>\n<\/div>\n\n\n<p>Un giornalista ha anche rintracciato il proprietario, non \u00e8 un residente, non era in casa in quel momento ma all&#8217;estero e ha detto che sicuramente la sua casa \u00e8 integra perch\u00e9 il tetto lo ha rifatto di recente con copertura in metallo.<\/p>\n\n\n\n<p>Ma i vari servizi e video dei mainstream ufficiali, non hanno evidenziato cos&#8217;altro si \u00e8 salvato molto fortunosamente con il fuoco che sembra delimitato dalla penna magica di un geometra. Il fuoco ha rispettato i confini di propriet\u00e0.<\/p>\n\n\n\n<p>Vediamolo insieme.<\/p>\n\n\n<div class=\"wp-block-image\">\n<figure class=\"aligncenter size-large\"><img loading=\"lazy\" decoding=\"async\" width=\"1024\" height=\"610\" src=\"https:\/\/senzatempo.org\/wp-content\/uploads\/2026\/03\/main-qimg-e4b8ea2b145b8583f6c5a1af5600f3ce-1024x610.jpg\" alt=\"\" class=\"wp-image-3397\" srcset=\"https:\/\/senzatempo.org\/wp-content\/uploads\/2026\/03\/main-qimg-e4b8ea2b145b8583f6c5a1af5600f3ce-1024x610.jpg 1024w, https:\/\/senzatempo.org\/wp-content\/uploads\/2026\/03\/main-qimg-e4b8ea2b145b8583f6c5a1af5600f3ce-300x179.jpg 300w, https:\/\/senzatempo.org\/wp-content\/uploads\/2026\/03\/main-qimg-e4b8ea2b145b8583f6c5a1af5600f3ce-768x458.jpg 768w, https:\/\/senzatempo.org\/wp-content\/uploads\/2026\/03\/main-qimg-e4b8ea2b145b8583f6c5a1af5600f3ce-1536x915.jpg 1536w, https:\/\/senzatempo.org\/wp-content\/uploads\/2026\/03\/main-qimg-e4b8ea2b145b8583f6c5a1af5600f3ce-2048x1220.jpg 2048w, https:\/\/senzatempo.org\/wp-content\/uploads\/2026\/03\/main-qimg-e4b8ea2b145b8583f6c5a1af5600f3ce-380x226.jpg 380w, https:\/\/senzatempo.org\/wp-content\/uploads\/2026\/03\/main-qimg-e4b8ea2b145b8583f6c5a1af5600f3ce-800x477.jpg 800w, https:\/\/senzatempo.org\/wp-content\/uploads\/2026\/03\/main-qimg-e4b8ea2b145b8583f6c5a1af5600f3ce-1160x691.jpg 1160w, https:\/\/senzatempo.org\/wp-content\/uploads\/2026\/03\/main-qimg-e4b8ea2b145b8583f6c5a1af5600f3ce-760x453.jpg 760w, https:\/\/senzatempo.org\/wp-content\/uploads\/2026\/03\/main-qimg-e4b8ea2b145b8583f6c5a1af5600f3ce-1600x953.jpg 1600w, https:\/\/senzatempo.org\/wp-content\/uploads\/2026\/03\/main-qimg-e4b8ea2b145b8583f6c5a1af5600f3ce-600x358.jpg 600w, https:\/\/senzatempo.org\/wp-content\/uploads\/2026\/03\/main-qimg-e4b8ea2b145b8583f6c5a1af5600f3ce.jpg 2284w\" sizes=\"auto, (max-width: 1024px) 100vw, 1024px\" \/><figcaption class=\"wp-element-caption\"><em>Zona inizio incendi al termine dell&#8217;area &#8220;<\/em><strong><em>A<\/em><\/strong><em>&#8221; e &#8220;<\/em><strong><em>B<\/em><\/strong><em>&#8220;.<\/em><\/figcaption><\/figure>\n<\/div>\n\n<div class=\"wp-block-image\">\n<figure class=\"aligncenter size-full\"><img loading=\"lazy\" decoding=\"async\" width=\"602\" height=\"359\" src=\"https:\/\/senzatempo.org\/wp-content\/uploads\/2026\/03\/main-qimg-372b4e681613084500bac8283f5bb7dc.png\" alt=\"\" class=\"wp-image-3398\" srcset=\"https:\/\/senzatempo.org\/wp-content\/uploads\/2026\/03\/main-qimg-372b4e681613084500bac8283f5bb7dc.png 602w, https:\/\/senzatempo.org\/wp-content\/uploads\/2026\/03\/main-qimg-372b4e681613084500bac8283f5bb7dc-300x179.png 300w, https:\/\/senzatempo.org\/wp-content\/uploads\/2026\/03\/main-qimg-372b4e681613084500bac8283f5bb7dc-380x227.png 380w, https:\/\/senzatempo.org\/wp-content\/uploads\/2026\/03\/main-qimg-372b4e681613084500bac8283f5bb7dc-600x358.png 600w\" sizes=\"auto, (max-width: 602px) 100vw, 602px\" \/><figcaption class=\"wp-element-caption\"><em>A sinistra la casa con il tetto blu e a destra rosso. SALVE.<\/em><\/figcaption><\/figure>\n<\/div>\n\n<div class=\"wp-block-image\">\n<figure class=\"aligncenter size-large\"><img loading=\"lazy\" decoding=\"async\" width=\"1024\" height=\"610\" src=\"https:\/\/senzatempo.org\/wp-content\/uploads\/2026\/03\/main-qimg-8d577b139a1bda6dc378d6ee5eeceb85-1024x610.jpg\" alt=\"\" class=\"wp-image-3399\" srcset=\"https:\/\/senzatempo.org\/wp-content\/uploads\/2026\/03\/main-qimg-8d577b139a1bda6dc378d6ee5eeceb85-1024x610.jpg 1024w, https:\/\/senzatempo.org\/wp-content\/uploads\/2026\/03\/main-qimg-8d577b139a1bda6dc378d6ee5eeceb85-300x179.jpg 300w, https:\/\/senzatempo.org\/wp-content\/uploads\/2026\/03\/main-qimg-8d577b139a1bda6dc378d6ee5eeceb85-768x458.jpg 768w, https:\/\/senzatempo.org\/wp-content\/uploads\/2026\/03\/main-qimg-8d577b139a1bda6dc378d6ee5eeceb85-1536x915.jpg 1536w, https:\/\/senzatempo.org\/wp-content\/uploads\/2026\/03\/main-qimg-8d577b139a1bda6dc378d6ee5eeceb85-2048x1220.jpg 2048w, https:\/\/senzatempo.org\/wp-content\/uploads\/2026\/03\/main-qimg-8d577b139a1bda6dc378d6ee5eeceb85-380x226.jpg 380w, https:\/\/senzatempo.org\/wp-content\/uploads\/2026\/03\/main-qimg-8d577b139a1bda6dc378d6ee5eeceb85-800x477.jpg 800w, https:\/\/senzatempo.org\/wp-content\/uploads\/2026\/03\/main-qimg-8d577b139a1bda6dc378d6ee5eeceb85-1160x691.jpg 1160w, https:\/\/senzatempo.org\/wp-content\/uploads\/2026\/03\/main-qimg-8d577b139a1bda6dc378d6ee5eeceb85-760x453.jpg 760w, https:\/\/senzatempo.org\/wp-content\/uploads\/2026\/03\/main-qimg-8d577b139a1bda6dc378d6ee5eeceb85-1600x953.jpg 1600w, https:\/\/senzatempo.org\/wp-content\/uploads\/2026\/03\/main-qimg-8d577b139a1bda6dc378d6ee5eeceb85-600x358.jpg 600w, https:\/\/senzatempo.org\/wp-content\/uploads\/2026\/03\/main-qimg-8d577b139a1bda6dc378d6ee5eeceb85.jpg 2284w\" sizes=\"auto, (max-width: 1024px) 100vw, 1024px\" \/><figcaption class=\"wp-element-caption\"><em>Casa di fronte alle due precedenti. BRUCIATA.<\/em><\/figcaption><\/figure>\n<\/div>\n\n<div class=\"wp-block-image\">\n<figure class=\"aligncenter size-large\"><img loading=\"lazy\" decoding=\"async\" width=\"1024\" height=\"610\" src=\"https:\/\/senzatempo.org\/wp-content\/uploads\/2026\/03\/main-qimg-b0e923591b7a17070bf9d60f280802d8-1024x610.jpg\" alt=\"\" class=\"wp-image-3400\" srcset=\"https:\/\/senzatempo.org\/wp-content\/uploads\/2026\/03\/main-qimg-b0e923591b7a17070bf9d60f280802d8-1024x610.jpg 1024w, https:\/\/senzatempo.org\/wp-content\/uploads\/2026\/03\/main-qimg-b0e923591b7a17070bf9d60f280802d8-300x179.jpg 300w, https:\/\/senzatempo.org\/wp-content\/uploads\/2026\/03\/main-qimg-b0e923591b7a17070bf9d60f280802d8-768x458.jpg 768w, https:\/\/senzatempo.org\/wp-content\/uploads\/2026\/03\/main-qimg-b0e923591b7a17070bf9d60f280802d8-1536x915.jpg 1536w, https:\/\/senzatempo.org\/wp-content\/uploads\/2026\/03\/main-qimg-b0e923591b7a17070bf9d60f280802d8-2048x1220.jpg 2048w, https:\/\/senzatempo.org\/wp-content\/uploads\/2026\/03\/main-qimg-b0e923591b7a17070bf9d60f280802d8-380x226.jpg 380w, https:\/\/senzatempo.org\/wp-content\/uploads\/2026\/03\/main-qimg-b0e923591b7a17070bf9d60f280802d8-800x477.jpg 800w, https:\/\/senzatempo.org\/wp-content\/uploads\/2026\/03\/main-qimg-b0e923591b7a17070bf9d60f280802d8-1160x691.jpg 1160w, https:\/\/senzatempo.org\/wp-content\/uploads\/2026\/03\/main-qimg-b0e923591b7a17070bf9d60f280802d8-760x453.jpg 760w, https:\/\/senzatempo.org\/wp-content\/uploads\/2026\/03\/main-qimg-b0e923591b7a17070bf9d60f280802d8-1600x953.jpg 1600w, https:\/\/senzatempo.org\/wp-content\/uploads\/2026\/03\/main-qimg-b0e923591b7a17070bf9d60f280802d8-600x358.jpg 600w, https:\/\/senzatempo.org\/wp-content\/uploads\/2026\/03\/main-qimg-b0e923591b7a17070bf9d60f280802d8.jpg 2284w\" sizes=\"auto, (max-width: 1024px) 100vw, 1024px\" \/><figcaption class=\"wp-element-caption\"><em>Zona contrassegnata con la &#8220;<\/em><strong><em>C<\/em><\/strong><em>&#8220;. In quest&#8217;area ci sono capannoni, ristoranti, ed altre attivit\u00e0 commerciali. SALVI.<\/em><\/figcaption><\/figure>\n<\/div>\n\n\n<p>In quest&#8217;area \u00e8 bruciato solo un condominio costruito meno di 13 anni fa.<br><\/p>\n\n\n<div class=\"wp-block-image\">\n<figure class=\"aligncenter size-large\"><img loading=\"lazy\" decoding=\"async\" width=\"1024\" height=\"610\" src=\"https:\/\/senzatempo.org\/wp-content\/uploads\/2026\/03\/main-qimg-c7d50b01c16ed2d484c33bf97ac6b732-1024x610.jpg\" alt=\"\" class=\"wp-image-3401\" srcset=\"https:\/\/senzatempo.org\/wp-content\/uploads\/2026\/03\/main-qimg-c7d50b01c16ed2d484c33bf97ac6b732-1024x610.jpg 1024w, https:\/\/senzatempo.org\/wp-content\/uploads\/2026\/03\/main-qimg-c7d50b01c16ed2d484c33bf97ac6b732-300x179.jpg 300w, https:\/\/senzatempo.org\/wp-content\/uploads\/2026\/03\/main-qimg-c7d50b01c16ed2d484c33bf97ac6b732-768x458.jpg 768w, https:\/\/senzatempo.org\/wp-content\/uploads\/2026\/03\/main-qimg-c7d50b01c16ed2d484c33bf97ac6b732-1536x915.jpg 1536w, https:\/\/senzatempo.org\/wp-content\/uploads\/2026\/03\/main-qimg-c7d50b01c16ed2d484c33bf97ac6b732-2048x1220.jpg 2048w, https:\/\/senzatempo.org\/wp-content\/uploads\/2026\/03\/main-qimg-c7d50b01c16ed2d484c33bf97ac6b732-380x226.jpg 380w, https:\/\/senzatempo.org\/wp-content\/uploads\/2026\/03\/main-qimg-c7d50b01c16ed2d484c33bf97ac6b732-800x477.jpg 800w, https:\/\/senzatempo.org\/wp-content\/uploads\/2026\/03\/main-qimg-c7d50b01c16ed2d484c33bf97ac6b732-1160x691.jpg 1160w, https:\/\/senzatempo.org\/wp-content\/uploads\/2026\/03\/main-qimg-c7d50b01c16ed2d484c33bf97ac6b732-760x453.jpg 760w, https:\/\/senzatempo.org\/wp-content\/uploads\/2026\/03\/main-qimg-c7d50b01c16ed2d484c33bf97ac6b732-1600x953.jpg 1600w, https:\/\/senzatempo.org\/wp-content\/uploads\/2026\/03\/main-qimg-c7d50b01c16ed2d484c33bf97ac6b732-600x358.jpg 600w, https:\/\/senzatempo.org\/wp-content\/uploads\/2026\/03\/main-qimg-c7d50b01c16ed2d484c33bf97ac6b732.jpg 2284w\" sizes=\"auto, (max-width: 1024px) 100vw, 1024px\" \/><figcaption class=\"wp-element-caption\"><em>Un supermercato con i soliti negozi di brand famosi, della zona &#8220;<\/em><strong><em>D<\/em><\/strong><em>&#8220;. SALVO.<\/em><\/figcaption><\/figure>\n<\/div>\n\n<div class=\"wp-block-image\">\n<figure class=\"aligncenter size-large\"><img loading=\"lazy\" decoding=\"async\" width=\"1024\" height=\"610\" src=\"https:\/\/senzatempo.org\/wp-content\/uploads\/2026\/03\/main-qimg-c6840d924441b1d1deb1ebfb2921e7eb-1024x610.jpg\" alt=\"\" class=\"wp-image-3402\" srcset=\"https:\/\/senzatempo.org\/wp-content\/uploads\/2026\/03\/main-qimg-c6840d924441b1d1deb1ebfb2921e7eb-1024x610.jpg 1024w, https:\/\/senzatempo.org\/wp-content\/uploads\/2026\/03\/main-qimg-c6840d924441b1d1deb1ebfb2921e7eb-300x179.jpg 300w, https:\/\/senzatempo.org\/wp-content\/uploads\/2026\/03\/main-qimg-c6840d924441b1d1deb1ebfb2921e7eb-768x458.jpg 768w, https:\/\/senzatempo.org\/wp-content\/uploads\/2026\/03\/main-qimg-c6840d924441b1d1deb1ebfb2921e7eb-1536x915.jpg 1536w, https:\/\/senzatempo.org\/wp-content\/uploads\/2026\/03\/main-qimg-c6840d924441b1d1deb1ebfb2921e7eb-2048x1220.jpg 2048w, https:\/\/senzatempo.org\/wp-content\/uploads\/2026\/03\/main-qimg-c6840d924441b1d1deb1ebfb2921e7eb-380x226.jpg 380w, https:\/\/senzatempo.org\/wp-content\/uploads\/2026\/03\/main-qimg-c6840d924441b1d1deb1ebfb2921e7eb-800x477.jpg 800w, https:\/\/senzatempo.org\/wp-content\/uploads\/2026\/03\/main-qimg-c6840d924441b1d1deb1ebfb2921e7eb-1160x691.jpg 1160w, https:\/\/senzatempo.org\/wp-content\/uploads\/2026\/03\/main-qimg-c6840d924441b1d1deb1ebfb2921e7eb-760x453.jpg 760w, https:\/\/senzatempo.org\/wp-content\/uploads\/2026\/03\/main-qimg-c6840d924441b1d1deb1ebfb2921e7eb-1600x953.jpg 1600w, https:\/\/senzatempo.org\/wp-content\/uploads\/2026\/03\/main-qimg-c6840d924441b1d1deb1ebfb2921e7eb-600x358.jpg 600w, https:\/\/senzatempo.org\/wp-content\/uploads\/2026\/03\/main-qimg-c6840d924441b1d1deb1ebfb2921e7eb.jpg 2284w\" sizes=\"auto, (max-width: 1024px) 100vw, 1024px\" \/><figcaption class=\"wp-element-caption\"><em>Kahoma Village. Zona\u00a0<\/em><strong><em>&#8220;E&#8221;\u00a0<\/em><\/strong><em>costruita tra il 2016 e il 2020. SALVO con delle eccezioni.<\/em><\/figcaption><\/figure>\n<\/div>\n\n\n<p>All&#8217;interno della zona\u00a0<strong>E<\/strong>\u00a0troviamo altre stranezze. Le freccette gialle indicano case bruciate. Strano, sono completamente isolate dalle altre case bruciate e circondate da case che sono rimaste intonse.<br>Il fuoco come ha fatto ad arrivare l\u00ec?<\/p>\n\n\n<div class=\"wp-block-image\">\n<figure class=\"aligncenter size-large\"><img loading=\"lazy\" decoding=\"async\" width=\"1024\" height=\"838\" src=\"https:\/\/senzatempo.org\/wp-content\/uploads\/2026\/03\/main-qimg-c3ac731f688b2bb7cb7863c763ab53c2-1024x838.jpg\" alt=\"\" class=\"wp-image-3403\" srcset=\"https:\/\/senzatempo.org\/wp-content\/uploads\/2026\/03\/main-qimg-c3ac731f688b2bb7cb7863c763ab53c2-1024x838.jpg 1024w, https:\/\/senzatempo.org\/wp-content\/uploads\/2026\/03\/main-qimg-c3ac731f688b2bb7cb7863c763ab53c2-300x246.jpg 300w, https:\/\/senzatempo.org\/wp-content\/uploads\/2026\/03\/main-qimg-c3ac731f688b2bb7cb7863c763ab53c2-768x629.jpg 768w, https:\/\/senzatempo.org\/wp-content\/uploads\/2026\/03\/main-qimg-c3ac731f688b2bb7cb7863c763ab53c2-1536x1257.jpg 1536w, https:\/\/senzatempo.org\/wp-content\/uploads\/2026\/03\/main-qimg-c3ac731f688b2bb7cb7863c763ab53c2-2048x1677.jpg 2048w, https:\/\/senzatempo.org\/wp-content\/uploads\/2026\/03\/main-qimg-c3ac731f688b2bb7cb7863c763ab53c2-380x311.jpg 380w, https:\/\/senzatempo.org\/wp-content\/uploads\/2026\/03\/main-qimg-c3ac731f688b2bb7cb7863c763ab53c2-800x655.jpg 800w, https:\/\/senzatempo.org\/wp-content\/uploads\/2026\/03\/main-qimg-c3ac731f688b2bb7cb7863c763ab53c2-1160x950.jpg 1160w, https:\/\/senzatempo.org\/wp-content\/uploads\/2026\/03\/main-qimg-c3ac731f688b2bb7cb7863c763ab53c2-760x622.jpg 760w, https:\/\/senzatempo.org\/wp-content\/uploads\/2026\/03\/main-qimg-c3ac731f688b2bb7cb7863c763ab53c2-1600x1310.jpg 1600w, https:\/\/senzatempo.org\/wp-content\/uploads\/2026\/03\/main-qimg-c3ac731f688b2bb7cb7863c763ab53c2-2320x1899.jpg 2320w, https:\/\/senzatempo.org\/wp-content\/uploads\/2026\/03\/main-qimg-c3ac731f688b2bb7cb7863c763ab53c2-600x491.jpg 600w, https:\/\/senzatempo.org\/wp-content\/uploads\/2026\/03\/main-qimg-c3ac731f688b2bb7cb7863c763ab53c2-scaled.jpg 2560w\" sizes=\"auto, (max-width: 1024px) 100vw, 1024px\" \/><\/figure>\n<\/div>\n\n\n<p>In questo ingrandimento si nota che l&#8217;erba nell&#8217;area verde \u00e8 bruciata a degradare solo di fronte alle abitazioni incendiate, non il contrario, infatti, la casa non bruciata, indicata con la freccia arancio, ha davanti a se l&#8217;erbetta integra, ancora verde. Perci\u00f2, qui, non \u00e8 la vegetazione ad innescare l&#8217;incendio, ma altro.<br>Chiss\u00e0, forse il proprietario(i) di queste quattro case multi famigliari, era quello sbagliato!<\/p>\n\n\n<div class=\"wp-block-image\">\n<figure class=\"aligncenter size-large\"><img loading=\"lazy\" decoding=\"async\" width=\"1024\" height=\"768\" src=\"https:\/\/senzatempo.org\/wp-content\/uploads\/2026\/03\/main-qimg-7c049be0dcf5a3702085c039111eed16-1024x768.jpg\" alt=\"\" class=\"wp-image-3404\" srcset=\"https:\/\/senzatempo.org\/wp-content\/uploads\/2026\/03\/main-qimg-7c049be0dcf5a3702085c039111eed16-1024x768.jpg 1024w, https:\/\/senzatempo.org\/wp-content\/uploads\/2026\/03\/main-qimg-7c049be0dcf5a3702085c039111eed16-300x225.jpg 300w, https:\/\/senzatempo.org\/wp-content\/uploads\/2026\/03\/main-qimg-7c049be0dcf5a3702085c039111eed16-768x576.jpg 768w, https:\/\/senzatempo.org\/wp-content\/uploads\/2026\/03\/main-qimg-7c049be0dcf5a3702085c039111eed16-1536x1152.jpg 1536w, https:\/\/senzatempo.org\/wp-content\/uploads\/2026\/03\/main-qimg-7c049be0dcf5a3702085c039111eed16-200x150.jpg 200w, https:\/\/senzatempo.org\/wp-content\/uploads\/2026\/03\/main-qimg-7c049be0dcf5a3702085c039111eed16-380x285.jpg 380w, https:\/\/senzatempo.org\/wp-content\/uploads\/2026\/03\/main-qimg-7c049be0dcf5a3702085c039111eed16-800x600.jpg 800w, https:\/\/senzatempo.org\/wp-content\/uploads\/2026\/03\/main-qimg-7c049be0dcf5a3702085c039111eed16-1160x870.jpg 1160w, https:\/\/senzatempo.org\/wp-content\/uploads\/2026\/03\/main-qimg-7c049be0dcf5a3702085c039111eed16-600x450.jpg 600w, https:\/\/senzatempo.org\/wp-content\/uploads\/2026\/03\/main-qimg-7c049be0dcf5a3702085c039111eed16-400x300.jpg 400w, https:\/\/senzatempo.org\/wp-content\/uploads\/2026\/03\/main-qimg-7c049be0dcf5a3702085c039111eed16-760x570.jpg 760w, https:\/\/senzatempo.org\/wp-content\/uploads\/2026\/03\/main-qimg-7c049be0dcf5a3702085c039111eed16-1600x1200.jpg 1600w, https:\/\/senzatempo.org\/wp-content\/uploads\/2026\/03\/main-qimg-7c049be0dcf5a3702085c039111eed16.jpg 1920w\" sizes=\"auto, (max-width: 1024px) 100vw, 1024px\" \/><figcaption class=\"wp-element-caption\"><em>Una delle abitazioni del Kahoma Village.<\/em><\/figcaption><\/figure>\n<\/div>\n\n\n<p>Tra il Kahoma Village e il mare c&#8217;\u00e8 un parcheggio per imbarcazioni da diporto di piccola stazza e uno scivolo per metterle in acqua. Naturalmente tutto questo \u00e8 rimasto intonso. SALVO.<\/p>\n\n\n\n<p>Tra la zona &#8220;<strong>D&#8221;&nbsp;<\/strong>ed<strong>&nbsp;&#8220;E&#8221;<\/strong>&nbsp;c&#8217;\u00e8 un ampio parcheggio auto a due piani. SALVO.<\/p>\n\n\n\n<p>Le aree contrassegnate con &#8220;<strong>F<\/strong>&#8221; e &#8220;<strong>G<\/strong>&#8221; sono dei supermercati e negozi di marca, rimasti intonsi insieme alle relative piante. SALVO.<\/p>\n\n\n<div class=\"wp-block-image\">\n<figure class=\"aligncenter size-large\"><img loading=\"lazy\" decoding=\"async\" width=\"1024\" height=\"610\" src=\"https:\/\/senzatempo.org\/wp-content\/uploads\/2026\/03\/main-qimg-ad6e320f04e86900523af5241b22dcfa-1024x610.jpg\" alt=\"\" class=\"wp-image-3405\" srcset=\"https:\/\/senzatempo.org\/wp-content\/uploads\/2026\/03\/main-qimg-ad6e320f04e86900523af5241b22dcfa-1024x610.jpg 1024w, https:\/\/senzatempo.org\/wp-content\/uploads\/2026\/03\/main-qimg-ad6e320f04e86900523af5241b22dcfa-300x179.jpg 300w, https:\/\/senzatempo.org\/wp-content\/uploads\/2026\/03\/main-qimg-ad6e320f04e86900523af5241b22dcfa-768x458.jpg 768w, https:\/\/senzatempo.org\/wp-content\/uploads\/2026\/03\/main-qimg-ad6e320f04e86900523af5241b22dcfa-1536x915.jpg 1536w, https:\/\/senzatempo.org\/wp-content\/uploads\/2026\/03\/main-qimg-ad6e320f04e86900523af5241b22dcfa-2048x1220.jpg 2048w, https:\/\/senzatempo.org\/wp-content\/uploads\/2026\/03\/main-qimg-ad6e320f04e86900523af5241b22dcfa-380x226.jpg 380w, https:\/\/senzatempo.org\/wp-content\/uploads\/2026\/03\/main-qimg-ad6e320f04e86900523af5241b22dcfa-800x477.jpg 800w, https:\/\/senzatempo.org\/wp-content\/uploads\/2026\/03\/main-qimg-ad6e320f04e86900523af5241b22dcfa-1160x691.jpg 1160w, https:\/\/senzatempo.org\/wp-content\/uploads\/2026\/03\/main-qimg-ad6e320f04e86900523af5241b22dcfa-760x453.jpg 760w, https:\/\/senzatempo.org\/wp-content\/uploads\/2026\/03\/main-qimg-ad6e320f04e86900523af5241b22dcfa-1600x953.jpg 1600w, https:\/\/senzatempo.org\/wp-content\/uploads\/2026\/03\/main-qimg-ad6e320f04e86900523af5241b22dcfa-600x358.jpg 600w, https:\/\/senzatempo.org\/wp-content\/uploads\/2026\/03\/main-qimg-ad6e320f04e86900523af5241b22dcfa.jpg 2284w\" sizes=\"auto, (max-width: 1024px) 100vw, 1024px\" \/><figcaption class=\"wp-element-caption\"><em>Questo mega condominio nella zona &#8220;<\/em><strong><em>H<\/em><\/strong><em>&#8221; \u00e8 il &#8220;LAHAINA SHORES &#8211; BEACH RESORT&#8221;.<\/em>\u00a0<em>SALVO<\/em><\/figcaption><\/figure>\n<\/div>\n\n\n<p>Le zone &#8220;<strong>L<\/strong>&#8221; \u00e8 l&#8217;ennesima area turistica non bruciata.<\/p>\n\n\n<div class=\"wp-block-image\">\n<figure class=\"aligncenter size-large\"><img loading=\"lazy\" decoding=\"async\" width=\"1024\" height=\"610\" src=\"https:\/\/senzatempo.org\/wp-content\/uploads\/2026\/03\/main-qimg-f7c35c8fa3d1e0e824edeb756adedd26-1024x610.jpg\" alt=\"\" class=\"wp-image-3406\" srcset=\"https:\/\/senzatempo.org\/wp-content\/uploads\/2026\/03\/main-qimg-f7c35c8fa3d1e0e824edeb756adedd26-1024x610.jpg 1024w, https:\/\/senzatempo.org\/wp-content\/uploads\/2026\/03\/main-qimg-f7c35c8fa3d1e0e824edeb756adedd26-300x179.jpg 300w, https:\/\/senzatempo.org\/wp-content\/uploads\/2026\/03\/main-qimg-f7c35c8fa3d1e0e824edeb756adedd26-768x458.jpg 768w, https:\/\/senzatempo.org\/wp-content\/uploads\/2026\/03\/main-qimg-f7c35c8fa3d1e0e824edeb756adedd26-1536x915.jpg 1536w, https:\/\/senzatempo.org\/wp-content\/uploads\/2026\/03\/main-qimg-f7c35c8fa3d1e0e824edeb756adedd26-2048x1220.jpg 2048w, https:\/\/senzatempo.org\/wp-content\/uploads\/2026\/03\/main-qimg-f7c35c8fa3d1e0e824edeb756adedd26-380x226.jpg 380w, https:\/\/senzatempo.org\/wp-content\/uploads\/2026\/03\/main-qimg-f7c35c8fa3d1e0e824edeb756adedd26-800x477.jpg 800w, https:\/\/senzatempo.org\/wp-content\/uploads\/2026\/03\/main-qimg-f7c35c8fa3d1e0e824edeb756adedd26-1160x691.jpg 1160w, https:\/\/senzatempo.org\/wp-content\/uploads\/2026\/03\/main-qimg-f7c35c8fa3d1e0e824edeb756adedd26-760x453.jpg 760w, https:\/\/senzatempo.org\/wp-content\/uploads\/2026\/03\/main-qimg-f7c35c8fa3d1e0e824edeb756adedd26-1600x953.jpg 1600w, https:\/\/senzatempo.org\/wp-content\/uploads\/2026\/03\/main-qimg-f7c35c8fa3d1e0e824edeb756adedd26-600x358.jpg 600w, https:\/\/senzatempo.org\/wp-content\/uploads\/2026\/03\/main-qimg-f7c35c8fa3d1e0e824edeb756adedd26.jpg 2284w\" sizes=\"auto, (max-width: 1024px) 100vw, 1024px\" \/><figcaption class=\"wp-element-caption\"><em>Zona &#8220;<\/em><strong><em>M<\/em><\/strong><em>&#8221; con Ville Turistiche. SALVO.<\/em><\/figcaption><\/figure>\n<\/div>\n\n\n<p>Anche questa, manco a farlo apposta \u00e8 una zona turistica.<br>Notare come la sterpaglia ha bruciato (zona scura) fino ai bordi della strada e poi le fiamme si sono diligentemente fermate, ma per qualche stranezza non ha risparmiato alcuna abitazione degli indigeni.<\/p>\n\n\n\n<p>Se guardate su youtube alcuni video girati con i droni su Lahaina dopo l&#8217;incendio, vedrete che tutti evitano d&#8217;inquadrare gli edifici che si sono salvati, anzi, appena si accorgono che stanno entrando nell&#8217;inquadratura, ruotano da remoto l&#8217;obiettivo della telecamera. Sono in grado d&#8217;affermare che hanno evitato di mostrarle perch\u00e9 avendoli visti molte volte, oramai sapevo a memoria la mappa di Maui, ma ho fatto anche verifiche incrociate su Google Earth. L&#8217;unica casa intatta che mostravano tutti era quella con il tetto rosso (che vedete pi\u00f9 sopra) in riva al mare, come per dire che quella era stata miracolata e questo \u00e8 il massimo contributo dei media nella ricerca delle cause dell&#8217;incendio.<\/p>\n\n\n\n<p>Sicuramente far vedere migliaia di case distrutte e poi quelle case di turisti danarosi intatte pu\u00f2 favorire domande del tipo &#8220;<strong>Come mai che quelle ville non sono bruciate?<\/strong>&#8221; e non volendo fare la figura dei complottisti, come probabilmente alcuni penseranno di me, non mostrano ci\u00f2 che si \u00e8 salvato.<\/p>\n\n\n\n<p>Se su 100 case di indigeni 40 si fossero salvate, sono stati sfortunati in 60, ma se tutte le case degli indigeni bruciano e le &#8220;ville&#8221; no, queste ultime hanno goduto del loro status di fortunati, quasi come se ne avessero diritto.<\/p>\n\n\n\n<p>3000 case distrutte, come se fosse passato un frullatore, pi\u00f9 di 1000 autoctoni dispersi, tutti quanti non sono pi\u00f9 proprietari di nulla.<\/p>\n\n\n\n<h5 class=\"wp-block-heading\" id=\"9\"><span id=\"armi-a-energia-diretta\"><strong>ARMI A ENERGIA DIRETTA<\/strong><\/span><\/h5>\n\n\n\n<p>Non trovate strano come siano andate le cose?<br>Dopo aver visto e letto quanto sopra, non si pu\u00f2 non notare come il fuoco a Lahaina sia stato un po&#8217; troppo &#8220;discriminatorio&#8221;, o per dirla in altro modo &#8220;intelligente&#8221;?<br>Con certe armi ad energia diretta sarebbe un giochetto circoscrivere un&#8217;area da colpire.<\/p>\n\n\n\n<p>Vorrei per\u00f2 fare un inciso su chi afferma d&#8217;aver visto cerchi in lega liquefatti. In molte immagini quel che sembra alluminio fuso che scorre sull&#8217;asfalto, ritengo sia prima di tutto del plasticone fuso che ha smesso di scorrere appena si \u00e8 solidificato abbastanza.<\/p>\n\n\n\n<p>L&#8217;alluminio dei cerchi in lega fonde a circa 700\u00b0C. Ho visto alcune Tesla bruciate completamente dalla portiera anteriore fino alla targa posteriore e i due cerchi posteriori erano integri, con ancora della gomma e quando bruciano le auto elettriche, non lo fanno solo per un minuto, ma ore.<\/p>\n\n\n\n<p>In altre immagini di incendi strani di auto, si vede solo parte del cerchio il resto non \u00e8 fuso si \u00e8 piantato nell&#8217;asfalto molle a causa del calore, per il peso.<\/p>\n\n\n\n<p>Ci saranno sicuramente altre immagini a cui un esame attento pu\u00f2 escludere che ci sia stato una fusione completa del cerchio delle ruote.<\/p>\n\n\n\n<p>Tutto questo ancora non esclude che siano state usate armi ad energia diretta, colpiscono dall&#8217;alto e il danno al cerchione \u00e8 un effetto collaterale. Si tratta di incendio doloso, comunque, anche se non si \u00e8 in grado di provare che abbiano usato armi simili.<\/p>\n\n\n\n<p>Un&#8217;altro episodio strano sono le imbarcazioni che pur allontanandosi di qualche decina di metri dall&#8217;attracco, si sono incendiate e gli occupanti si sono dovuti buttare. Pensavano d&#8217;essere al sicuro ma senza che il fuoco le abbia raggiunte, cos&#8217;\u00e8 stato a farle incendiare? Qui ora pare che siate finiti nella casa dei complottisti, ma le cause si restringono parecchio, a monte c&#8217;\u00e8 una volont\u00e0 mai confessata e mai dichiarata di lasciare che il fuoco faccia la sua strada, ma il fatto che abbia distrutto esclusivamente le case degli autoctoni e salvato le strutture turistiche, suona molto male. Poi non ho mai visto persone anche se ricche pur avendo a disposizione risorse d&#8217;acqua, anche se limitate per lo scopo, rifiutarsi di renderla disponibile per salvare almeno qualche casa e infine i pompieri non potevano tentare l&#8217;estrema ratio, usare l&#8217;acqua di mare? Potevano salvare qualche fila di case e contenere l&#8217;espandersi dell&#8217;incendio. Poi il diffondersi del fuoco sulle sterpaglie, in apparenza, sembra averlo fatto controvento che \u00e8 un&#8217;assurdit\u00e0.<\/p>\n\n\n\n<p>Ci sono azioni che avrebbero dovuto compiere nel caso in cui a causa di un uragano i venti superassero i 100 km\/h, ne hanno fatto solo una, tenere a casa i bambini da scuola, cos\u00ec con meno gente in giro potevano agire meglio? Poi il giorno dell&#8217;incendio i venti hanno raggiunto picchi di 60 km\/h, il giorno prima 70 km\/h, l&#8217;uragano che stava passando a circa 700~800 km non era abbastanza forte e grande da determinare la catena di eventi che si sono verificati, ma \u00e8 stata colta l&#8217;occasione per &#8220;agire&#8221; con modalit\u00e0 che non hanno fatto altro che aumentare i sospetti, sembrava tutto programmato per far s\u00ec che avvenga quel che \u00e8 successo per quante cose non hanno funzionato.<\/p>\n\n\n\n<p>Nessun SMS, nessun avviso in TV, nessuna sirena ha suonato, tranquilli, non sta accadendo nulla non fare il complottista, se non fai o hai dimenticato di fare le prime due cose, almeno suona le sirene anche se erano previste per uno tsunami, almeno la gente esce di casa poi che c&#8217;\u00e8 un incendio lo vede, capisce cosa deve fare, non sono decerebrati!<\/p>\n\n\n\n<p>Dopo l&#8217;incendio, ma con ancora i fumi residui e le vittime sotto shock, si sono fatti sentire gli immobiliaristi in cerca di affari a buon mercato raggirando chi da sopravvissuto si \u00e8 ritrovato senza una casa e tutto quel che vi aveva dentro. <strong>Avevano gi\u00e0 i moduli precompilati<\/strong>, 5000 $ e ti levi la preoccupazione della casa bruciata, certo, con la perdita della propriet\u00e0 poi dove vai con i costi che ci sono in luoghi turistici come alle Hawaii?<\/p>\n\n\n\n<p>Per\u00f2 prima di proseguire nella lettura, provate a rispondere a questa domanda: &#8220;<strong>Si pu\u00f2 affermare che si tratta di un incendio puramente casuale?<\/strong>&#8220;, \u00e8 difficile rispondere di si, ti senti in mala fede. A titolo informativo, guardiamo cosa sono e cosa si sa su queste armi a energia diretta che in campo militare gi\u00e0 usano precisando che quando il pubblico ne viene a conoscenza, erano gi\u00e0 disponibili 10 anni prima. <strong><a href=\"https:\/\/svppbellum.blogspot.com\/2019\/01\/i-cannoni-laser-ad-alta-energia-sono.html\" target=\"_blank\" rel=\"noreferrer noopener\">Le armi ad energia diretta: i cannoni laser ad alta energia sono gi\u00e0 una realt\u00e0<\/a><\/strong> \u00e8 un articolo scritto il 06\/01\/2019 abbastanza documentato che rende bene l&#8217;idea di come il settore si sia sviluppato e altamente specializzato per sfruttare gli effetti negativi di qualsiasi tipo di onde.<\/p>\n\n\n\n<p>A supporto vi posso anche citare un brevetto per armi a energia diretta e guarda caso salta fuori un&#8217;azienda israeliana, la RAFAEL ADVANCED DEFENCE SYSTEM LTD.<\/p>\n\n\n<div class=\"wp-block-image\">\n<figure class=\"aligncenter size-large\"><img loading=\"lazy\" decoding=\"async\" width=\"1024\" height=\"913\" src=\"https:\/\/senzatempo.org\/wp-content\/uploads\/2026\/03\/main-qimg-33690fa12242d43a1d2afa6b6dabbea9-1024x913.jpg\" alt=\"\" class=\"wp-image-3408\" srcset=\"https:\/\/senzatempo.org\/wp-content\/uploads\/2026\/03\/main-qimg-33690fa12242d43a1d2afa6b6dabbea9-1024x913.jpg 1024w, https:\/\/senzatempo.org\/wp-content\/uploads\/2026\/03\/main-qimg-33690fa12242d43a1d2afa6b6dabbea9-300x267.jpg 300w, https:\/\/senzatempo.org\/wp-content\/uploads\/2026\/03\/main-qimg-33690fa12242d43a1d2afa6b6dabbea9-768x685.jpg 768w, https:\/\/senzatempo.org\/wp-content\/uploads\/2026\/03\/main-qimg-33690fa12242d43a1d2afa6b6dabbea9-380x339.jpg 380w, https:\/\/senzatempo.org\/wp-content\/uploads\/2026\/03\/main-qimg-33690fa12242d43a1d2afa6b6dabbea9-800x713.jpg 800w, https:\/\/senzatempo.org\/wp-content\/uploads\/2026\/03\/main-qimg-33690fa12242d43a1d2afa6b6dabbea9-1160x1034.jpg 1160w, https:\/\/senzatempo.org\/wp-content\/uploads\/2026\/03\/main-qimg-33690fa12242d43a1d2afa6b6dabbea9-760x677.jpg 760w, https:\/\/senzatempo.org\/wp-content\/uploads\/2026\/03\/main-qimg-33690fa12242d43a1d2afa6b6dabbea9-600x535.jpg 600w, https:\/\/senzatempo.org\/wp-content\/uploads\/2026\/03\/main-qimg-33690fa12242d43a1d2afa6b6dabbea9.jpg 1242w\" sizes=\"auto, (max-width: 1024px) 100vw, 1024px\" \/><figcaption class=\"wp-element-caption\">Richiesta di brevetto del 2015 della RAFAEL ADVANCED DEFENCE SYSTEM LTD. ad Haifa in Israele.<\/figcaption><\/figure>\n<\/div>\n\n\n<p>Ora possiamo dire che non stiamo vaneggiando, ma puntiamo l&#8217;indice su una possibile causa a fronte di zero idee alternative. Aggiungo che data la potenza relativa di pochi kW, i raggi devono mantenere un&#8217;elevata coerenza per innescare un qualche effetto sull&#8217;obiettivo che, secondo me, preferenzialmente deve essere statico per permettere l&#8217;incremento di calore localizzato, come quando con una lente si cerca di bruciare la superficie di un pezzo di legno, se uno ti muove il legnetto a destra e a sinistra anche di poco non succede nulla. Ci\u00f2 non pone, ovviamente, a favore della mia tesi ma prendo in considerazione ogni <\/p>\n\n\n\n<p>Se vuoi scaricare il pdf del brevetto, questo \u00e8 il link:<br><a href=\"https:\/\/patentimages.storage.googleapis.com\/44\/cd\/82\/4deddb680464d3\/US10337841.pdf\"><strong>https:\/\/patentimages.storage.googleapis.com\/44\/cd\/82\/4deddb680464d3\/US10337841.pdf<\/strong><\/a><\/p>\n\n\n\n<h5 class=\"wp-block-heading\" id=\"10\"><span id=\"lahaina\"><strong>Lahaina<\/strong><\/span><\/h5>\n\n\n\n<p>Lahaina era la vecchia capitale delle Hawaii prima che gli USA la spostassero a Honolulu perch\u00e9 gli indigeni non li volevano. Come non pensare che non vi fosse un piano recondito per sistemare gli autoctoni, come peraltro hanno fatto senza alcun problema con quelli del Nord America fino a poco tempo fa.<br>Solo conoscendo la storia degli abitanti delle Hawaii \u00e8 possibile capire cosa potrebbe esserci dietro agli incendi che hanno devastato Lahaina.<\/p>\n\n\n\n<hr class=\"wp-block-separator has-text-color has-luminous-vivid-amber-color has-alpha-channel-opacity has-luminous-vivid-amber-background-color has-background\"\/>\n\n\n\n<h5 class=\"wp-block-heading\" id=\"11\"><span id=\"hanno-detto-su-maui\">Hanno detto su Maui<\/span><\/h5>\n\n\n\n<p>Un paio di giornalisti sono stati gli ispiratori che mi hanno incuriosito a sufficienza per fare le mie verifiche e pormi domande nuove.<\/p>\n\n\n\n<p>Il primo giornalista \u00e8 Alfredo Tocchi di cui vi metto un estratto del suo art.:<\/p>\n\n\n<blockquote>\n<p class=\"q-text qu-display--block qu-wordBreak--break-word qu-textAlign--start\">8 agosto 2023, oltre 3.000 edifici di Lahaina, sull\u2019isola di Mahui, vengono completamente distrutti. I morti accertati sono 115, i dispersi pi\u00f9 di 850.<\/p>\n<p class=\"q-text qu-display--block qu-wordBreak--break-word qu-textAlign--start\">Le sirene del sistema di allarme non vengono azionate, nonostante il vento forte (causato dal passaggio dell\u2019uragano Dora) non viene staccata la corrente elettrica e in pieno incendio i vigili del fuoco si ritrovano senz\u2019acqua.<\/p>\n<p class=\"q-text qu-display--block qu-wordBreak--break-word qu-textAlign--start\">\u2026<\/p>\n<p class=\"q-text qu-display--block qu-wordBreak--break-word qu-textAlign--start\">Per continuare a leggere l&#8217;art.\u00a0<a class=\"q-box qu-cursor--pointer qu-hover--textDecoration--underline b2c1r2a puppeteer_test_link\" title=\"www.ilgiornaleditalia.it\" href=\"https:\/\/www.ilgiornaleditalia.it\/news\/esteri\/523830\/incendi-maui-hawaii-lahaina-great-reset-klaus-schwab.html\" target=\"_blank\" rel=\"noopener nofollow\">Incendi a Maui, Hawaii, fatalit\u00e0 o crimine premeditato? Lahaina vittima del Great Reset, Klaus Schwab la mente dietro<\/a><\/p>\n<\/blockquote>\n\n\n<p>Il secondo giornalista \u00e8 Massimo Mazzucco con un video &#8220;<strong>Disastro INTENZIONALE<\/strong>&#8220;:<\/p>\n\n\n<figure class=\"wp-block-embed-youtube wp-block-embed is-type-video is-provider-youtube wp-embed-aspect-16-9 wp-has-aspect-ratio\"><div class=\"lyte-wrapper fourthree\" title=\"MAUI: disastro intenzionale\" style=\"width:480px;max-width:100%;margin:5px auto;\"><div class=\"lyMe hidef\" id=\"WYL_sfMAeFUdTnk\" itemprop=\"video\" itemscope itemtype=\"https:\/\/schema.org\/VideoObject\"><div><meta itemprop=\"thumbnailUrl\" content=\"https:\/\/i.ytimg.com\/vi\/sfMAeFUdTnk\/hqdefault.jpg\" \/><meta itemprop=\"embedURL\" content=\"https:\/\/www.youtube.com\/embed\/sfMAeFUdTnk\" \/><meta itemprop=\"duration\" content=\"PT20M15S\" \/><meta itemprop=\"uploadDate\" content=\"2023-08-24T04:53:33Z\" \/><\/div><div id=\"lyte_sfMAeFUdTnk\" data-src=\"https:\/\/i.ytimg.com\/vi\/sfMAeFUdTnk\/hqdefault.jpg\" class=\"pL\"><div class=\"tC\"><div class=\"tT\" itemprop=\"name\">MAUI: disastro intenzionale<\/div><\/div><div class=\"play\"><\/div><div class=\"ctrl\"><div class=\"Lctrl\"><\/div><div class=\"Rctrl\"><\/div><\/div><\/div><noscript><a href=\"https:\/\/youtu.be\/sfMAeFUdTnk\" rel=\"nofollow\"><img loading=\"lazy\" decoding=\"async\" src=\"https:\/\/i.ytimg.com\/vi\/sfMAeFUdTnk\/0.jpg\" alt=\"MAUI: disastro intenzionale\" width=\"480\" height=\"340\" \/><br \/>Guarda questo video su YouTube<\/a><\/noscript><meta itemprop=\"description\" content=\"Solo conoscendo la storia degli abitanti di Maui \u00e8 possibile capire cosa c&#039;\u00e8 dietro agli incendi che hanno devastato l&#039;isola delle Hawaii.\"><\/div><\/div><div class=\"lL\" style=\"max-width:100%;width:480px;margin:5px auto;\"><\/div><figcaption><\/figcaption><\/figure>\n\n<p class=\"q-text qu-display--block qu-wordBreak--break-word qu-textAlign--start\">Questo \u00e8 l&#8217;indice del video documentario di\u00a0Massimo Mazzucco\u00a0(giornalista) intitolato:<br \/>&#8220;<strong>MAUI: disastro intenzionale<\/strong>&#8220;, con cenni storici che aiutano a trovare una chiave di lettura per comprendere questo disastro.<\/p>\n<ul class=\"q-box\">\n<li class=\"q-relative\">Introduzione<\/li>\n<li class=\"q-relative\">I sospetti<\/li>\n<li class=\"q-relative\">La versione ufficiale<\/li>\n<li class=\"q-relative\">La versione ridicola<\/li>\n<li class=\"q-relative\">Le anomalie<\/li>\n<li class=\"q-relative\">La storia delle Hawaii<\/li>\n<li class=\"q-relative\">Gli abitanti di Maui<\/li>\n<li class=\"q-relative\">Il futuro di Maui<\/li>\n<\/ul>\n\n<figure class=\"wp-block-embed-youtube wp-block-embed is-type-video is-provider-youtube wp-embed-aspect-16-9 wp-has-aspect-ratio\"><div class=\"lyte-wrapper fourthree\" title=\"Maui wildfires: Drone video shows Lahaina left in smouldering ruins\" style=\"width:480px;max-width:100%;margin:5px auto;\"><div class=\"lyMe hidef\" id=\"WYL_94kIfNmh7xE\" itemprop=\"video\" itemscope itemtype=\"https:\/\/schema.org\/VideoObject\"><div><meta itemprop=\"thumbnailUrl\" content=\"https:\/\/i.ytimg.com\/vi\/94kIfNmh7xE\/maxresdefault.jpg\" \/><meta itemprop=\"embedURL\" content=\"https:\/\/www.youtube.com\/embed\/94kIfNmh7xE\" \/><meta itemprop=\"duration\" content=\"PT2M1S\" \/><meta itemprop=\"uploadDate\" content=\"2023-08-15T16:30:03Z\" \/><\/div><div id=\"lyte_94kIfNmh7xE\" data-src=\"https:\/\/i.ytimg.com\/vi\/94kIfNmh7xE\/maxresdefault.jpg\" class=\"pL\"><div class=\"tC\"><div class=\"tT\" itemprop=\"name\">Maui wildfires: Drone video shows Lahaina left in smouldering ruins<\/div><\/div><div class=\"play\"><\/div><div class=\"ctrl\"><div class=\"Lctrl\"><\/div><div class=\"Rctrl\"><\/div><\/div><\/div><noscript><a href=\"https:\/\/youtu.be\/94kIfNmh7xE\" rel=\"nofollow\"><img loading=\"lazy\" decoding=\"async\" src=\"https:\/\/i.ytimg.com\/vi\/94kIfNmh7xE\/0.jpg\" alt=\"Maui wildfires: Drone video shows Lahaina left in smouldering ruins\" width=\"480\" height=\"340\" \/><br \/>Guarda questo video su YouTube<\/a><\/noscript><meta itemprop=\"description\" content=\"Drone footage captured over the weekend showed what was left of Lahaina after wildfires raged through the Hawaiian island of Maui, razing neighbourhoods to the ground and smouldering ruins. Hawaii Governor Josh Green confirmed that the death toll from the fires has risen to at least 99 people, as of August 14. The Lahaina fire was 85 per cent contained, after burning an estimated 2,170 acres, according to the County of Maui. For more info, please go to https:\/\/globalnews.ca Subscribe to Global News Channel HERE: http:\/\/bit.ly\/20fcXDc Like Global News on Facebook HERE: http:\/\/bit.ly\/255GMJQ Follow Global News on Twitter HERE: http:\/\/bit.ly\/1Toz8mt Follow Global News on Instagram HERE: https:\/\/bit.ly\/2QZaZIB #GlobalNews #Maui #MauiWildfires #Lahaina\"><\/div><\/div><div class=\"lL\" style=\"max-width:100%;width:480px;margin:5px auto;\"><\/div><figcaption><\/figcaption><\/figure>\n\n\n<p><strong>Video con carrellata del disastro di Maui, uno dei pi\u00f9 completi che mi hanno aiutato a pormi domande.<\/strong><\/p>\n\n\n\n<p>Ovviamente i giornalisti che intendono mostrare esclusivamente le ceneri schivando la villa di fronte, o l&#8217;altro lato della via che sembra siano stati protetti da un muro invisibile, sono i primi a non voler farsi domande. Capisco che fa pi\u00f9 senso vedere o far sembrare che non si sia salvato nulla per avere il massimo numero di visualizzazioni sul canale YouTube, ma non \u00e8 vero giornalismo.<\/p>\n\n\n\n<p><strong>Credits:<\/strong><br>Per i media dove non \u00e8 indicatonulla o \u00e8 gi\u00e0 auto referenziato come i video, sono screenshot fatti con la app di Google Earth, che pi\u00f9 risultavano attinenti e in parte rielaborato ai fini del post da senzatempo.org<\/p>\n\n\n\n<hr class=\"wp-block-separator has-text-color has-luminous-vivid-amber-color has-alpha-channel-opacity has-luminous-vivid-amber-background-color has-background\"\/>\n\n\n\n<div class=\"wp-block-comments\"><h2 id=\"comments\" class=\"wp-block-comments-title\"><span id=\"una-risposta-a-incendi-a-maui-hawaii-fatalita-o-crimine-premeditato\">Una risposta a &#8220;Incendi a Maui (Hawaii), fatalit\u00e0 o crimine premeditato?&#8221;<\/span><\/h2>\n\n<ol class=\"wp-block-comment-template\"><li id=\"comment-282\" class=\"pingback even thread-even depth-1\">\n\n<div class=\"wp-block-columns is-layout-flex wp-container-core-columns-is-layout-9d6595d7 wp-block-columns-is-layout-flex\">\n<div class=\"wp-block-column is-layout-flow wp-block-column-is-layout-flow\" style=\"flex-basis:40px\"><div class=\"wp-block-avatar\">  <\/div><\/div>\n\n\n\n<div class=\"wp-block-column is-layout-flow wp-block-column-is-layout-flow\"><div class=\"wp-block-comment-author-name has-small-font-size\"><a rel=\"external nofollow ugc\" href=\"https:\/\/senzatempo.org\/index.php\/2025\/01\/09\/3412\/la-cina-ha-fatto-un-passo-avanti-con-le-armi-laser\/\" target=\"_self\" >La Cina ha fatto un passo avanti con le armi laser. &#8211; SENZA TEMPO<\/a><\/div>\n\n\n<div class=\"wp-block-group is-layout-flex wp-block-group-is-layout-flex\" style=\"margin-top:0px;margin-bottom:0px\"><div class=\"wp-block-comment-date has-small-font-size\"><time datetime=\"2026-03-11T18:19:34+01:00\"><a href=\"https:\/\/senzatempo.org\/index.php\/2023\/08\/28\/3385\/incendi-a-maui-hawaii-fatalita-o-crimine-premeditato\/#comment-282\">11 Marzo 2026<\/a><\/time><\/div>\n\n<\/div>\n\n\n<div class=\"wp-block-comment-content\">[&#8230;] quest&#8217;informazione appare in rete dopo 3 giorni che \u00e8 avvenuto l&#8217;incendio a\u00a0Lahaina\u00a0sull&#8217;isola di Maui alla Hawaii\u00a0dove l&#8217;assenza di persone scoperte ad appiccare fuoco all&#8217;interno di un ambiente [&#8230;]\n<\/div>\n\n<div class=\"wp-block-comment-reply-link has-small-font-size\"><a rel=\"nofollow\" class=\"comment-reply-login\" href=\"https:\/\/senzatempo.org\/wp-login.php?redirect_to=https%3A%2F%2Fsenzatempo.org%2Findex.php%2F2023%2F08%2F28%2F3385%2Fincendi-a-maui-hawaii-fatalita-o-crimine-premeditato%2F\">Accedi per rispondere<\/a><\/div><\/div>\n<\/div>\n\n<\/li><\/ol>\n\n\n\n\t<div id=\"respond\" class=\"comment-respond wp-block-post-comments-form\">\n\t\t<h3 id=\"reply-title\" class=\"comment-reply-title\"><span id=\"lascia-un-commento-annulla-risposta\">Lascia un commento <small><a rel=\"nofollow\" id=\"cancel-comment-reply-link\" href=\"\/index.php\/wp-json\/wp\/v2\/posts\/3385#respond\" style=\"display:none;\">Annulla risposta<\/a><\/small><\/span><\/h3><p class=\"must-log-in\">Devi essere <a href=\"https:\/\/senzatempo.org\/wp-login.php?redirect_to=https%3A%2F%2Fsenzatempo.org%2Findex.php%2F2023%2F08%2F28%2F3385%2Fincendi-a-maui-hawaii-fatalita-o-crimine-premeditato%2F\">connesso<\/a> per inviare un commento.<\/p>\t<\/div><!-- #respond -->\n\t<\/div>\n","protected":false},"excerpt":{"rendered":"La straordinaria ricostruzione di Massimo Mazzucco rivela il progetto del World Economic Forum per l&#8217;isola di Maui: il Great Reset non si ferma davanti a nulla.\n","protected":false},"author":1,"featured_media":3386,"comment_status":"open","ping_status":"open","sticky":false,"template":"","format":"standard","meta":{"_monsterinsights_skip_tracking":false,"_monsterinsights_sitenote_active":false,"_monsterinsights_sitenote_note":"","_monsterinsights_sitenote_category":0,"footnotes":""},"categories":[1001],"tags":[2049,2052,2047,2044,2046,2045,2051,2048,147,2050],"class_list":{"0":"post-3385","1":"post","2":"type-post","3":"status-publish","4":"format-standard","5":"has-post-thumbnail","7":"category-americhe","8":"tag-acqua","9":"tag-crimine","10":"tag-hawaii","11":"tag-incendio","12":"tag-lahina","13":"tag-maui","14":"tag-meteo","15":"tag-sirene","16":"tag-stati-uniti","17":"tag-vento"},"_links":{"self":[{"href":"https:\/\/senzatempo.org\/index.php\/wp-json\/wp\/v2\/posts\/3385","targetHints":{"allow":["GET"]}}],"collection":[{"href":"https:\/\/senzatempo.org\/index.php\/wp-json\/wp\/v2\/posts"}],"about":[{"href":"https:\/\/senzatempo.org\/index.php\/wp-json\/wp\/v2\/types\/post"}],"author":[{"embeddable":true,"href":"https:\/\/senzatempo.org\/index.php\/wp-json\/wp\/v2\/users\/1"}],"replies":[{"embeddable":true,"href":"https:\/\/senzatempo.org\/index.php\/wp-json\/wp\/v2\/comments?post=3385"}],"version-history":[{"count":4,"href":"https:\/\/senzatempo.org\/index.php\/wp-json\/wp\/v2\/posts\/3385\/revisions"}],"predecessor-version":[{"id":3411,"href":"https:\/\/senzatempo.org\/index.php\/wp-json\/wp\/v2\/posts\/3385\/revisions\/3411"}],"wp:featuredmedia":[{"embeddable":true,"href":"https:\/\/senzatempo.org\/index.php\/wp-json\/wp\/v2\/media\/3386"}],"wp:attachment":[{"href":"https:\/\/senzatempo.org\/index.php\/wp-json\/wp\/v2\/media?parent=3385"}],"wp:term":[{"taxonomy":"category","embeddable":true,"href":"https:\/\/senzatempo.org\/index.php\/wp-json\/wp\/v2\/categories?post=3385"},{"taxonomy":"post_tag","embeddable":true,"href":"https:\/\/senzatempo.org\/index.php\/wp-json\/wp\/v2\/tags?post=3385"}],"curies":[{"name":"wp","href":"https:\/\/api.w.org\/{rel}","templated":true}]}}