{"id":3631,"date":"2026-04-26T14:32:24","date_gmt":"2026-04-26T12:32:24","guid":{"rendered":"https:\/\/senzatempo.org\/?p=3631"},"modified":"2026-04-28T20:20:37","modified_gmt":"2026-04-28T18:20:37","slug":"persia-la-culla-del-mondo-moderno","status":"publish","type":"post","link":"https:\/\/senzatempo.org\/index.php\/2026\/04\/26\/3631\/persia-la-culla-del-mondo-moderno\/","title":{"rendered":"Persia, la culla del mondo moderno."},"content":{"rendered":"<div class=\"wp-block-post-time-to-read\">29\u201343 minuti<\/div>\n\n\n<figure class=\"wp-block-table\"><table><thead><tr><th class=\"has-text-align-center\" data-align=\"center\">N.<\/th><th class=\"has-text-align-left\" data-align=\"left\">INDICE<\/th><\/tr><\/thead><tbody><tr><td class=\"has-text-align-center\" data-align=\"center\">&#8211;<br><strong>1<\/strong><br>&#8211;<br>&#8211;<strong><br>2<\/strong><br>&#8211;<strong><br>3<br><\/strong>&#8211;<strong><br><\/strong>&#8211;<strong><br><\/strong>&#8211;<strong><br>4<br>5<br>6<br>7<br>8<br>9<br>10<br>11<br>12<br>13<br>14<br>15<\/strong><br><strong>16<\/strong><\/td><td class=\"has-text-align-left\" data-align=\"left\"><a href=\"#0\"><strong>Introduzione<\/strong><\/a><br><strong><a href=\"#1\">Algebra<\/a><\/strong><br>a) <a href=\"#algebra\">Muhammad Al-Khwarizmi: il padre dell&#8217;algebra<\/a><br>b) <a href=\"#fratelli\">I fratelli Ban\u016b M\u016bs\u0101<\/a><strong><br><a href=\"#2\">Ciro il Grande<\/a><\/strong><br>a) <strong><a href=\"#2a\">Le Donne persiane<\/a><br>Come l&#8217;ingegno ha reso fertile il deserto<br><\/strong>a) <a href=\"#3a\">Qanat (canali sotterranei)<\/a><br>b) <a href=\"#3b\">Orologio ad acqua<\/a><br>c) <a href=\"#3c\">Yakhch\u0101l (refrigerazione antica)<\/a><strong><br><a href=\"#4\">Il mulino a vento<\/a><br><a href=\"#5\">La medicina<\/a><br><a href=\"#6\">La fama di Avicenna (in un film)<\/a><br><a href=\"#7\">La chimica<\/a><br><a href=\"#8\">Lo zoroastrismo<\/a><br><a href=\"#9\">Pantaloni, chitarra, backgammon e scacchi<\/a><br><a href=\"#10\">La citt\u00e0 bruciata<\/a><br><a href=\"#11\">Le banche private<\/a><br><a href=\"#12\">Il sistema postale persiano<\/a><br><a href=\"#13\">Sistema fiscale persiano<\/a><br><a href=\"#14\">Calendario<\/a><br><a href=\"#15\">L\u2019Iran moderno<\/a><\/strong><br><a href=\"#16\"><strong>Siti UNESCO in Iran<\/strong><\/a><\/td><\/tr><\/tbody><\/table><\/figure>\n\n\n\n<h3 class=\"wp-block-heading\" id=\"0\"><span id=\"introduzione\">Introduzione<\/span><\/h3>\n\n\n\n<p>Stiamo parlando di un Paese che la maggior parte delle persone sul pianeta associa al petrolio, sanzioni e oggi a titoli di giornale, ma quasi mai a invenzioni che cambiarono il corso della civilt\u00e0. Questo paese oggi si chiama <strong><a href=\"https:\/\/senzatempo.org\/index.php\/2026\/03\/09\/3285\/breve-storia-delliran-e-le-connessioni-con-lolp\/\" target=\"_blank\" rel=\"noreferrer noopener\">Iran<\/a><\/strong> e nei prossimi minuti la tua comprensione di esso cambier\u00e0 per sempre.<\/p>\n\n\n\n<figure class=\"wp-block-image size-full\"><img loading=\"lazy\" decoding=\"async\" width=\"726\" height=\"470\" src=\"https:\/\/senzatempo.org\/wp-content\/uploads\/2026\/03\/Mappa_Impero_Persia-1.jpg\" alt=\"Mappa impero Persiano\" class=\"wp-image-3703\" srcset=\"https:\/\/senzatempo.org\/wp-content\/uploads\/2026\/03\/Mappa_Impero_Persia-1.jpg 726w, https:\/\/senzatempo.org\/wp-content\/uploads\/2026\/03\/Mappa_Impero_Persia-1-300x194.jpg 300w, https:\/\/senzatempo.org\/wp-content\/uploads\/2026\/03\/Mappa_Impero_Persia-1-380x246.jpg 380w, https:\/\/senzatempo.org\/wp-content\/uploads\/2026\/03\/Mappa_Impero_Persia-1-600x388.jpg 600w\" sizes=\"auto, (max-width: 726px) 100vw, 726px\" \/><figcaption class=\"wp-element-caption\"><p class=\"has-text-align-center\" data-align=\"center\">Mappa impero Persiano &#8211; <a href=\"https:\/\/senzatempo.org\/index.php\/2026\/03\/09\/3285\/breve-storia-delliran-e-le-connessioni-con-lolp\/\" target=\"_blank\" rel=\"noreferrer noopener\">Ciro il Grande<\/a> raggiunse vette alte nella gestione dei territori.<\/p><\/figcaption><\/figure>\n\n\n\n<p>Se vi capita di leggere nell&#8217;art. che una certa invenzione fu realizzata da qualcuno a Baghdad oggi capitale dell\u2019Iraq o altra citt\u00e0 che oggi vi sembra al di fuori dei confini dell&#8217;Iran, ci\u00f2 non rende errata l\u2019attribuzione alla Persia. Nel periodo storico a cui ci riferiamo, infatti, gran parte di questi territori rientrava nell\u2019orbita culturale e politica dell\u2019Impero persiano o del mondo islamico fortemente influenzato dalla tradizione persiana.<\/p>\n\n\n\n<p>Le principali citt\u00e0 di quell\u2019area costituivano centri di produzione e trasmissione del sapere, dove studiosi provenienti da diverse regioni si incontravano, studiavano e contribuivano allo sviluppo delle conoscenze. In questo contesto, molte innovazioni maturarono grazie a un sistema culturale condiviso, in cui il contributo persiano ebbe un ruolo centrale.<\/p>\n\n\n\n<p>Quanto segue viene quindi presentato come parte dell\u2019eredit\u00e0 scientifica, tecnica e culturale sviluppata in ambito persiano o sotto la sua influenza. \u00c8 possibile che alcune invenzioni o principi siano emersi anche in altre civilt\u00e0, in tempi diversi e in modo indipendente: un fenomeno noto nella storia della scienza.<\/p>\n\n\n\n<p>Ci\u00f2 non riduce il ruolo della Persia come uno dei principali centri di elaborazione e diffusione di conoscenze fondamentali per lo sviluppo della civilt\u00e0. Al contrario, ne evidenzia la capacit\u00e0 di sistematizzare, sviluppare e trasmettere innovazioni che hanno avuto un impatto duraturo nel tempo. <\/p>\n\n\n\n<h3 class=\"wp-block-heading\" id=\"1\"><span id=\"algebra\">Algebra<\/span><\/h3>\n\n\n\n<h4 class=\"wp-block-heading\" id=\"algebra\"><span id=\"muhammad-al-khwarizmi-il-padre-dellalgebra\">Muhammad Al-Khwarizmi: il padre dell&#8217;algebra<\/span><\/h4>\n\n\n<div class=\"wp-block-image\">\n<figure class=\"alignleft size-full is-resized\"><img loading=\"lazy\" decoding=\"async\" width=\"596\" height=\"794\" src=\"https:\/\/senzatempo.org\/wp-content\/uploads\/2026\/03\/image-16.png\" alt=\"\" class=\"wp-image-3682\" style=\"width:200px\" srcset=\"https:\/\/senzatempo.org\/wp-content\/uploads\/2026\/03\/image-16.png 596w, https:\/\/senzatempo.org\/wp-content\/uploads\/2026\/03\/image-16-225x300.png 225w, https:\/\/senzatempo.org\/wp-content\/uploads\/2026\/03\/image-16-380x506.png 380w, https:\/\/senzatempo.org\/wp-content\/uploads\/2026\/03\/image-16-450x600.png 450w\" sizes=\"auto, (max-width: 596px) 100vw, 596px\" \/><figcaption class=\"wp-element-caption\"><strong>Muhammad ibn Musa al-Khwarizmi<\/strong> &#8211; By Zarateman &#8211; Own work, <a href=\"https:\/\/commons.wikimedia.org\/w\/index.php?curid=162213187\" target=\"_blank\" rel=\"noreferrer noopener\">CC0<\/a>,<\/figcaption><\/figure>\n<\/div>\n\n\n<p><a href=\"https:\/\/www.storyofmathematics.com\/islamic_alkhwarizmi.html\/\" target=\"_blank\" rel=\"noreferrer noopener\">Muhammad<\/a> <a href=\"https:\/\/en.wikipedia.org\/wiki\/Al-Khwarizmi\" target=\"_blank\" rel=\"noreferrer noopener\">Al-Khwarizmi<\/a>, matematico persiano vissuto tra il 780 e l&#8217;850 d.C., fu una figura di spicco presso la Casa della Saggezza di Baghdad e svolse un ruolo fondamentale nel progresso della matematica e dell&#8217;astronomia. Tradusse e ampli\u00f2 opere matematiche e astronomiche greche e indiane, e i suoi scritti influenzarono profondamente la matematica islamica ed europea.<\/p>\n\n\n\n<p>Autore di &#8220;Al-Kitab al-mukhtasar fi hisab al-jabr wa&#8217;l-muqabala&#8221;, il testo fondamentale dell&#8217;algebra, da cui deriva il termine &#8220;<strong>algebra<\/strong>&#8220;.<br>Introdusse metodi sistematici per la risoluzione di equazioni di secondo grado, tra cui il &#8220;completamento del quadrato&#8221; e il &#8220;bilanciamento&#8221; delle equazioni.<br>Svilupp\u00f2 il concetto di riduzione algebrica e classific\u00f2 le equazioni in sei forme standard.<\/p>\n\n\n\n<p>Sostenne l&#8217;uso del sistema numerico indiano (0-9), che in seguito divenne noto come sistema numerico indo-arabo, rivoluzionando il calcolo matematico.<br>Fu un pioniere nell&#8217;uso del metodo a griglia (o moltiplicazione a reticolo) per la moltiplicazione di grandi numeri, successivamente reso popolare in Europa da Fibonacci.<br>Diede contributi significativi all&#8217;astronomia, tra cui la creazione del primo quadrante e una versione riveduta della Geografia di Tolomeo.<\/p>\n\n\n\n<p><strong>Conclusione<\/strong>: l&#8217;opera di Al-Khwarizmi gett\u00f2 le basi per l&#8217;algebra e i sistemi numerici moderni, e la sua influenza si estese in Europa attraverso le traduzioni latine, plasmando la traiettoria del pensiero matematico per secoli. Oltre ad aver dato un nome ad una scienza come &#8220;<strong>algebra<\/strong>&#8220;, anche la parola &#8220;<strong>algoritmi<\/strong>&#8221; \u00e8 una derivazione del suo nome Al-Khwarizmi. <br>Pensate un po\u2019 da quale paese venite e provate a nominare almeno un connazionale che abbia legato il suo nome ad un ramo della scienza.<\/p>\n\n\n\n<h4 class=\"wp-block-heading\" id=\"fratelli\"><span id=\"i-fratelli-banu-musa\">I fratelli Ban\u016b M\u016bs\u0101<\/span><\/h4>\n\n\n\n<p><strong>Pionieri della scienza e dell&#8217;ingegneria islamica<\/strong>, furono figure di spicco durante l&#8217;Et\u00e0 d&#8217;oro islamica, contribuendo in modo significativo alla matematica, all&#8217;astronomia e all&#8217;ingegneria.<\/p>\n\n\n\n<p>Erano tre fratelli \u2013 Muhammad, Ahmad e Al-\u1e24asan ibn M\u016bs\u0101 \u2013 figli dell&#8217;astronomo M\u016bs\u0101 ibn Sh\u0101kir le cui opere erano indistinguibili e quasi sempre si fa riferimento ai <a href=\"https:\/\/en.wikipedia.org\/wiki\/Ban%C5%AB_M%C5%ABs%C4%81_brothers\" target=\"_blank\" rel=\"noreferrer noopener\">Ban\u016b M\u016bs\u0101 brothers<\/a>. Ricevettero il patrocinio del califfo abbaside al-Ma&#8217;mun ed erano affiliati alla Casa della Saggezza di Baghdad. Tradussero opere scientifiche greche, promuovendo la conoscenza in geometria, astronomia e meccanica. Eseguirono misurazioni geodetiche per calcolare la circonferenza terrestre, ottenendo un valore di circa 39.000 km.<\/p>\n\n\n\n<p>Furono autori di quasi 20 libri, di cui tre opere sono giunte fino a noi:<br>&#8211; il Kit\u0101b Ma\u02bfrifah mas\u0101\u1e25at al-ashk\u0101l al-bas\u012b\u1e6dah wa-al-kuriyyah (sulla geometria), <br>&#8211; il Kit\u0101b al-Hay&#8217;a (sull&#8217;astronomia).<br>&#8211; il Kit\u0101b al-Hiyal al-Naficah (sui dispositivi meccanici), <br><br><br>L&#8217;ultimo libro descrive circa 100 dispositivi meccanici, tra cui fontane automatiche, automi musicali e distributori d&#8217;acqua.<br>Introduce le prime forme di sistemi di controllo automatico, come i circuiti di retroazione e i controlli di livello dei fluidi a due stadi.<br>\u00c8 stato un pioniere nell&#8217;uso di valvole coniche e manovelle automatiche, con innovazioni nei sistemi pneumatici e idrostatici.<br>Include invenzioni originali come una fontana a energia eolica, un suonatore di flauto programmabile e una pinza a forma di conchiglia per il recupero subacqueo.<br>Ha influenzato l&#8217;ingegneria islamica ed europea successiva, con i suoi concetti che potrebbero aver raggiunto l&#8217;Europa attraverso al-Andalus.<br>Questo libro \u00e8 in vendita su <a href=\"http:\/\/Uv04p9n4JfcdF2ZKL63pgA.AqWsnE-iYhpzXd20Rf2PFARReR9FiZJlX5X3O-iw4ik&amp;dib_tag=se&amp;keywords=9789027708335&amp;linkCode=qs&amp;qid=1774824833&amp;s=books&amp;sr=1-1\" target=\"_blank\" rel=\"noreferrer noopener\">Amazon<\/a> per 333 \u20ac e ti viene spedito dal Pakistan, ma \u00e8 liberamente consultabile su <a href=\"https:\/\/archive.org\/details\/212050000k1\/mode\/2up\" target=\"_blank\" rel=\"noreferrer noopener\">Archive<\/a> gratis.<\/p>\n\n\n\n<p>Si dice che nel libro ci sono schemi per una maschera antigas o dispositivo atto ad affrontare ambienti con rischio di gas. Ci\u00f2 \u00e8 credibile perch\u00e9 con migliaia di Qanat e alcuni anche a 100 metri di profondit\u00e0 \u00e8 probabile che abbiano dovuto risolvere in modo pratico il rilascio di gas improvviso durante gli scavi.<\/p>\n\n\n\n<p><strong>Conclusione<\/strong>: Il Libro dei Dispositivi Ingegnosi rappresenta un contributo fondamentale all&#8217;ingegneria meccanica, mostrando sofisticati meccanismi di automazione e controllo che hanno preceduto di diversi secoli sviluppi simili in Europa. Volendo si pu\u00f2 dire che hanno creato la basi per i futuri &#8220;player&#8221; musicali.<\/p>\n\n\n\n<h3 class=\"wp-block-heading\" id=\"2\"><span id=\"ciro-il-grande\">Ciro il Grande<\/span><\/h3>\n\n\n\n<p>Ora facciamo un salto indietro, al 539 a.C., quando il re persiano, <strong><a href=\"https:\/\/www.worldhistory.org\/Cyrus_the_Great\/\" target=\"_blank\" rel=\"noreferrer noopener\">Ciro il Grande<\/a><\/strong>, conquist\u00f2 Babilonia. Qualunque altro sovrano del mondo antico in una situazione del genere avrebbe compiuto massacri, saccheggiato templi e ridotto in schiavit\u00f9 la popolazione, perch\u00e9 \u00e8 quello che hanno fatto tutti. Ciro ha fatto esattamente il contrario. <strong>Liber\u00f2 gli schiavi<\/strong>, permise ai deportati di ritornare in patria e dichiar\u00f2 la <strong>libert\u00e0 di religione<\/strong> per tutti i sudditi.<\/p>\n\n\n<div class=\"wp-block-image\">\n<figure class=\"aligncenter size-full\"><img loading=\"lazy\" decoding=\"async\" width=\"800\" height=\"412\" src=\"https:\/\/senzatempo.org\/wp-content\/uploads\/2026\/03\/image-17.png\" alt=\"CILINDRO DI CIRO\" class=\"wp-image-3683\" srcset=\"https:\/\/senzatempo.org\/wp-content\/uploads\/2026\/03\/image-17.png 800w, https:\/\/senzatempo.org\/wp-content\/uploads\/2026\/03\/image-17-300x155.png 300w, https:\/\/senzatempo.org\/wp-content\/uploads\/2026\/03\/image-17-768x396.png 768w, https:\/\/senzatempo.org\/wp-content\/uploads\/2026\/03\/image-17-380x196.png 380w, https:\/\/senzatempo.org\/wp-content\/uploads\/2026\/03\/image-17-760x391.png 760w, https:\/\/senzatempo.org\/wp-content\/uploads\/2026\/03\/image-17-600x309.png 600w\" sizes=\"auto, (max-width: 800px) 100vw, 800px\" \/><figcaption class=\"wp-element-caption\"><a href=\"https:\/\/www.worldhistory.org\/image\/216\/cyrus-cylinder\/\">Cyrus Cylinder<\/a> &#8211; <a href=\"https:\/\/www.worldhistory.org\/image\/216\/cyrus-cylinder\/\">kourosh e kabir (CC BY-SA)<\/a><\/figcaption><\/figure>\n<\/div>\n\n\n<p>Ordin\u00f2 che i suoi decreti fossero incisi in caratteri cuneiformi su un cilindro d&#8217;argilla, che gli archeologi trovarono durante gli scavi a Babilonia nel 1879. Oggi questo manufatto \u00e8 conservato al <a href=\"https:\/\/www.britishmuseum.org\/collection\/object\/W_1880-0617-1941\" target=\"_blank\" rel=\"noreferrer noopener\">British Museum<\/a> e presso la sede delle <a href=\"https:\/\/it.wikipedia.org\/wiki\/Cilindro_di_Ciro#Il_cilindro_di_Ciro_come_carta_dei_diritti_dell'uomo\" target=\"_blank\" rel=\"noreferrer noopener\">Nazioni Unite a New York viene conservata una sua copia<\/a>. Molti studiosi definiscono il Cilindro di Ciro la prima <strong>Dichiarazione dei Diritti Umani<\/strong> della storia, anteriore di quasi 2.000 anni alla Magna Carta inglese. Naturalmente, gli storici discutono se si trattasse di un codice di diritti o di una tradizionale iscrizione babilonese sull&#8217;incoronazione. Ma il fatto resta. Ciro formul\u00f2 principi ai quali l\u2019Europa sarebbe arrivata solo dopo pi\u00f9 di due millenni. <strong><a href=\"https:\/\/www.loc.gov\/exhibits\/jefferson\/jefflib.html\" target=\"_blank\" rel=\"noreferrer noopener\">Thomas Jefferson<\/a><\/strong>, uno dei padri fondatori degli Stati Uniti, studi\u00f2 la <em>Cyropaedia<\/em> di Senofonte, un\u2019opera che descrive Ciro il Grande come modello di sovrano ideale, influenzando il pensiero politico dell\u2019epoca illuminista.<\/p>\n\n\n\n<h4 class=\"wp-block-heading\" id=\"2a\" style=\"line-height:0.9\"><span id=\"le-donne-persiane\">Le Donne persiane<\/span><\/h4>\n\n\n\n<p>Le donne&nbsp;nell&#8217;antica&nbsp;Persia&nbsp;non solo erano molto rispettate ma, in molti casi, considerate alla pari dei maschi. Le donne potevano possedere terre, condurre affari, ricevere la stessa retribuzione, viaggiare liberamente da sole e, nel caso delle donne reali, tenere le proprie riunioni del consiglio sulla politica.<\/p>\n\n\n\n<p>I titoli di rispetto accordati alle donne reali persiane sembrano derivare dal precedente&nbsp;Elamite&nbsp;cultura&nbsp;e, molto probabilmente, l&#8217;<a href=\"https:\/\/www.worldhistory.org\/Medes\/\">Impero mediano<\/a>&nbsp;che fu l&#8217;immediato precursore del&nbsp;<a href=\"https:\/\/www.worldhistory.org\/disambiguation\/Achaemenid\/\">Achemenide<\/a>&nbsp;<a href=\"https:\/\/www.worldhistory.org\/disambiguation\/Persian_Empire\/\">Impero persiano<\/a>&nbsp;(C. 550-330 a.C.) fondata da&nbsp;<a href=\"https:\/\/www.worldhistory.org\/Cyrus_the_Great\/\">Ciro il Grande<\/a>&nbsp;(rc 550-530 a.C.)&nbsp;<a href=\"https:\/\/www.worldhistory.org\/disambiguation\/Cyrus\/\">Ciro<\/a>&nbsp;stabil\u00ec il paradigma persiano della libert\u00e0 di&nbsp;<a href=\"https:\/\/www.worldhistory.org\/religion\/\">religione<\/a>&nbsp;ed espressione nel suo&nbsp;<a href=\"https:\/\/www.worldhistory.org\/empire\/\">impero<\/a>&nbsp;ma era anche responsabile del mantenimento della dignit\u00e0 e dell&#8217;autonomia delle donne di ogni classe.<\/p>\n\n\n<div class=\"wp-block-image\">\n<figure class=\"aligncenter size-full\"><img loading=\"lazy\" decoding=\"async\" width=\"750\" height=\"562\" src=\"https:\/\/senzatempo.org\/wp-content\/uploads\/2026\/03\/image-20.png\" alt=\"\" class=\"wp-image-3727\" srcset=\"https:\/\/senzatempo.org\/wp-content\/uploads\/2026\/03\/image-20.png 750w, https:\/\/senzatempo.org\/wp-content\/uploads\/2026\/03\/image-20-300x225.png 300w, https:\/\/senzatempo.org\/wp-content\/uploads\/2026\/03\/image-20-200x150.png 200w, https:\/\/senzatempo.org\/wp-content\/uploads\/2026\/03\/image-20-380x285.png 380w, https:\/\/senzatempo.org\/wp-content\/uploads\/2026\/03\/image-20-600x450.png 600w, https:\/\/senzatempo.org\/wp-content\/uploads\/2026\/03\/image-20-400x300.png 400w\" sizes=\"auto, (max-width: 750px) 100vw, 750px\" \/><figcaption class=\"wp-element-caption\">Oro&nbsp;adattamento raffigurante una donna che indossa una veste persiana e un diadema. VI-IV secolo a.C., Iran. &#8211; <a href=\"https:\/\/www.worldhistory.org\/image\/11807\/achaemenid-woman\/\">I fiduciari del British Museum (CC BY-NC-SA)<\/a><\/figcaption><\/figure>\n<\/div>\n\n\n<p>Questo stesso paradigma \u00e8 stato mantenuto dal Impero dei Parti (227 a.C. &#8211; 224 d.C.) anche se, a causa della perdita di documenti e opere d&#8217;arte in seguito Partiala caduta al Impero sasanide (224-651 d.C.), non si sa molto chiaramente dei dettagli della vita delle donne durante questo periodo. Il periodo sasanide \u00e8 tuttavia ben documentato e i diritti delle donne sono stati mantenuti allo stesso livello \u2013o superiore\u2013 rispetto al periodo dell&#8217;Impero achemenide. Le donne persiane continuerebbero a godere di questo status elevato in antica cultura persiana fino alla caduta dell&#8217;Impero sasanide nelle mani degli invasori arabi musulmani nel 651 d.C. Successivamente, il riconoscimento di lunga data delle donne come individui autonomi, capaci di decidere del proprio destino, \u00e8 stato sostituito dal concetto di donne come cittadine di seconda classe, intrinsecamente peccatrici e che richiedono guida e controllo maschile.<\/p>\n\n\n\n<p><strong>Conclusione<\/strong>.<br>Quando l&#8217;Impero sasanide cadde nel 651 d.C., con esso diminu\u00ec anche lo status delle donne, che vennero considerate cittadine di seconda classe. Le donne non potevano pi\u00f9 viaggiare senza un consorte e un permesso maschile, non potevano possedere o condurre affari propri e non erano pi\u00f9 libere di scegliere il proprio compagno. Tuttavia, le donne persiane non accettarono semplicemente questo attacco ai loro diritti e si unirono ai loro uomini nel resistere all&#8217;oppressione delle forze occupanti.<\/p>\n\n\n\n<p>La figura pi\u00f9 nota in questo senso \u00e8 Banu, moglie di Babak Khorramdin (m. 838 d.C.), che guid\u00f2 con s\u00e9 una cellula di resistenza finch\u00e9 non furono traditi, catturati e giustiziati sotto il&nbsp;<a href=\"https:\/\/www.worldhistory.org\/Abbasid_Dynasty\/\">Califfato abbaside<\/a>. Tuttavia, l&#8217;eredit\u00e0 delle forti donne persiane continu\u00f2 anche dopo Banu e continua a essere motivo di orgoglio ancora oggi. Durante l&#8217;anno si svolgono numerose feste iraniane in onore della terra, degli elementi e delle donne, e durante la festa di Esfandgaan \u2013 dove viene sottolineata in modo particolare la gratitudine verso le donne \u2013 continuano a essere raccontate le storie delle grandi donne del passato, non solo in loro onore ma anche per incoraggiare lo stesso livello di rispetto per le donne nel presente che i grandi imperi persiani accordavano loro in passato.<\/p>\n\n\n\n<p>Questa parte del capitolo delle Donne nella Persia, \u00e8 estratto da: <a href=\"https:\/\/www.worldhistory.org\/article\/1492\/women-in-ancient-persia\/\">https:\/\/www.worldhistory.org\/article\/1492\/women-in-ancient-persia\/<\/a> (Di cui leggete la parte introduttiva e quella finale). Data 30 gennaio 2020<\/p>\n\n\n\n<p>Nell&#8217;art. sopra citato si rileva quale ruolo hanno avuto le donne nella storia della Persia con le varie dinastie e come hanno saputo mantenere alta la loro dignit\u00e0 di persona nella societ\u00e0 per millenni fino al 651 d.C. Spesso oggi quando protestano non solo rivendicano un diritto, ma una condizione storico culturale molto pi\u00f9 profonda della parentesi successiva alla fine della www2, la storia d\u00e0 a loro un background che le fa sentire forti e autorizzate.<\/p>\n\n\n\n<p>Il quadro che emerge nella condizione della donna in Persia se raffrontata con altri popoli \u00e8 chiaro:<br>&#8211; L\u2019<strong>Europa altomedievale<\/strong> risulta generalmente <strong>pi\u00f9 arretrata<\/strong> sotto quasi tutti i parametri.<br>&#8211; La <strong>Persia pre-islamica<\/strong> rappresenta uno dei sistemi pi\u00f9 avanzati dell\u2019antichit\u00e0 per quanto riguarda <strong>autonomia e dignit\u00e0 femminile<\/strong>.<br>&#8211; Il <strong>mondo islamico iniziale<\/strong> introduce diritti importanti ma all\u2019interno di una struttura <strong>non paritaria<\/strong>.<\/p>\n\n\n\n<h3 class=\"wp-block-heading\" id=\"3\" style=\"line-height:1\"><span id=\"come-lingegno-ha-reso-fertile-il-deserto\">Come l&#8217;ingegno ha reso fertile il deserto <\/span><\/h3>\n\n\n\n<h4 class=\"wp-block-heading\" id=\"3a\"><span id=\"qanat-canali-sotterranei\">Qanat (canali sotterranei)<\/span><\/h4>\n\n\n\n<figure class=\"wp-block-table\"><table class=\"has-fixed-layout\"><tbody><tr><td class=\"has-text-align-center\" data-align=\"center\"><img loading=\"lazy\" decoding=\"async\" width=\"1024\" height=\"632\" class=\"wp-image-3686\" style=\"width:326px;height:auto\" src=\"https:\/\/senzatempo.org\/wp-content\/uploads\/2026\/03\/Sezione-Qanate-1024x632.jpg\" alt=\"Sezione trasversale di un tipico sistema qanat iraniano\" srcset=\"https:\/\/senzatempo.org\/wp-content\/uploads\/2026\/03\/Sezione-Qanate-1024x632.jpg 1024w, https:\/\/senzatempo.org\/wp-content\/uploads\/2026\/03\/Sezione-Qanate-300x185.jpg 300w, https:\/\/senzatempo.org\/wp-content\/uploads\/2026\/03\/Sezione-Qanate-768x474.jpg 768w, https:\/\/senzatempo.org\/wp-content\/uploads\/2026\/03\/Sezione-Qanate-1536x948.jpg 1536w, https:\/\/senzatempo.org\/wp-content\/uploads\/2026\/03\/Sezione-Qanate-380x235.jpg 380w, https:\/\/senzatempo.org\/wp-content\/uploads\/2026\/03\/Sezione-Qanate-800x494.jpg 800w, https:\/\/senzatempo.org\/wp-content\/uploads\/2026\/03\/Sezione-Qanate-1160x716.jpg 1160w, https:\/\/senzatempo.org\/wp-content\/uploads\/2026\/03\/Sezione-Qanate-760x469.jpg 760w, https:\/\/senzatempo.org\/wp-content\/uploads\/2026\/03\/Sezione-Qanate-1600x988.jpg 1600w, https:\/\/senzatempo.org\/wp-content\/uploads\/2026\/03\/Sezione-Qanate-600x370.jpg 600w, https:\/\/senzatempo.org\/wp-content\/uploads\/2026\/03\/Sezione-Qanate.jpg 1620w\" sizes=\"auto, (max-width: 1024px) 100vw, 1024px\" \/><br><\/td><td class=\"has-text-align-left\" data-align=\"left\"><p style=\"line-height:1.2\"><strong>Sezione trasversale di un sistema <a href=\"https:\/\/en.wikipedia.org\/wiki\/Qanat#Iran\" target=\"_blank\" rel=\"noreferrer noopener\">Qanat<\/a> iraniano<\/strong>.<br><br><sup>By Samuel Bailey (sam.bailus@gmail.com <br>Own work, CC BY 3.0, https:\/\/commons.wikimedia.org\/w\/index.php?curid=8650678<\/sup><\/p><\/td><\/tr><tr><td class=\"has-text-align-center\" data-align=\"center\"><img loading=\"lazy\" decoding=\"async\" width=\"1024\" height=\"666\" class=\"wp-image-3687\" style=\"width:386px;height:auto\" src=\"https:\/\/senzatempo.org\/wp-content\/uploads\/2026\/03\/Qanad-a-Tehran-1024x666.jpg\" alt=\"\" srcset=\"https:\/\/senzatempo.org\/wp-content\/uploads\/2026\/03\/Qanad-a-Tehran-1024x666.jpg 1024w, https:\/\/senzatempo.org\/wp-content\/uploads\/2026\/03\/Qanad-a-Tehran-300x195.jpg 300w, https:\/\/senzatempo.org\/wp-content\/uploads\/2026\/03\/Qanad-a-Tehran-768x499.jpg 768w, https:\/\/senzatempo.org\/wp-content\/uploads\/2026\/03\/Qanad-a-Tehran-380x247.jpg 380w, https:\/\/senzatempo.org\/wp-content\/uploads\/2026\/03\/Qanad-a-Tehran-800x520.jpg 800w, https:\/\/senzatempo.org\/wp-content\/uploads\/2026\/03\/Qanad-a-Tehran-760x494.jpg 760w, https:\/\/senzatempo.org\/wp-content\/uploads\/2026\/03\/Qanad-a-Tehran-600x390.jpg 600w, https:\/\/senzatempo.org\/wp-content\/uploads\/2026\/03\/Qanad-a-Tehran.jpg 1124w\" sizes=\"auto, (max-width: 1024px) 100vw, 1024px\" \/><br><\/td><td class=\"has-text-align-left\" data-align=\"left\"><strong>Un <\/strong><strong style=\"font-family: -apple-system, BlinkMacSystemFont, &quot;Segoe UI&quot;, Roboto, Oxygen-Sans, Ubuntu, Cantarell, &quot;Helvetica Neue&quot;, sans-serif; letter-spacing: inherit; background-color: transparent; color: initial;\">Kariz emerge in&nbsp;<a href=\"https:\/\/en.wikipedia.org\/wiki\/Niavaran\" target=\"_blank\" rel=\"noreferrer noopener\">Niavaran<\/a>, un distretto nella capitale iraniana di&nbsp;<a href=\"https:\/\/en.wikipedia.org\/wiki\/Tehran\" target=\"_blank\" rel=\"noreferrer noopener\">Teheran<\/a>, attualmente utilizzato per irrigare i terreni della&nbsp;<a href=\"https:\/\/en.wikipedia.org\/wiki\/National_Library_and_Archives_of_Iran\" target=\"_blank\" rel=\"noreferrer noopener\">Biblioteca nazionale e archivi dell&#8217;Iran<\/a>, 2005.<\/strong><span style=\"font-family: -apple-system, BlinkMacSystemFont, &quot;Segoe UI&quot;, Roboto, Oxygen-Sans, Ubuntu, Cantarell, &quot;Helvetica Neue&quot;, sans-serif; letter-spacing: inherit; background-color: transparent; color: initial;\"> <\/span><p style=\"line-height:1.2\"><sup>By Zereshk at the English-language Wikipedia, CC BY-SA 3.0, https:\/\/commons.wikimedia.org\/w\/index.php?curid=16377679<\/sup><\/p><\/td><\/tr><\/tbody><\/table><\/figure>\n\n\n\n<p>I persiani inventarono anche un <strong>sistema di irrigazione<\/strong> chiamato <strong>Qanat<\/strong>, costituito da canali sotterranei per evitare l&#8217;evaporazione, che utilizzando pendenze e pozzi verticali, trasportavano l&#8217;acqua dalle fonti sotterranee ai campi e ai giardini. Quando un Qanat arriva nei paesi si ramifica in canali pi\u00f9 piccoli chiamati Kariz. I canali hanno gi\u00e0 3.000 anni e in Iran ne esistono ancora circa 50.000. Alcuni sono funzionanti. Queste condutture idriche sotterranee trasformarono i deserti senza vita in giardini fioriti. Fu grazie a loro che la Persia divenne un impero con una ricca agricoltura. A proposito, la stessa parola paradiso nelle lingue europee deriva dall&#8217;antica parola persiana Pairidoeza, che significa giardino recintato. I persiani hanno letteralmente inventato il concetto di <strong>paradiso in terra<\/strong> e poi lo hanno costruito utilizzando calcoli ingegneristici.<\/p>\n\n\n\n<p>I Qanat furono cos\u00ec rilevanti nella vita persiana che dovettero fare un manuale legale per dirimere conflitti che riportava come erano stati risolti altri casi. realizzare questi canali lunghi decine di km con la pendenza corretta senza l&#8217;utilizzo di laser, gps o altro richiedeva comunque dell&#8217;ingegneria non da poco per l&#8217;epoca. Per regolare la velocit\u00e0 dell&#8217;acqua mettevano sul fondo del canale pezzature di ciotoli differenziati secondo le esigenze. I Qanat hanno praticamente <a href=\"https:\/\/alchetron.com\/Traditional-water-sources-of-Persian-antiquity\" target=\"_blank\" rel=\"noreferrer noopener\">accompagnato la vita dei persiani nei millenni <\/a>e molti sono ancora in uso ai nostri giorni, tanto che l&#8217;UNESCO ha iscritto il Qanat tra i patrimoni dell&#8217;umanit\u00e0.<\/p>\n\n\n\n<h4 class=\"wp-block-heading\" id=\"3b\"><span id=\"orologio-ad-acqua\">Orologio ad acqua<\/span><\/h4>\n\n\n<div class=\"wp-block-image\">\n<figure class=\"aligncenter size-large\"><img loading=\"lazy\" decoding=\"async\" width=\"1024\" height=\"768\" src=\"https:\/\/senzatempo.org\/wp-content\/uploads\/2026\/03\/Orologio-ad-acqua-1024x768.jpg\" alt=\"\" class=\"wp-image-3710\" srcset=\"https:\/\/senzatempo.org\/wp-content\/uploads\/2026\/03\/Orologio-ad-acqua-1024x768.jpg 1024w, https:\/\/senzatempo.org\/wp-content\/uploads\/2026\/03\/Orologio-ad-acqua-300x225.jpg 300w, https:\/\/senzatempo.org\/wp-content\/uploads\/2026\/03\/Orologio-ad-acqua-768x576.jpg 768w, https:\/\/senzatempo.org\/wp-content\/uploads\/2026\/03\/Orologio-ad-acqua-200x150.jpg 200w, https:\/\/senzatempo.org\/wp-content\/uploads\/2026\/03\/Orologio-ad-acqua-380x285.jpg 380w, https:\/\/senzatempo.org\/wp-content\/uploads\/2026\/03\/Orologio-ad-acqua-800x600.jpg 800w, https:\/\/senzatempo.org\/wp-content\/uploads\/2026\/03\/Orologio-ad-acqua-1160x870.jpg 1160w, https:\/\/senzatempo.org\/wp-content\/uploads\/2026\/03\/Orologio-ad-acqua-600x450.jpg 600w, https:\/\/senzatempo.org\/wp-content\/uploads\/2026\/03\/Orologio-ad-acqua-400x300.jpg 400w, https:\/\/senzatempo.org\/wp-content\/uploads\/2026\/03\/Orologio-ad-acqua-760x570.jpg 760w, https:\/\/senzatempo.org\/wp-content\/uploads\/2026\/03\/Orologio-ad-acqua.jpg 1200w\" sizes=\"auto, (max-width: 1024px) 100vw, 1024px\" \/><figcaption class=\"wp-element-caption\">Un antico orologio persiano nel&nbsp;<a href=\"https:\/\/en.wikipedia.org\/wiki\/Qanats_of_Gonabad\">Qanats di Gonabad<\/a>, Zibad &#8211; By Maahmaah &#8211; Own work, Public Domain, https:\/\/commons.wikimedia.org\/w\/index.php?curid=21528264<\/figcaption><\/figure>\n<\/div>\n\n\n<p><em>&#8220;Secondo Callistene, i persiani stavano usando orologi ad acqua nel 328 a.C. per garantire una distribuzione giusta ed esatta dell&#8217;acqua dai qanat ai loro azionisti per l&#8217;irrigazione agricola. L&#8217;uso degli orologi ad acqua in Iran, in particolare nei Qanat di Gonabad e Kariz Zibad, risale al 500 a.C. Successivamente vennero utilizzati anche per determinare gli esatti giorni santi delle religioni preislamiche, come la Nowruz, Chelah, o Yald\u0101 \u2013 i giorni e le notti pi\u00f9 brevi, pi\u00f9 lunghi e di uguale durata degli anni. L&#8217;orologio ad acqua, o Fenjaan, era il dispositivo di cronometraggio pi\u00f9 accurato e comunemente utilizzato per calcolare la quantit\u00e0 o il tempo in cui un agricoltore doveva prelevare l&#8217;acqua dai Qanat di Gonabad fino a quando non fu sostituito da orologi attuali pi\u00f9 accurati.&#8221;<\/em> Fonte: <a href=\"https:\/\/en.wikipedia.org\/wiki\/Qanat#Iran\" target=\"_blank\" rel=\"noreferrer noopener\">Wikipedia<\/a><\/p>\n\n\n<div class=\"wp-block-image\">\n<figure class=\"alignleft size-full is-resized\"><img loading=\"lazy\" decoding=\"async\" width=\"500\" height=\"370\" src=\"https:\/\/senzatempo.org\/wp-content\/uploads\/2026\/03\/image-21.png\" alt=\"\" class=\"wp-image-3734\" style=\"width:381px;height:auto\" srcset=\"https:\/\/senzatempo.org\/wp-content\/uploads\/2026\/03\/image-21.png 500w, https:\/\/senzatempo.org\/wp-content\/uploads\/2026\/03\/image-21-300x222.png 300w, https:\/\/senzatempo.org\/wp-content\/uploads\/2026\/03\/image-21-380x281.png 380w\" sizes=\"auto, (max-width: 500px) 100vw, 500px\" \/><figcaption class=\"wp-element-caption\">&#8220;Bagh Nou Pangkhaneh&#8221; di Najafabad, Isfahan (IRAN)<\/figcaption><\/figure>\n<\/div>\n\n\n<p><strong>Una storia di oggi.<\/strong><br><strong>La difesa e valorizzazione di un antico orologio ad acqua<\/strong><\/p>\n\n\n\n<p>Nel 2013 nella citt\u00e0 di Najafabad, in Iran, un gruppo di giovani attivisti culturali ha dimostrato un forte senso di responsabilit\u00e0 civica e storica opponendosi ai piani del comune che prevedono la distruzione del <strong>Pengkhaneh<\/strong> (vedi foto a lato), una piccola struttura cubica che custodisce un antico <strong>orologio ad acqua<\/strong> utilizzato per regolare i turni di irrigazione agricola.<\/p>\n\n\n\n<p>In una lunga notte di protesta, questi giovani \u2013 insieme ad altri cittadini \u2013 hanno presidiato il sito per impedire l\u2019abbattimento non solo della struttura, ma anche di un intero ecosistema di giardini storici e alberi secolari. Il loro obiettivo \u00e8 salvaguardare un sistema ingegnoso sviluppato nei secoli passati, quando, in assenza di strumenti moderni, la gestione dell\u2019acqua \u2013 risorsa vitale per un\u2019economia basata sull\u2019agricoltura \u2013 veniva regolata tramite un semplice ma efficace meccanismo: un contenitore metallico forato che, riempiendosi a intervalli regolari, permetteva di misurare il tempo di irrigazione assegnato a ciascun campo sotto la supervisione del <em>Mirab<\/em>.<\/p>\n\n\n\n<p>Di fronte a questa mobilitazione consapevole e informata, emerge invece una gestione locale percepita come miope, pi\u00f9 orientata allo sviluppo infrastrutturale (come la costruzione di una nuova strada) che alla tutela di un patrimonio storico, tecnico e ambientale unico.<\/p>\n\n\n\n<p>Il contrasto \u00e8 evidente: da una parte giovani cittadini che, sfidando freddo e pressioni, difendono un\u2019eredit\u00e0 millenaria legata alla principale economia del territorio; dall\u2019altra istituzioni che rischiano di cancellare non solo un manufatto, ma anche la memoria di un\u2019ingegnosit\u00e0 antica e perfettamente integrata con il paesaggio.<\/p>\n\n\n\n<p>La speranza degli attivisti \u00e8 che proprio grazie a questa mobilitazione il Pengkhaneh venga riconosciuto come patrimonio nazionale, trasformando un potenziale atto di distruzione in un\u2019occasione di valorizzazione culturale. (Fonte della notizia sul Pangkhaneh: h<a href=\"https:\/\/web.archive.org\/web\/20140429163019\/http:\/\/amordadnews.com\/neveshtehNamyesh.aspx?NId=6010\">ttps:\/\/web.archive.org\/web\/20140429163019\/http:\/\/amordadnews.com\/neveshtehNamyesh.aspx?NId=6010<\/a>)<\/p>\n\n\n\n<h4 class=\"wp-block-heading\" id=\"3c\" style=\"line-height:0.9\"><span id=\"yakhchal-refrigerazione-antica\">Yakhch\u0101l (refrigerazione antica)<\/span><\/h4>\n\n\n\n<figure class=\"wp-block-table\"><table class=\"has-fixed-layout\"><tbody><tr><td><img loading=\"lazy\" decoding=\"async\" width=\"800\" height=\"846\" src=\"https:\/\/senzatempo.org\/wp-content\/uploads\/2026\/03\/Torre-raffreddamento.jpg\" alt=\"Torre di raffreddamento\" class=\"wp-image-3694\" srcset=\"https:\/\/senzatempo.org\/wp-content\/uploads\/2026\/03\/Torre-raffreddamento.jpg 800w, https:\/\/senzatempo.org\/wp-content\/uploads\/2026\/03\/Torre-raffreddamento-284x300.jpg 284w, https:\/\/senzatempo.org\/wp-content\/uploads\/2026\/03\/Torre-raffreddamento-768x812.jpg 768w, https:\/\/senzatempo.org\/wp-content\/uploads\/2026\/03\/Torre-raffreddamento-380x402.jpg 380w, https:\/\/senzatempo.org\/wp-content\/uploads\/2026\/03\/Torre-raffreddamento-760x804.jpg 760w, https:\/\/senzatempo.org\/wp-content\/uploads\/2026\/03\/Torre-raffreddamento-567x600.jpg 567w\" sizes=\"auto, (max-width: 800px) 100vw, 800px\" \/><\/td><td><p style=\"line-height:1.2\"><br><strong>Torre eolica e qanat utilizzati per il raffreddamento<\/strong><br><br><sup>By Samuel Bailey (confuciou@gmail.com) &#8211; Own work, CC BY 3.0, https:\/\/commons.wikimedia.org\/w\/index.php?curid=8659258<\/sup><\/p><\/td><\/tr><tr><td><img loading=\"lazy\" decoding=\"async\" width=\"640\" height=\"383\" src=\"https:\/\/senzatempo.org\/wp-content\/uploads\/2026\/03\/Torri-del-vento.jpg\" alt=\"\" class=\"wp-image-3695\" srcset=\"https:\/\/senzatempo.org\/wp-content\/uploads\/2026\/03\/Torri-del-vento.jpg 640w, https:\/\/senzatempo.org\/wp-content\/uploads\/2026\/03\/Torri-del-vento-300x180.jpg 300w, https:\/\/senzatempo.org\/wp-content\/uploads\/2026\/03\/Torri-del-vento-380x227.jpg 380w, https:\/\/senzatempo.org\/wp-content\/uploads\/2026\/03\/Torri-del-vento-600x359.jpg 600w\" sizes=\"auto, (max-width: 640px) 100vw, 640px\" \/><\/td><td><br><p style=\"line-height:1.2\"><strong>Un persiano&nbsp;<a href=\"https:\/\/en.wikipedia.org\/wiki\/Ab_anbar\">ab anbar<\/a>&nbsp;con torri eoliche collegate a un qanat<\/strong><br><br><sup>CC BY-SA 3.0, https:\/\/commons.wikimedia.org\/w\/index.php?curid=1295580<\/sup><\/p><\/td><\/tr><\/tbody><\/table><\/figure>\n\n\n\n<p>Immaginiamo ora un deserto dove la temperatura sale sopra i 50\u00b0 durante il giorno, e il ghiacciaio pi\u00f9 vicino \u00e8 a centinaia di chilometri di distanza. Fu in tali condizioni che i persiani inventarono il <strong>frigorifero<\/strong>, oltre 400 anni a.C., quando mancavano ancora 23 secoli all&#8217;elettricit\u00e0. Il dispositivo era chiamato <strong><a href=\"https:\/\/en.wikipedia.org\/wiki\/Yakhch%C4%81l\" target=\"_blank\" rel=\"noreferrer noopener\">yakhchal<\/a><\/strong>, che letteralmente significa pozzo di ghiaccio in farsa.<br>Era un&#8217;enorme struttura a forma di cupola fatta di argilla, sabbia, albume d&#8217;uovo, calce, lana di capra e cenere, che poteva raggiungere un&#8217;altezza di 20 m. Sotto la cupola c&#8217;era un deposito sotterraneo, dove veniva conservato il ghiaccio in inverno, d&#8217;estate veniva preservato grazie a spessi muri e grazie all&#8217;abbinamento ad un sistema di ventilazione chiamata &#8220;Torre eolica&#8221;.<\/p>\n\n\n\n<p>I persiani non si limitavano a immagazzinare il ghiaccio nel deserto, lo usarono per creare un dolce che a tutti gli effetti \u00e8 l&#8217;antenato del <strong>gelato<\/strong>.<br>Questo dessert si chiamava <strong><a href=\"https:\/\/it.wikipedia.org\/wiki\/Bastani\" target=\"_blank\" rel=\"noreferrer noopener\">Bastani<\/a><\/strong> ed era preparato con succo d&#8217;uva, frutta, additivi dolci e il freddo di yakhchal gli ha permesso di mantenere la sua forma e temperatura.<br>Quindi ogni volta che prendi un cono gelato, ricorda che questa idea \u00e8 stata realizzata per la prima volta da persone vissute 4 secoli prima di Cristo.<\/p>\n\n\n\n<h3 class=\"wp-block-heading\" id=\"4\"><span id=\"il-mulino-a-vento\">Il mulino a vento<\/span><\/h3>\n\n\n\n<figure class=\"wp-block-image size-large\"><img loading=\"lazy\" decoding=\"async\" width=\"1024\" height=\"529\" src=\"https:\/\/senzatempo.org\/wp-content\/uploads\/2026\/03\/image-18-1024x529.png\" alt=\"\" class=\"wp-image-3707\" srcset=\"https:\/\/senzatempo.org\/wp-content\/uploads\/2026\/03\/image-18-1024x529.png 1024w, https:\/\/senzatempo.org\/wp-content\/uploads\/2026\/03\/image-18-300x155.png 300w, https:\/\/senzatempo.org\/wp-content\/uploads\/2026\/03\/image-18-768x397.png 768w, https:\/\/senzatempo.org\/wp-content\/uploads\/2026\/03\/image-18-1536x794.png 1536w, https:\/\/senzatempo.org\/wp-content\/uploads\/2026\/03\/image-18-2048x1058.png 2048w, https:\/\/senzatempo.org\/wp-content\/uploads\/2026\/03\/image-18-380x196.png 380w, https:\/\/senzatempo.org\/wp-content\/uploads\/2026\/03\/image-18-800x413.png 800w, https:\/\/senzatempo.org\/wp-content\/uploads\/2026\/03\/image-18-1160x599.png 1160w, https:\/\/senzatempo.org\/wp-content\/uploads\/2026\/03\/image-18-3072x1587.png 3072w, https:\/\/senzatempo.org\/wp-content\/uploads\/2026\/03\/image-18-760x393.png 760w, https:\/\/senzatempo.org\/wp-content\/uploads\/2026\/03\/image-18-1600x827.png 1600w, https:\/\/senzatempo.org\/wp-content\/uploads\/2026\/03\/image-18-2320x1199.png 2320w, https:\/\/senzatempo.org\/wp-content\/uploads\/2026\/03\/image-18-600x310.png 600w, https:\/\/senzatempo.org\/wp-content\/uploads\/2026\/03\/image-18-scaled.png 2560w\" sizes=\"auto, (max-width: 1024px) 100vw, 1024px\" \/><figcaption class=\"wp-element-caption\">Schema del mulino a vento orizzontale persiano, il primo mulino a vento pratico. &#8211; By Kaboldy &#8211; Own work, CC BY-SA 3.0, https:\/\/commons.wikimedia.org\/w\/index.php?curid=8537002<\/figcaption><\/figure>\n\n\n\n<p>Andiamo avanti, perch\u00e9 l&#8217;elenco delle invenzioni persiane diventer\u00e0 sempre pi\u00f9 sorprendente. <strong>Il mulino a vento<\/strong>, simbolo dell&#8217;Olanda e dell&#8217;ingegno europeo, fu in realt\u00e0 inventato in Persia, nella provincia del Sistan, al confine tra l\u2019attuale Iran e l\u2019Afghanistan. I primi mulini apparvero l\u00ec tra il VII e il IX secolo, 300 anni prima che strutture simili iniziassero ad essere costruite in Europa. Tuttavia i mulini persiani si differenziavano, erano del tipo <strong><a href=\"https:\/\/en.wikipedia.org\/wiki\/Panemone_windmill\" target=\"_blank\" rel=\"noreferrer noopener\">Panemone<\/a><\/strong> con un asse verticale, a differenza di quelli orizzontali olandesi a noi familiari. Le torri di mattoni a due piani alte fino a 20 m, catturavano i famosi venti di Sistan che soffiano per 120 venti giorni ogni anno con velocit\u00e0 fino a 100 km\/h e ci\u00f2 ha probabilmente influito le scelte costruttive. Il vento faceva ruotare le pale di legno, ricoperti di stoffa, che azionavano le macine al piano inferiore, trasformando il grano in farina. Quando i Mongoli invasero l&#8217;Iran nel XIII secolo, erano cos\u00ec entusiasti di questi mulini che, secondo la leggenda, cercarono di rapire gli ingegneri persiani per poterli ricostruire ad est. Nel villaggio di Nasthifan, nel nord-est dell&#8217;Iran, ci sono ancora mulini che hanno circa mille anni e alcuni di essi sono ancora in funzione. In effetti, questo \u00e8 il primo prototipo di energia rinnovabile nella storia umana. Ed \u00e8 stato inventato non nella Silicon Valley, ma nel deserto persiano.<\/p>\n\n\n\n<h3 class=\"wp-block-heading\" id=\"5\"><span id=\"la-medicina\">La medicina<\/span><\/h3>\n\n\n\n<p>Passiamo ora a ci\u00f2 che ha salvato milioni di vite e continua a farlo ogni giorno: la <strong>medicina<\/strong>.<br>Nel III secolo d.C., il re persiano Shapur fond\u00f2 per primo la citt\u00e0 di Gundishapur, dove sorse un&#8217;accademia, comprendente un&#8217;universit\u00e0, una biblioteca e un ospedale universitario. Questa \u00e8 stata la prima clinica nella storia in cui gli studenti imparavano la medicina non dai libri, ma dal capezzale del paziente, sotto la guida di medici esperti. La biblioteca di Gundishapur aveva 400.000 libri, e sul portale dell&#8217;Accademia c&#8217;era incisa un&#8217;iscrizione: \u201cLa conoscenza e la virt\u00f9 sono superiori alla spada e al potere\u201d.<\/p>\n\n\n\n<p>Greci, indiani e siriani andavano l\u00ec per studiare. Ed \u00e8 stato <a href=\"https:\/\/en.wikipedia.org\/wiki\/Academy_of_Gondishapur\" target=\"_blank\" rel=\"noreferrer noopener\">Gundishapur<\/a> a diventare il modello per tutti gli ospedali islamici, e poi anche per quelli europei. Secoli dopo la fondazione di Gundishapur, lo scienziato persiano Ibn Sina, conosciuto in Europa come <strong><a href=\"https:\/\/it.wikipedia.org\/wiki\/Avicenna\" target=\"_blank\" rel=\"noreferrer noopener\">Avicenna<\/a><\/strong>, scrisse un&#8217;opera che ecliss\u00f2 tutto ci\u00f2 che era venuto prima di lui. <a href=\"https:\/\/it.wikipedia.org\/wiki\/Il_canone_della_medicina\" target=\"_blank\" rel=\"noreferrer noopener\">Il Canone della Medicina<\/a>, completato nel 1125, divenne un&#8217;enciclopedia medica in cinque volumi, in cui furono integrate le conoscenze della medicina greca, indiana, cinese e persiana.<br>Questo trattato rimase il principale libro di testo di medicina nelle universit\u00e0 europee per 700 anni, fino al XVII secolo.<\/p>\n\n\n\n<p>Avicenna \u00e8 stato il primo a descrivere le regole per la conduzione delle sperimentazioni cliniche sui farmaci, il primo a sistematizzare la diagnostica per organi e sistemi e fu il primo a formulare i principi della medicina basata sull\u2019evidenza.<br>Un persiano della citt\u00e0 di Bukhara gett\u00f2 le basi su cui poggia tutta la moderna farmacologia e pratica clinica.<br>La prossima volta che il vostro medico vi prescriver\u00e0 un ciclo di cura, sappiate che l\u2019idea di testare i farmaci prima di prescriverli \u00e8 nata mille anni fa in Persia.<\/p>\n\n\n\n<h3 class=\"wp-block-heading\" id=\"6\"><span id=\"la-fama-di-avicenna-in-un-film\">La fama di Avicenna (in un film)<\/span><\/h3>\n\n\n\n<p><em><strong><a href=\"https:\/\/www.centraldocinema.it\/the-physician\/\" target=\"_blank\" rel=\"noreferrer noopener\">The Physician<\/a><\/strong><\/em>&nbsp;(in italiano&nbsp;<a href=\"https:\/\/it.wiki34.com\/wiki\/El_m%C3%A9dico_(pel%C3%ADcula_de_2013)\" target=\"_blank\" rel=\"noreferrer noopener\"><em>Il medico<\/em><\/a><em> \u2013 The Physician<\/em>) \u00e8 un film storico-drammatico del 2013 diretto da Philipp St\u00f6lzl, tratto dall\u2019omonimo romanzo di The Physician. Ambientato nell\u2019XI secolo, racconta il viaggio di un giovane inglese che attraversa l\u2019Europa e il Medio Oriente per studiare medicina. \u00c8 noto per la sua ricca ambientazione medievale e la produzione internazionale di ampio respiro.<\/p>\n\n\n\n<p><strong>Trama e ambientazione<\/strong><br>Ambientato nell\u2019Inghilterra dell\u2019XI secolo, il film segue Rob Cole, un orfano che scopre la sua vocazione medica dopo la morte della madre. Deciso a comprendere l\u2019arte della guarigione, viaggia fino alla Persia per studiare sotto la guida del leggendario <strong>Avicenna<\/strong> (Ben Kingsley) a Isfahan. La storia intreccia il conflitto tra fede e scienza, cultura occidentale e islamica, in un contesto di scoperta e tolleranza.<\/p>\n\n\n\n<p>Fondamentalmente il film rispecchia la medicina occidentale dell&#8217;epoca, il cui &#8220;successo&#8221; spingeva la gente a rivolgersi ai guaritori di strada che arrivavano in paese per vendere pozioni magiche e fuggire prima dell&#8217;alba prima che si accorgano che era una truffa. Nella storia del film un giovane aiutante di uno di questi ciarlatani, voleva davvero imparare e intraprese un viaggio per giungere alla corte del famoso Avicenna in Persia.<\/p>\n\n\n\n<p>Non vi sono prove che giungessero in Persia fin dall&#8217;Inghilterra, come vi narra il film, ne che i cristiani non fossero ammessi, erano ben tollerati, c&#8217;\u00e8 della drammatizzazione e ovviamente \u00e8 un film che ruota intorno alla fama di Avicenna e la sua medicina, fatto storicamente vero, il resto \u00e8 cinema. Nel film il giovane aiutante voleva imparare la cura della cataratta, la impar\u00f2 ma rimuovevano solo il cristallino restituendo una visione sfocata chiamata afachia che era meglio di un unico color panna luminoso a causa della cataratta. Al contrario nel film sembra che i pazienti ottenessero piena vista come in un moderno intervento chirurgico. Solo qualche secolo dopo in Europa (Italia) cominciarono ad usare gli occhiali per la messa a fuoco dopo la rimozione del cristallino, ma permetteva di vedere dettagli o leggere solo a 30~50 cm.<\/p>\n\n\n<div class=\"wp-block-image\">\n<figure class=\"alignleft size-full is-resized\"><img loading=\"lazy\" decoding=\"async\" width=\"768\" height=\"576\" src=\"https:\/\/senzatempo.org\/wp-content\/uploads\/2026\/03\/image-19.png\" alt=\"\" class=\"wp-image-3715\" style=\"width:243px;height:auto\" srcset=\"https:\/\/senzatempo.org\/wp-content\/uploads\/2026\/03\/image-19.png 768w, https:\/\/senzatempo.org\/wp-content\/uploads\/2026\/03\/image-19-300x225.png 300w, https:\/\/senzatempo.org\/wp-content\/uploads\/2026\/03\/image-19-200x150.png 200w, https:\/\/senzatempo.org\/wp-content\/uploads\/2026\/03\/image-19-380x285.png 380w, https:\/\/senzatempo.org\/wp-content\/uploads\/2026\/03\/image-19-600x450.png 600w, https:\/\/senzatempo.org\/wp-content\/uploads\/2026\/03\/image-19-400x300.png 400w, https:\/\/senzatempo.org\/wp-content\/uploads\/2026\/03\/image-19-760x570.png 760w\" sizes=\"auto, (max-width: 768px) 100vw, 768px\" \/><\/figure>\n<\/div>\n\n\n<p>La Persia nell&#8217;antichit\u00e0 non era l&#8217;unico paese in cui si trattava la cataratta, ma  il pi\u00f9 famoso luogo di medicina in cui si facevano anche interventi simili. Ma l&#8217;interesse dei medici persiani sull&#8217;oftalmologia risulta essere millenaria perch\u00e9 nella citt\u00e0 <a href=\"https:\/\/it.wikipedia.org\/wiki\/Shahr-i_Sokhta\">Shahar Esukhti<\/a> (tradotto significa: citt\u00e0 bruciata) \u00e8 stato rinvenuto la <a href=\"https:\/\/pmc.ncbi.nlm.nih.gov\/articles\/PMC4449516\/\" target=\"_blank\" rel=\"noreferrer noopener\">protesi di un occhio<\/a> risalente al 2800 a.C. in cui dimostrarono conoscenze non superficiali e questo \u00e8 gi\u00e0 notevole visto che si parla di 4800 anni fa.<\/p>\n\n\n\n<p>Nell&#8217;immagine il cranio della donna su cui \u00e8 stata rinvenuta la protesi.<br>Fonte immagine: <a href=\"https:\/\/www.tappersia.com\/blog\/shahre-sukhte-the-burnt-city\/\">https:\/\/www.tappersia.com\/blog\/shahre-sukhte-the-burnt-city\/<\/a><\/p>\n\n\n\n<h3 class=\"wp-block-heading\" id=\"7\"><span id=\"la-chimica\">La chimica<\/span><\/h3>\n\n\n\n<p>Parallelamente ad Avicenna visse un altro genio persiano <a href=\"https:\/\/en.wikipedia.org\/wiki\/Abu_Bakr_al-Razi\" target=\"_blank\" rel=\"noreferrer noopener\">Abu Bakr Muhammad ibn Zakariya Arazi,<\/a> che gli europei conoscevano come Roses.<br>Fu lui il primo a ottenere l&#8217;<strong><a href=\"https:\/\/en.wikipedia.org\/wiki\/Sulfuric_acid#Jabir_ibn_Hayyan,_Abu_Bakr_al-Razi,_Ibn_Sina,_et_al.\" target=\"_blank\" rel=\"noreferrer noopener\">acido solforico<\/a><\/strong> mediante distillazione secca di minerali e il primo a isolare l&#8217;<strong><a href=\"https:\/\/it.wikipedia.org\/wiki\/Avicenna#Chimica\" target=\"_blank\" rel=\"noreferrer noopener\">alcol etilico<\/a><\/strong> puro.<br>L&#8217;acido solforico \u00e8 oggi diventato il cavallo di battaglia dell&#8217;industria chimica. \u00c8 coinvolta nella produzione di fertilizzanti, esplosivi, coloranti, plastica e batterie.<br>E l&#8217;alcol \u00e8 alla base della disinfezione medica, della profumeria e, ovviamente, dell&#8217;intera industria degli alcolici sul pianeta. L&#8217;ironia \u00e8 che un paese che oggi vieta severamente il consumo di alcolici, ha dato al mondo la tecnologia per la sua produzione.<\/p>\n\n\n\n<p>A proposito di profumi, l&#8217;arte di estrarre le essenze floreali e conservarle piccoli contenitori, apparvero per la prima volta tra gli Zarostriani in Persia perch\u00e9 gli aromi avevano un ruolo chiave nelle loro cerimonie religiose.<br>Quindi Parigi, la capitale mondiale dei profumi, deve la sua arte agli antichi sacerdoti persiani. E visto che abbiamo iniziato a parlare di zorastriani, vale la pena parlare sul contributo fondamentale della Persia alla vita spirituale dell&#8217;umanit\u00e0.<\/p>\n\n\n\n<h3 class=\"wp-block-heading\" id=\"8\"><span id=\"lo-zoroastrismo\">Lo zoroastrismo<\/span><\/h3>\n\n\n\n<p>Lo <strong><a href=\"https:\/\/it.wikipedia.org\/wiki\/Zoroastrismo\" target=\"_blank\" rel=\"noreferrer noopener\">zoroastrismo<\/a><\/strong>, fondato dal profeta <a href=\"https:\/\/it.wikipedia.org\/wiki\/Zaratustra\" target=\"_blank\" rel=\"noreferrer noopener\">Zarathustra<\/a> circa 3.500 anni fa nella citt\u00e0 di Yast, \u00e8 considerata la <strong>religione monoteista<\/strong> pi\u00f9 antica del mondo.<br>Furono gli Zarostriani i primi a formulare l&#8217;idea della lotta tra il bene e il male, il concetto di giudizio nell\u2019aldil\u00e0, del paradiso e inferno, libero arbitrio e responsabilit\u00e0 personale davanti a Dio.<br>Queste idee successivamente hanno avuto un&#8217;influenza diretta sulle tre religioni abramitiche: ebraismo, cristianesimo e islam.<br>In effetti, il fondamento spirituale su cui poggia met\u00e0 del mondo moderno \u00e8 stato posto dal profeta persiano molto prima della Bibbia e del Corano.<br>Gli zoroastriani hanno anche regalato al mondo qualcosa di quotidiano, la tradizione di festeggiare i <strong>compleanni<\/strong>, di cui si parla la prima volta nel loro libro sacro <a href=\"https:\/\/it.wikipedia.org\/wiki\/Avest%C4%81\" target=\"_blank\" rel=\"noreferrer noopener\">Avest\u0101<\/a> scritto nel II secolo a.C.. Alcune delle prime celebrazioni di compleanno registrate possono essere fatte risalire all&#8217;antico Egitto e confermano le sue origini antiche. Ci\u00f2 \u00e8 reso possibile solo dopo l&#8217;invenzione del calendario, che vedremo pi\u00f9 sotto.<\/p>\n\n\n\n<h3 class=\"wp-block-heading\" id=\"9\"><span id=\"pantaloni-chitarra-backgammon-e-scacchi\">Pantaloni, chitarra, backgammon e scacchi<\/span><\/h3>\n\n\n\n<p>La Persia ha lasciato il segno anche nel tuo guardaroba, e questa non \u00e8 una metafora, i <strong><a href=\"https:\/\/xeniasapienza.it\/2024\/10\/07\/il-pantalone-dei-cavalieri-persiani\/\" target=\"_blank\" rel=\"noreferrer noopener\">pantaloni<\/a><\/strong> indossati oggi in tutto il mondo erano un&#8217;invenzione persiana. N\u00e9 i greci, n\u00e9 i romani, n\u00e9 gli egiziani conoscevano i pantaloni.<br>Nell&#8217;antico persiano erano chiamati sharwal, e questa parola \u00e8 attraverso l&#8217;arabo, la lingua spagnola, turca e ungherese si \u00e8 diffusa in tutto il continente.<\/p>\n\n\n\n<figure class=\"wp-block-table\"><table class=\"has-fixed-layout\"><tbody><tr><td><img loading=\"lazy\" decoding=\"async\" width=\"220\" height=\"800\" src=\"https:\/\/senzatempo.org\/wp-content\/uploads\/2026\/03\/Parts_of_a_setar.jpg\" alt=\"\" class=\"wp-image-3712\" srcset=\"https:\/\/senzatempo.org\/wp-content\/uploads\/2026\/03\/Parts_of_a_setar.jpg 220w, https:\/\/senzatempo.org\/wp-content\/uploads\/2026\/03\/Parts_of_a_setar-165x600.jpg 165w\" sizes=\"auto, (max-width: 220px) 100vw, 220px\" \/><\/td><td>Parts of the Iranian&nbsp;<a href=\"https:\/\/en.wikipedia.org\/wiki\/Setar\" target=\"_blank\" rel=\"noreferrer noopener\">setar<\/a>:<br>1. Pegbox<br>2. Pioli<br>3. Premere sopra il dado <br>4.Noce<br>5. Tasti principali<br>6. Tasti laterali o tasti secondari<br>7. Collo8. Ciotola<br>9. Fori sonori<br>10. Ponte<br>11. Portacorde o portafilo<br>12. Corde<br><br>By fa:\u06a9\u0627\u0631\u0628\u0631:Leyth and w:User:Shabdiz &#8211; Original was a Wikimedia Commons<br>image:File:Setar-PointingLines.jpgThe image was also derived from a Wikimedia Commons image:File:Setar.jpg, Public Domain, https:\/\/commons.wikimedia.org\/w\/index.php?curid=100214181<\/td><\/tr><\/tbody><\/table><figcaption class=\"wp-element-caption\">Parts of the Iranian&nbsp;<a href=\"https:\/\/en.wikipedia.org\/wiki\/Setar\">setar<\/a><\/figcaption><\/figure>\n\n\n\n<p>Anche la <strong>chitarra<\/strong> ha le sue radici in Persia. La parola <strong><a href=\"https:\/\/en.wikipedia.org\/wiki\/Tar_(string_instrument)\" target=\"_blank\" rel=\"noreferrer noopener\">tar<\/a><\/strong> in farsi significa corda, e il <strong><a href=\"https:\/\/en.wikipedia.org\/wiki\/Setar\" target=\"_blank\" rel=\"noreferrer noopener\">setar<\/a><\/strong> (vedi immagine sopra), strumento a tre corde, divenne il progenitore di tutti gli strumenti a corda, compresa la chitarra europea. Quando un musicista rock prende in mano una chitarra elettrica, ha in mano un discendente diretto del setar persiano, che ha circa 5.000 anni.<\/p>\n\n\n\n<p>Il <strong><a href=\"https:\/\/it.wikipedia.org\/wiki\/Backgammon\" target=\"_blank\" rel=\"noreferrer noopener\">backgammon<\/a><\/strong> \u00e8 uno dei giochi da tavolo pi\u00f9 antichi della Terra, anch&#8217;esso originario dell&#8217;Iran. Durante gli scavi a Shahr-e Sukhte trovarono un set con due dadi e sessanta pedine, che ha 5.000 anni.<\/p>\n\n\n\n<p>Gli <strong><a href=\"https:\/\/www.worldhistory.org\/article\/2793\/the-history-of-chess\/\" target=\"_blank\" rel=\"noreferrer noopener\">scacchi<\/a><\/strong>, nella forma in cui divennero un gioco mondiale, attraversarono la Persia e acquisirono la terminologia persiana. La parola shamath, divenuta inglese check-mate, nel farsi significa lo Sci\u00e0 \u00e8 morto. Alcuni dei pezzi degli scacchi pi\u00f9 antichi del mondo, scolpiti nell&#8217;avorio, sono stati ritrovati dagli archeologi in Iran.<\/p>\n\n\n\n<h3 class=\"wp-block-heading\" id=\"10\" style=\"line-height:0.5\"><span id=\"la-citta-bruciata\">La citt\u00e0 bruciata<\/span><\/h3>\n\n\n\n<p>Spostiamoci ora nel Sud-Est dell&#8217;Iran, nella provincia del Sistan e del Baluchestan, dove giacciono nel deserto le rovine di una citt\u00e0, il cui nome si traduce letteralmente come <strong>citt\u00e0 bruciata<\/strong>.<br><a href=\"https:\/\/it.wikipedia.org\/wiki\/Shahr-i_Sokhta\" target=\"_blank\" rel=\"noreferrer noopener\"><strong><strong>Shahr-e Sukhte<\/strong><\/strong><\/a> fu fondata circa 5.200 anni fa ed esistette per circa 1.400 anni finch\u00e9 non fu distrutta da un incendio. Gli archeologi italiani iniziarono gli scavi qui nel 1967 e ci\u00f2 che trovarono andava oltre ogni immaginazione. Sicuramente all&#8217;epoca veniva considerata una grande citt\u00e0<\/p>\n\n\n\n<p>Tra i reperti c&#8217;era una coppa di argilla, che raffigura cinque disegni consecutivi di uno stambecco, che salta verso un albero per mangiarne le foglie e ruotando la tazza, le immagini si fondono in un movimento continuo, creando l&#8217;effetto che oggi chiamiamo <strong>animazione<\/strong>. Questa coppa ha 5.200 anni ed \u00e8 conservata nel Museo Nazionale dell&#8217;Iran a Teheran. In effetti, il primo personaggio dei <strong>cartoni animati<\/strong> della storia umana \u00e8 uno stambecco del deserto persiano, apparso pi\u00f9 di 4000 anni prima che i fratelli Lumi\u00e8re proiettassero il primo film.<\/p>\n\n\n\n<p>Nella stessa citt\u00e0 bruciata hanno trovato l&#8217;<strong>occhio artificiale<\/strong> di cui abbiamo gi\u00e0 parlato nel capitolo: <strong><a href=\"#6\">La fama di Avicenna (in un film)<\/a><\/strong>.<\/p>\n\n\n\n<p>L\u00ec hanno trovato anche i <strong>dadi<\/strong> pi\u00f9 antichi del mondo, un set completo per un gioco da tavolo e tracce di un <strong>intervento chirurgico al cervello<\/strong> che risale a circa 4.000 anni fa.<\/p>\n\n\n\n<p>Oltre che leggere quel che dice wikipedia sulla citt\u00e0 bruciata <a href=\"https:\/\/it.wikipedia.org\/wiki\/Shahr-i_Sokhta\" target=\"_blank\" rel=\"noreferrer noopener\"><strong><strong>Shahr-e Sukhte<\/strong><\/strong><\/a>, penso che sia normale diventare curiosi e leggere anche altre fonti per scoprire cose nuove o nuove scoperte sulla medesima citt\u00e0, se fate parte di questa categoria <a href=\"https:\/\/web.archive.org\/web\/20120618103320\/http:\/\/edition.presstv.ir\/detail\/5668.html\" target=\"_blank\" rel=\"noreferrer noopener\">questa pagina<\/a> vi interesser\u00e0. Dopotutto una citt\u00e0 che era grande come un quadrato con il lato di circa 1300 metri con inventori, come vivevano? Come mai non hanno trovato nessuna arma? Cosa rendeva sicura questa culla di cultura dell&#8217;antica Persia? Non si tratta di elogiare qualcuno o qualcosa, ma conoscere il passato di un popolo per saper interagire meglio con quello di oggi.<br>Una singola citt\u00e0 nel deserto deteneva pi\u00f9 innovazioni di molte altre citt\u00e0 al mondo per millenni a venire.<\/p>\n\n\n\n<h3 class=\"wp-block-heading\" id=\"11\"><span id=\"banche-private\">Banche private<\/span><\/h3>\n\n\n\n<p>Durante il periodo Achimenide apparvero le prime <strong>banche private<\/strong>, la pi\u00f9 famosa delle quali fu la Banca Egibi, che accettava depositi, concedeva prestiti e operava con beni impegno. I principi in base ai quali ha agito sono notevolmente simili alle moderne banche commerciali, ma ben 2.500 anni fa.<\/p>\n\n\n\n<h3 class=\"wp-block-heading\" id=\"12\"><span id=\"il-sistema-postale-persiano\">Il sistema postale persiano<\/span><\/h3>\n\n\n\n<p>E non abbiamo ancora finito, perch\u00e9 la Persia ha inventato anche qualcosa di assolutamente quotidiano, a cui non avete mai pensato. L&#8217;ultima volta che hai inviato un pacco o ricevuto una lettera, hai utilizzato un sistema inventato da Ciro il Grande nel VI secolo a.C. Il <strong>sistema postale persiano<\/strong> si chiamava Chaparkhani e operava sulla base di una rete di stazioni, che si estendeva lungo la strada reale per 2.500 km. I cavalieri su cavalli freschi si passavano il messaggio l&#8217;un l&#8217;altro come un testimone di staffetta, senza fermarsi n\u00e9 nella neve n\u00e9 sotto la pioggia o con il caldo. Erodoto rimase cos\u00ec stupito da questo sistema che lo descrisse nei suoi scritti. E la sua frase sui corrieri che nulla pu\u00f2 fermare, divenne in seguito il motto non ufficiale del servizio postale degli Stati Uniti.<\/p>\n\n\n\n<h3 class=\"wp-block-heading\" id=\"13\"><span id=\"sistema-fiscale-persiano\">Sistema fiscale persiano<\/span><\/h3>\n\n\n\n<p>Ebbene s\u00ec, l&#8217;America ha preso in prestito il suo slogan postale dalla Persia, e poche persone lo sanno. Dario primo successore di Ciro ha migliorato la gestione del paese e ha creato il primo <strong>sistema fiscale<\/strong> regolamentato al mondo, dove le tasse non finivano nelle tasche dello zar, ma nel tesoro dello stato e venivano spese per bisogni pubblici. 25 secoli fa i persiani inventarono questo principio che molti stati moderni hanno raggiunto solo nel XX secolo.<\/p>\n\n\n\n<h3 class=\"wp-block-heading\" id=\"14\"><span id=\"calendario\">Calendario<\/span><\/h3>\n\n\n\n<p>Omar Khayam, che tutto il mondo conosce come poeta e autore del Rubaiyat sul vino e amore, fu sia un brillante matematico che un astronomo. Nel 1279 elabor\u00f2 un <strong>calendario<\/strong> che risult\u00f2 essere pi\u00f9 preciso di quello gregoriano, adottato dall\u2019Europa solo 500 anni dopo.<\/p>\n\n\n\n<p>Il calendario Khayam \u00e8 impreciso di un giorno ogni 5.000 anni, mentre il calendario gregoriano lo \u00e8 ogni 3.220 anni. Il poeta iraniano considerava le stelle con maggiore precisione dei papi europei e questa non \u00e8 una metafora poetica, ma un fatto matematico.<\/p>\n\n\n\n<h3 class=\"wp-block-heading\" id=\"15\" style=\"line-height:1\"><span id=\"liran-moderno\">L\u2019Iran moderno<\/span><\/h3>\n\n\n\n<p style=\"padding-top:0;padding-right:0;padding-bottom:0;padding-left:0\">L\u2019Iran moderno continua a sorprendere il mondo, anche se raramente se ne parla al di fuori delle riviste scientifiche.<\/p>\n\n\n\n<p style=\"padding-top:0;padding-right:0;padding-bottom:0;padding-left:0\">Un Paese schiacciato da decenni di <a href=\"https:\/\/it.wikipedia.org\/wiki\/Sanzioni_degli_Stati_Uniti_contro_l'Iran\" target=\"_blank\" rel=\"noreferrer noopener\">sanzioni<\/a> \u00e8 riuscito a diventare il nono al mondo nel lanciare satelliti di propria produzione sui propri veicoli di lancio.<br>Nel 2009, l\u2019Iran ha lanciato in orbita il satellite <a href=\"https:\/\/en.wikipedia.org\/wiki\/Omid\" target=\"_blank\" rel=\"noreferrer noopener\">Omid<\/a>, diventando uno dei dieci paesi capace di farlo senza aiuto esterno.<br>Nel 2022, il telescopio nazionale iraniano ha scattato la sua prima immagine dello spazio profondo. E nel 2024, gli scienziati iraniani hanno condotto il primo studio al mondo della galassia stellare M33 utilizzando la propria matrice di obiettivi.<br>Un paese a cui rifiutano i componenti e proibiscono l&#8217;acquisto di attrezzature, costruiscono telescopi e lancia razzi.<\/p>\n\n\n\n<p>Le universit\u00e0 iraniane producono pi\u00f9 ingegneri pro capite della maggior parte dei paesi europei e il tasso di crescita di pubblicazioni scientifiche in Iran sono tra i pi\u00f9 alti del pianeta. <a href=\"https:\/\/it.wikipedia.org\/wiki\/Istruzione_in_Iran#Le_donne_nell'istruzione\" target=\"_blank\" rel=\"noreferrer noopener\">Le donne in Iran rappresentano il 60% dei laureati <\/a>contro il 40% degli uomini.<\/p>\n\n\n\n<p><a href=\"https:\/\/it.wikipedia.org\/wiki\/Pierre_Omidyar\" target=\"_blank\" rel=\"noreferrer noopener\">Pierre Amidyar,<\/a> figlio di immigrati iraniani, nel 1995 fond\u00f2 un\u2019azienda che ha cambiato per sempre il commercio mondiale. Questa societ\u00e0 si chiama <strong>eBay<\/strong> e il suo creatore \u00e8 diventato miliardario a 31 anni, dimostrando che il genio ingegneristico iraniano non \u00e8 vincolato dalla geografia.<\/p>\n\n\n\n<p>E qui sorge una domanda che tutti dovrebbero porsi. Perch\u00e9 una civilt\u00e0 che ha inventato l&#8217;algebra, i diritti umani, il frigorifero, il mulino a vento, il sistema postale, l&#8217;animazione, l\u2019acido solforico, il primo ospedale universitario e la prima medicina basata sull\u2019evidenza si ritrova ai margini dell\u2019attenzione mondiale?<br>Perch\u00e9 alla parola Iran ti vengono in mente missili e ayatollah invece di Al-Kharizmi e Avicenna?<\/p>\n\n\n\n<p>La risposta \u00e8 semplice e scomoda. <a href=\"https:\/\/senzatempo.org\/index.php\/2020\/09\/04\/2220\/chi-controlla-hollywood-e-i-mass-media-negli-usa\/\" target=\"_blank\" rel=\"noreferrer noopener\">La storia \u00e8 scritta da chi controlla i flussi di informazione<\/a>, non da chi crea le fondamenta su cui sono in esecuzione.<\/p>\n\n\n\n<p><strong>Ogni algoritmo<\/strong> che regola la diffusione delle notizie, funziona secondo le leggi che prendono il nome da un matematico persiano.<br><strong>Ogni medico<\/strong> nel mondo eredita una tradizione fondata da scienziati persiani a Gundishapur.<br><strong>Ogni corriere<\/strong> in motocicletta che ti porta un pacco \u00e8 un lontano discendente dei Chapors di Ciro il Grande. L\u2019Iran non \u00e8 solo un paese dalla storia antichissima. \u00c8 l\u2019apparato radicale che nutre l\u2019albero della civilt\u00e0 moderna, anche quando l\u2019albero stesso ha dimenticato da dove provengono le sue origini.<\/p>\n\n\n\n<p>Forse la lezione pi\u00f9 importante che ci viene dalla Persia \u00e8 che le grandi idee non appartengono a epoche o confini specifici. Appartengono a chiunque sia pronto a coglierle, anche se per farlo, occorre guardare dove normalmente nessuno si azzarda a posare lo sguardo.<\/p>\n\n\n\n<h3 class=\"wp-block-heading\" id=\"16\"><span id=\"%f0%9f%87%ae%f0%9f%87%b7-siti-unesco-in-iran\">\ud83c\uddee\ud83c\uddf7 Siti UNESCO in Iran<\/span><\/h3>\n\n\n\n<p>La lunga tabella che segue riguarda l\u2019opera dell\u2019uomo considerata dall\u2019UNESCO patrimonio dell\u2019umanit\u00e0. I siti rappresentano la cultura e lo stato di conservazione in cui ci sono giunti a noi citt\u00e0 sepolte nel deserto risalenti ai primi anni dell\u2019Impero Persiano, a villaggi di poche centinaia di persone che vivono ancora in autonomia come i trogloditi, senza aver mai mutato le loro abitudini dall\u2019epoca pre-imperiale.<\/p>\n\n\n\n<p>Lunghi periodi di stabilit\u00e0, la vita in un ambiente arido e il ruolo di crocevia lungo la Via della Seta hanno favorito uno sviluppo tecnologico spesso anticipato di oltre mille anni rispetto all\u2019Europa medievale, nei campi della cultura, filosofia, astronomia, matematica, meccanica e tecnologia.<\/p>\n\n\n\n<p>I siti UNESCO aiutano a confermare la plausibilit\u00e0 della precocit\u00e0 iraniana rispetto al resto del mondo. In alcuni casi, si tratta di perfezionamenti di idee note altrove, ma il ruolo dell\u2019Impero Persiano come richiamo per le menti brillanti \u00e8 stato determinante per lo sviluppo e la diffusione della conoscenza.<\/p>\n\n\n\n<figure class=\"wp-block-table\"><table class=\"has-fixed-layout\"><thead><tr><th>\ud83c\udfdb\ufe0f Siti storici e archeologici<\/th><th>.<\/th><\/tr><\/thead><tbody><tr><td><img loading=\"lazy\" decoding=\"async\" width=\"1024\" height=\"463\" src=\"https:\/\/senzatempo.org\/wp-content\/uploads\/2026\/03\/Piazza-Naqsh-e-Jahan-a-Isfahan-1024x463.jpg\" alt=\"\" class=\"wp-image-3739\" srcset=\"https:\/\/senzatempo.org\/wp-content\/uploads\/2026\/03\/Piazza-Naqsh-e-Jahan-a-Isfahan-1024x463.jpg 1024w, https:\/\/senzatempo.org\/wp-content\/uploads\/2026\/03\/Piazza-Naqsh-e-Jahan-a-Isfahan-300x136.jpg 300w, https:\/\/senzatempo.org\/wp-content\/uploads\/2026\/03\/Piazza-Naqsh-e-Jahan-a-Isfahan-768x347.jpg 768w, https:\/\/senzatempo.org\/wp-content\/uploads\/2026\/03\/Piazza-Naqsh-e-Jahan-a-Isfahan-380x172.jpg 380w, https:\/\/senzatempo.org\/wp-content\/uploads\/2026\/03\/Piazza-Naqsh-e-Jahan-a-Isfahan-800x361.jpg 800w, https:\/\/senzatempo.org\/wp-content\/uploads\/2026\/03\/Piazza-Naqsh-e-Jahan-a-Isfahan-1160x524.jpg 1160w, https:\/\/senzatempo.org\/wp-content\/uploads\/2026\/03\/Piazza-Naqsh-e-Jahan-a-Isfahan-760x343.jpg 760w, https:\/\/senzatempo.org\/wp-content\/uploads\/2026\/03\/Piazza-Naqsh-e-Jahan-a-Isfahan-600x271.jpg 600w, https:\/\/senzatempo.org\/wp-content\/uploads\/2026\/03\/Piazza-Naqsh-e-Jahan-a-Isfahan.jpg 1328w\" sizes=\"auto, (max-width: 1024px) 100vw, 1024px\" \/><\/td><td><p style=\"line-height:1.2\"><strong>1) <a href=\"https:\/\/it.wikipedia.org\/wiki\/Piazza_Naqsh-e_jah%C3%A0n\" target=\"_blank\" rel=\"noreferrer noopener\">Naqsh-e Jahan a Isfahan<\/a><\/strong><br>Il disegno del XIX secolo della piazza Naqsh-e Jahan \u00e8 opera dell&#8217;architetto francese, <a href=\"https:\/\/it.wikipedia.org\/wiki\/Pascal_Coste\">Xavier Pascal Coste<\/a>, che and\u00f2 in Iran con l&#8217;ambasciata del re di Francia nel 1839.<br>Costruzione: 1598-1629<br><br><sup>Di Pascal Coste &#8211; Pascal Coste, Monuments modernes de la Perse (Paris: A. Morel, 1867), pl. VI\u2013VII, Pubblico dominio, https:\/\/commons.wikimedia.org\/w\/index.php?curid=12339356<\/sup><\/p><\/td><\/tr><tr><td><img loading=\"lazy\" decoding=\"async\" width=\"800\" height=\"600\" class=\"wp-image-3744\" src=\"https:\/\/senzatempo.org\/wp-content\/uploads\/2026\/03\/Persepolis_complex_map_french.jpg\" alt=\"\" srcset=\"https:\/\/senzatempo.org\/wp-content\/uploads\/2026\/03\/Persepolis_complex_map_french.jpg 800w, https:\/\/senzatempo.org\/wp-content\/uploads\/2026\/03\/Persepolis_complex_map_french-300x225.jpg 300w, https:\/\/senzatempo.org\/wp-content\/uploads\/2026\/03\/Persepolis_complex_map_french-768x576.jpg 768w, https:\/\/senzatempo.org\/wp-content\/uploads\/2026\/03\/Persepolis_complex_map_french-200x150.jpg 200w, https:\/\/senzatempo.org\/wp-content\/uploads\/2026\/03\/Persepolis_complex_map_french-380x285.jpg 380w, https:\/\/senzatempo.org\/wp-content\/uploads\/2026\/03\/Persepolis_complex_map_french-600x450.jpg 600w, https:\/\/senzatempo.org\/wp-content\/uploads\/2026\/03\/Persepolis_complex_map_french-400x300.jpg 400w, https:\/\/senzatempo.org\/wp-content\/uploads\/2026\/03\/Persepolis_complex_map_french-760x570.jpg 760w\" sizes=\"auto, (max-width: 800px) 100vw, 800px\" \/><br><img loading=\"lazy\" decoding=\"async\" width=\"800\" height=\"600\" src=\"https:\/\/senzatempo.org\/wp-content\/uploads\/2026\/03\/Tachar_Persepolis_Iran.jpeg\" alt=\"\" class=\"wp-image-3745\" srcset=\"https:\/\/senzatempo.org\/wp-content\/uploads\/2026\/03\/Tachar_Persepolis_Iran.jpeg 800w, https:\/\/senzatempo.org\/wp-content\/uploads\/2026\/03\/Tachar_Persepolis_Iran-300x225.jpeg 300w, https:\/\/senzatempo.org\/wp-content\/uploads\/2026\/03\/Tachar_Persepolis_Iran-768x576.jpeg 768w, https:\/\/senzatempo.org\/wp-content\/uploads\/2026\/03\/Tachar_Persepolis_Iran-200x150.jpeg 200w, https:\/\/senzatempo.org\/wp-content\/uploads\/2026\/03\/Tachar_Persepolis_Iran-380x285.jpeg 380w, https:\/\/senzatempo.org\/wp-content\/uploads\/2026\/03\/Tachar_Persepolis_Iran-600x450.jpeg 600w, https:\/\/senzatempo.org\/wp-content\/uploads\/2026\/03\/Tachar_Persepolis_Iran-400x300.jpeg 400w, https:\/\/senzatempo.org\/wp-content\/uploads\/2026\/03\/Tachar_Persepolis_Iran-760x570.jpeg 760w\" sizes=\"auto, (max-width: 800px) 100vw, 800px\" \/><\/td><td><strong>2)<\/strong> <a href=\"https:\/\/it.wikipedia.org\/wiki\/Persepoli\" target=\"_blank\" rel=\"noreferrer noopener\"><strong>Persepoli<\/strong><\/a><br>Pianta generale di <strong>Persepoli<\/strong><br>Fondazione: 520 a.C.<br><br><p style=\"line-height:1.2\"><sup>Pubblico dominio, https:\/\/commons.wikimedia.org\/w\/index.php?curid=1557369<\/sup><\/p><br><br>Sotto, il palazzo Tachara di Persepoli<br><br><p style=\"line-height:1.2\"><sup>Di \u062f\u0631\u0641\u0634 \u06a9\u0627\u0648\u06cc\u0627\u0646\u06cc &#8211; Opera propria, CC BY-SA 3.0, https:\/\/commons.wikimedia.org\/w\/index.php?curid=17932908<\/sup><\/p><\/td><\/tr><tr><td><img loading=\"lazy\" decoding=\"async\" width=\"2000\" height=\"513\" src=\"https:\/\/senzatempo.org\/wp-content\/uploads\/2026\/03\/3840px-Tchogha_Zanbil.jpg\" alt=\"\" class=\"wp-image-3750\" srcset=\"https:\/\/senzatempo.org\/wp-content\/uploads\/2026\/03\/3840px-Tchogha_Zanbil.jpg 2000w, https:\/\/senzatempo.org\/wp-content\/uploads\/2026\/03\/3840px-Tchogha_Zanbil-300x77.jpg 300w, https:\/\/senzatempo.org\/wp-content\/uploads\/2026\/03\/3840px-Tchogha_Zanbil-1024x263.jpg 1024w, https:\/\/senzatempo.org\/wp-content\/uploads\/2026\/03\/3840px-Tchogha_Zanbil-768x197.jpg 768w, https:\/\/senzatempo.org\/wp-content\/uploads\/2026\/03\/3840px-Tchogha_Zanbil-1536x394.jpg 1536w, https:\/\/senzatempo.org\/wp-content\/uploads\/2026\/03\/3840px-Tchogha_Zanbil-380x97.jpg 380w, https:\/\/senzatempo.org\/wp-content\/uploads\/2026\/03\/3840px-Tchogha_Zanbil-800x205.jpg 800w, https:\/\/senzatempo.org\/wp-content\/uploads\/2026\/03\/3840px-Tchogha_Zanbil-1160x298.jpg 1160w, https:\/\/senzatempo.org\/wp-content\/uploads\/2026\/03\/3840px-Tchogha_Zanbil-760x195.jpg 760w, https:\/\/senzatempo.org\/wp-content\/uploads\/2026\/03\/3840px-Tchogha_Zanbil-1600x410.jpg 1600w, https:\/\/senzatempo.org\/wp-content\/uploads\/2026\/03\/3840px-Tchogha_Zanbil-600x154.jpg 600w\" sizes=\"auto, (max-width: 2000px) 100vw, 2000px\" \/><br><img loading=\"lazy\" decoding=\"async\" width=\"700\" height=\"505\" src=\"https:\/\/senzatempo.org\/wp-content\/uploads\/2026\/03\/Chogha_Zanbil_Ziggurat_model.jpg\" alt=\"\" class=\"wp-image-3751\" srcset=\"https:\/\/senzatempo.org\/wp-content\/uploads\/2026\/03\/Chogha_Zanbil_Ziggurat_model.jpg 700w, https:\/\/senzatempo.org\/wp-content\/uploads\/2026\/03\/Chogha_Zanbil_Ziggurat_model-300x216.jpg 300w, https:\/\/senzatempo.org\/wp-content\/uploads\/2026\/03\/Chogha_Zanbil_Ziggurat_model-380x274.jpg 380w, https:\/\/senzatempo.org\/wp-content\/uploads\/2026\/03\/Chogha_Zanbil_Ziggurat_model-600x433.jpg 600w\" sizes=\"auto, (max-width: 700px) 100vw, 700px\" \/><\/td><td><p style=\"line-height:1.2\"><strong>3) <a href=\"https:\/\/en.wikipedia.org\/wiki\/Chogha_Zanbil\" target=\"_blank\" rel=\"noreferrer noopener\">Tchogha Zanbil<\/a><\/strong><br>Veduta panoramica di Dur Untash Napirisha, la ziggurat elamita di Tchogha Zanbil, nella provincia del Khuzestan, in Iran. Immagine realizzata combinando 4 fotografie.<br>Fondata nel 1250 a.C.<br>Abbandonata nel 645 a.C.<br><br><sup>By Pentocelo &#8211; Own work, CC BY-SA 3.0, https:\/\/commons.wikimedia.org\/w\/index.php?curid=5105889<\/sup><br><br><br>Sotto: Chogha Zanbil Ziggurat (model)<br><br><sup>By Jona Lendering &#8211; Livius.orgImage provided under CCO (notice under photograph), CC0, https:\/\/commons.wikimedia.org\/w\/index.php?curid=101677596<\/sup><\/p><\/td><\/tr><tr><td><img loading=\"lazy\" decoding=\"async\" width=\"1066\" height=\"800\" src=\"https:\/\/senzatempo.org\/wp-content\/uploads\/2026\/03\/Takht-e-soleiman-1.jpg\" alt=\"\" class=\"wp-image-3758\" srcset=\"https:\/\/senzatempo.org\/wp-content\/uploads\/2026\/03\/Takht-e-soleiman-1.jpg 1066w, https:\/\/senzatempo.org\/wp-content\/uploads\/2026\/03\/Takht-e-soleiman-1-300x225.jpg 300w, https:\/\/senzatempo.org\/wp-content\/uploads\/2026\/03\/Takht-e-soleiman-1-1024x768.jpg 1024w, https:\/\/senzatempo.org\/wp-content\/uploads\/2026\/03\/Takht-e-soleiman-1-768x576.jpg 768w, https:\/\/senzatempo.org\/wp-content\/uploads\/2026\/03\/Takht-e-soleiman-1-200x150.jpg 200w, https:\/\/senzatempo.org\/wp-content\/uploads\/2026\/03\/Takht-e-soleiman-1-380x285.jpg 380w, https:\/\/senzatempo.org\/wp-content\/uploads\/2026\/03\/Takht-e-soleiman-1-800x600.jpg 800w, https:\/\/senzatempo.org\/wp-content\/uploads\/2026\/03\/Takht-e-soleiman-1-600x450.jpg 600w, https:\/\/senzatempo.org\/wp-content\/uploads\/2026\/03\/Takht-e-soleiman-1-400x300.jpg 400w, https:\/\/senzatempo.org\/wp-content\/uploads\/2026\/03\/Takht-e-soleiman-1-760x570.jpg 760w\" sizes=\"auto, (max-width: 1066px) 100vw, 1066px\" \/><\/td><td><p style=\"line-height:1.2\"><strong>4) <a href=\"https:\/\/it.wikipedia.org\/wiki\/Takht-e_Soleyman\" target=\"_blank\" rel=\"noreferrer noopener\">Takht-e Soleym\u0101n<\/a><\/strong><br>Il cratere di Takht-e Soleyman.<br>Tracce di occupazione dal V secolo a.C.<br><br><sup>Di myself &#8211; Opera propria, CC BY-SA 3.0, https:\/\/commons.wikimedia.org\/w\/index.php?curid=851455<\/sup><\/p><\/td><\/tr><tr><td><img loading=\"lazy\" decoding=\"async\" width=\"1333\" height=\"1000\" src=\"https:\/\/senzatempo.org\/wp-content\/uploads\/2026\/03\/CyrustheGreatTomb_22057.jpg\" alt=\"\" class=\"wp-image-3760\" srcset=\"https:\/\/senzatempo.org\/wp-content\/uploads\/2026\/03\/CyrustheGreatTomb_22057.jpg 1333w, https:\/\/senzatempo.org\/wp-content\/uploads\/2026\/03\/CyrustheGreatTomb_22057-300x225.jpg 300w, https:\/\/senzatempo.org\/wp-content\/uploads\/2026\/03\/CyrustheGreatTomb_22057-1024x768.jpg 1024w, https:\/\/senzatempo.org\/wp-content\/uploads\/2026\/03\/CyrustheGreatTomb_22057-768x576.jpg 768w, https:\/\/senzatempo.org\/wp-content\/uploads\/2026\/03\/CyrustheGreatTomb_22057-200x150.jpg 200w, https:\/\/senzatempo.org\/wp-content\/uploads\/2026\/03\/CyrustheGreatTomb_22057-380x285.jpg 380w, https:\/\/senzatempo.org\/wp-content\/uploads\/2026\/03\/CyrustheGreatTomb_22057-800x600.jpg 800w, https:\/\/senzatempo.org\/wp-content\/uploads\/2026\/03\/CyrustheGreatTomb_22057-1160x870.jpg 1160w, https:\/\/senzatempo.org\/wp-content\/uploads\/2026\/03\/CyrustheGreatTomb_22057-600x450.jpg 600w, https:\/\/senzatempo.org\/wp-content\/uploads\/2026\/03\/CyrustheGreatTomb_22057-400x300.jpg 400w, https:\/\/senzatempo.org\/wp-content\/uploads\/2026\/03\/CyrustheGreatTomb_22057-760x570.jpg 760w\" sizes=\"auto, (max-width: 1333px) 100vw, 1333px\" \/><\/td><td><strong><a href=\"https:\/\/it.wikipedia.org\/wiki\/Pasargade\" target=\"_blank\" rel=\"noreferrer noopener\"><\/a><\/strong><p style=\"line-height:1.2\"><strong>5) <a href=\"https:\/\/it.wikipedia.org\/wiki\/Pasargade\" target=\"_blank\" rel=\"noreferrer noopener\">Pasargade<\/a><\/strong>.<br>Il monumento comunemente ritenuto essere la tomba di Ciro il Grande. Restauro conservativo ad opera dell&#8217;italiana <a href=\"http:\/\/www.iscr.beniculturali.it\">ISCR<\/a>.<br>Fondazione: 546 a.C.<br><br><sup>Di Truth Seeker &#8211; http:\/\/blogtext.org\/TruthSeeker\/, CC BY-SA 3.0, https:\/\/commons.wikimedia.org\/w\/index.php?curid=14482534<\/sup><\/p><\/td><\/tr><tr><td><img loading=\"lazy\" decoding=\"async\" width=\"800\" height=\"600\" src=\"https:\/\/senzatempo.org\/wp-content\/uploads\/2026\/03\/View_of_the_Citadel_of_Bam_Iran_September_2003.jpg\" alt=\"\" class=\"wp-image-3761\" srcset=\"https:\/\/senzatempo.org\/wp-content\/uploads\/2026\/03\/View_of_the_Citadel_of_Bam_Iran_September_2003.jpg 800w, https:\/\/senzatempo.org\/wp-content\/uploads\/2026\/03\/View_of_the_Citadel_of_Bam_Iran_September_2003-300x225.jpg 300w, https:\/\/senzatempo.org\/wp-content\/uploads\/2026\/03\/View_of_the_Citadel_of_Bam_Iran_September_2003-768x576.jpg 768w, https:\/\/senzatempo.org\/wp-content\/uploads\/2026\/03\/View_of_the_Citadel_of_Bam_Iran_September_2003-200x150.jpg 200w, https:\/\/senzatempo.org\/wp-content\/uploads\/2026\/03\/View_of_the_Citadel_of_Bam_Iran_September_2003-380x285.jpg 380w, https:\/\/senzatempo.org\/wp-content\/uploads\/2026\/03\/View_of_the_Citadel_of_Bam_Iran_September_2003-600x450.jpg 600w, https:\/\/senzatempo.org\/wp-content\/uploads\/2026\/03\/View_of_the_Citadel_of_Bam_Iran_September_2003-400x300.jpg 400w, https:\/\/senzatempo.org\/wp-content\/uploads\/2026\/03\/View_of_the_Citadel_of_Bam_Iran_September_2003-760x570.jpg 760w\" sizes=\"auto, (max-width: 800px) 100vw, 800px\" \/><\/td><td><p style=\"line-height:1.2\"><strong>6) <a href=\"https:\/\/whc.unesco.org\/en\/list\/1208\/gallery\/\" target=\"_blank\" rel=\"noreferrer noopener\">Bam e il suo paesaggio culurale<\/a><\/strong><br>Vista della citt\u00e0 di <strong><a href=\"https:\/\/it.wikipedia.org\/wiki\/Bam_(Iran)\" target=\"_blank\" rel=\"noreferrer noopener\">Bam<\/a><\/strong> in Iran<br>Fondata &lt; 500 a.C.<br>In disuso dal 1850.<br>Rasa al suolo dal terremoto del 2003<br><br><sup>Di Benutzer:The 194.231.230.60 &#8211; originally uploaded to de.wikipedia&nbsp;di Benutzer:The 194.231.230.60&nbsp;on 16:05, 11. Jul 2005&nbsp;under the file name View of the Citadel of Bam, Iran, September 2003.jpg.(+\/\u2212), CC BY-SA 3.0, https:\/\/commons.wikimedia.org\/w\/index.php?curid=479999<\/sup><\/p><\/td><\/tr><tr><td><img loading=\"lazy\" decoding=\"async\" width=\"1500\" height=\"1000\" src=\"https:\/\/senzatempo.org\/wp-content\/uploads\/2026\/03\/Gonbad_Soltaniye.jpg\" alt=\"\" class=\"wp-image-3763\" srcset=\"https:\/\/senzatempo.org\/wp-content\/uploads\/2026\/03\/Gonbad_Soltaniye.jpg 1500w, https:\/\/senzatempo.org\/wp-content\/uploads\/2026\/03\/Gonbad_Soltaniye-300x200.jpg 300w, https:\/\/senzatempo.org\/wp-content\/uploads\/2026\/03\/Gonbad_Soltaniye-1024x683.jpg 1024w, https:\/\/senzatempo.org\/wp-content\/uploads\/2026\/03\/Gonbad_Soltaniye-768x512.jpg 768w, https:\/\/senzatempo.org\/wp-content\/uploads\/2026\/03\/Gonbad_Soltaniye-380x253.jpg 380w, https:\/\/senzatempo.org\/wp-content\/uploads\/2026\/03\/Gonbad_Soltaniye-800x533.jpg 800w, https:\/\/senzatempo.org\/wp-content\/uploads\/2026\/03\/Gonbad_Soltaniye-1160x773.jpg 1160w, https:\/\/senzatempo.org\/wp-content\/uploads\/2026\/03\/Gonbad_Soltaniye-760x507.jpg 760w, https:\/\/senzatempo.org\/wp-content\/uploads\/2026\/03\/Gonbad_Soltaniye-600x400.jpg 600w\" sizes=\"auto, (max-width: 1500px) 100vw, 1500px\" \/><\/td><td><p style=\"line-height:1.2\"><strong>7) <a href=\"https:\/\/en.wikipedia.org\/wiki\/Dome_of_Soltaniyeh\" target=\"_blank\" rel=\"noreferrer noopener\">Cupola Soltaniye<\/a><\/strong> (Estate 2016)<br>Altezza cupola: 50 metri<br>Costruzione: 1307~1313<br><br><sup>By Farzad Yousefian &#8211; Own work, CC BY-SA 4.0, https:\/\/commons.wikimedia.org\/w\/index.php?curid=52052561<\/sup><\/p><\/td><\/tr><tr><td><img loading=\"lazy\" decoding=\"async\" width=\"640\" height=\"480\" src=\"https:\/\/senzatempo.org\/wp-content\/uploads\/2026\/03\/Darius_I_the_Greats_inscription.jpg\" alt=\"\" class=\"wp-image-3765\" srcset=\"https:\/\/senzatempo.org\/wp-content\/uploads\/2026\/03\/Darius_I_the_Greats_inscription.jpg 640w, https:\/\/senzatempo.org\/wp-content\/uploads\/2026\/03\/Darius_I_the_Greats_inscription-300x225.jpg 300w, https:\/\/senzatempo.org\/wp-content\/uploads\/2026\/03\/Darius_I_the_Greats_inscription-200x150.jpg 200w, https:\/\/senzatempo.org\/wp-content\/uploads\/2026\/03\/Darius_I_the_Greats_inscription-380x285.jpg 380w, https:\/\/senzatempo.org\/wp-content\/uploads\/2026\/03\/Darius_I_the_Greats_inscription-600x450.jpg 600w, https:\/\/senzatempo.org\/wp-content\/uploads\/2026\/03\/Darius_I_the_Greats_inscription-400x300.jpg 400w\" sizes=\"auto, (max-width: 640px) 100vw, 640px\" \/><br><img loading=\"lazy\" decoding=\"async\" width=\"1000\" height=\"331\" src=\"https:\/\/senzatempo.org\/wp-content\/uploads\/2026\/03\/Behistun_DB1_1-15.jpg\" alt=\"\" class=\"wp-image-3764\" srcset=\"https:\/\/senzatempo.org\/wp-content\/uploads\/2026\/03\/Behistun_DB1_1-15.jpg 1000w, https:\/\/senzatempo.org\/wp-content\/uploads\/2026\/03\/Behistun_DB1_1-15-300x99.jpg 300w, https:\/\/senzatempo.org\/wp-content\/uploads\/2026\/03\/Behistun_DB1_1-15-768x254.jpg 768w, https:\/\/senzatempo.org\/wp-content\/uploads\/2026\/03\/Behistun_DB1_1-15-380x126.jpg 380w, https:\/\/senzatempo.org\/wp-content\/uploads\/2026\/03\/Behistun_DB1_1-15-800x265.jpg 800w, https:\/\/senzatempo.org\/wp-content\/uploads\/2026\/03\/Behistun_DB1_1-15-760x252.jpg 760w, https:\/\/senzatempo.org\/wp-content\/uploads\/2026\/03\/Behistun_DB1_1-15-600x199.jpg 600w\" sizes=\"auto, (max-width: 1000px) 100vw, 1000px\" \/><\/td><td><p style=\"line-height:1.2\"><strong>8) <a href=\"https:\/\/it.wikipedia.org\/wiki\/Iscrizioni_di_Bisotun\" target=\"_blank\" rel=\"noreferrer noopener\">Iscrizioni di Bisotun<\/a><\/strong><br>Iscrizione di Dario I il grande.<br>Iscrizioni risalenti al: 520~518 a.C.<br><br><sup>Di Sconosciuto \u29fcfor\u29fd Dario I di Persia &#8211; Trasferito da en.wikipedia su Commons., Pubblico dominio, https:\/\/commons.wikimedia.org\/w\/index.php?curid=2558004<\/sup><br><br>Sotto, Colonna 1 (DB I 1-15), schizzo di <a href=\"https:\/\/it.wikipedia.org\/wiki\/Friedrich_von_Spiegel\" target=\"_blank\" rel=\"noreferrer noopener\">Fr. Spiegel<\/a> (1881)<br><br><sup>Di Sconosciuto &#8211; http:\/\/titus.fkidg1.uni-frankfurt.de\/didact\/idg\/iran\/apers\/DB1_1-15.GIF, Pubblico dominio, https:\/\/commons.wikimedia.org\/w\/index.php?curid=124383<\/sup><\/p><\/td><\/tr><tr><td><img loading=\"lazy\" decoding=\"async\" width=\"800\" height=\"472\" src=\"https:\/\/senzatempo.org\/wp-content\/uploads\/2026\/03\/Saint_Thaddeus_Monastery_Iran_northwestern_view.jpg\" alt=\"\" class=\"wp-image-3767\" srcset=\"https:\/\/senzatempo.org\/wp-content\/uploads\/2026\/03\/Saint_Thaddeus_Monastery_Iran_northwestern_view.jpg 800w, https:\/\/senzatempo.org\/wp-content\/uploads\/2026\/03\/Saint_Thaddeus_Monastery_Iran_northwestern_view-300x177.jpg 300w, https:\/\/senzatempo.org\/wp-content\/uploads\/2026\/03\/Saint_Thaddeus_Monastery_Iran_northwestern_view-768x453.jpg 768w, https:\/\/senzatempo.org\/wp-content\/uploads\/2026\/03\/Saint_Thaddeus_Monastery_Iran_northwestern_view-380x224.jpg 380w, https:\/\/senzatempo.org\/wp-content\/uploads\/2026\/03\/Saint_Thaddeus_Monastery_Iran_northwestern_view-760x448.jpg 760w, https:\/\/senzatempo.org\/wp-content\/uploads\/2026\/03\/Saint_Thaddeus_Monastery_Iran_northwestern_view-600x354.jpg 600w\" sizes=\"auto, (max-width: 800px) 100vw, 800px\" \/><\/td><td><p style=\"line-height:1.2\"><strong>9) <a href=\"https:\/\/it.wikipedia.org\/wiki\/Complessi_monastici_armeni_in_Iran\" target=\"_blank\" rel=\"noreferrer noopener\">Complessi monastici armeni in Iran<\/a><\/strong><br>Thaddeus monastery, Northwestern view<br>Risalente al VII secolo<br><br><sup>Di armenica.org, CC BY-SA 3.0, https:\/\/commons.wikimedia.org\/w\/index.php?curid=2401370<\/sup><\/p><\/td><\/tr><tr><td><img loading=\"lazy\" decoding=\"async\" width=\"1170\" height=\"800\" src=\"https:\/\/senzatempo.org\/wp-content\/uploads\/2026\/03\/Shushtar_Historical_Hydraulic_System-Shuhtar-Khozestan-ID2180-_\u0645\u062c\u0645\u0648\u0639\u0647_\u0622\u0628\u0634\u0627\u0631\u0647\u0627_\u0648_\u0622\u0633\u06cc\u0627\u0628_\u0647\u0627\u06cc_\u0622\u0628\u06cc_\u0634\u0648\u0634\u062a\u0631.jpg\" alt=\"\" class=\"wp-image-3768\" srcset=\"https:\/\/senzatempo.org\/wp-content\/uploads\/2026\/03\/Shushtar_Historical_Hydraulic_System-Shuhtar-Khozestan-ID2180-_\u0645\u062c\u0645\u0648\u0639\u0647_\u0622\u0628\u0634\u0627\u0631\u0647\u0627_\u0648_\u0622\u0633\u06cc\u0627\u0628_\u0647\u0627\u06cc_\u0622\u0628\u06cc_\u0634\u0648\u0634\u062a\u0631.jpg 1170w, https:\/\/senzatempo.org\/wp-content\/uploads\/2026\/03\/Shushtar_Historical_Hydraulic_System-Shuhtar-Khozestan-ID2180-_\u0645\u062c\u0645\u0648\u0639\u0647_\u0622\u0628\u0634\u0627\u0631\u0647\u0627_\u0648_\u0622\u0633\u06cc\u0627\u0628_\u0647\u0627\u06cc_\u0622\u0628\u06cc_\u0634\u0648\u0634\u062a\u0631-300x205.jpg 300w, https:\/\/senzatempo.org\/wp-content\/uploads\/2026\/03\/Shushtar_Historical_Hydraulic_System-Shuhtar-Khozestan-ID2180-_\u0645\u062c\u0645\u0648\u0639\u0647_\u0622\u0628\u0634\u0627\u0631\u0647\u0627_\u0648_\u0622\u0633\u06cc\u0627\u0628_\u0647\u0627\u06cc_\u0622\u0628\u06cc_\u0634\u0648\u0634\u062a\u0631-1024x700.jpg 1024w, https:\/\/senzatempo.org\/wp-content\/uploads\/2026\/03\/Shushtar_Historical_Hydraulic_System-Shuhtar-Khozestan-ID2180-_\u0645\u062c\u0645\u0648\u0639\u0647_\u0622\u0628\u0634\u0627\u0631\u0647\u0627_\u0648_\u0622\u0633\u06cc\u0627\u0628_\u0647\u0627\u06cc_\u0622\u0628\u06cc_\u0634\u0648\u0634\u062a\u0631-768x525.jpg 768w, https:\/\/senzatempo.org\/wp-content\/uploads\/2026\/03\/Shushtar_Historical_Hydraulic_System-Shuhtar-Khozestan-ID2180-_\u0645\u062c\u0645\u0648\u0639\u0647_\u0622\u0628\u0634\u0627\u0631\u0647\u0627_\u0648_\u0622\u0633\u06cc\u0627\u0628_\u0647\u0627\u06cc_\u0622\u0628\u06cc_\u0634\u0648\u0634\u062a\u0631-380x260.jpg 380w, https:\/\/senzatempo.org\/wp-content\/uploads\/2026\/03\/Shushtar_Historical_Hydraulic_System-Shuhtar-Khozestan-ID2180-_\u0645\u062c\u0645\u0648\u0639\u0647_\u0622\u0628\u0634\u0627\u0631\u0647\u0627_\u0648_\u0622\u0633\u06cc\u0627\u0628_\u0647\u0627\u06cc_\u0622\u0628\u06cc_\u0634\u0648\u0634\u062a\u0631-800x547.jpg 800w, https:\/\/senzatempo.org\/wp-content\/uploads\/2026\/03\/Shushtar_Historical_Hydraulic_System-Shuhtar-Khozestan-ID2180-_\u0645\u062c\u0645\u0648\u0639\u0647_\u0622\u0628\u0634\u0627\u0631\u0647\u0627_\u0648_\u0622\u0633\u06cc\u0627\u0628_\u0647\u0627\u06cc_\u0622\u0628\u06cc_\u0634\u0648\u0634\u062a\u0631-1160x793.jpg 1160w, https:\/\/senzatempo.org\/wp-content\/uploads\/2026\/03\/Shushtar_Historical_Hydraulic_System-Shuhtar-Khozestan-ID2180-_\u0645\u062c\u0645\u0648\u0639\u0647_\u0622\u0628\u0634\u0627\u0631\u0647\u0627_\u0648_\u0622\u0633\u06cc\u0627\u0628_\u0647\u0627\u06cc_\u0622\u0628\u06cc_\u0634\u0648\u0634\u062a\u0631-760x520.jpg 760w, https:\/\/senzatempo.org\/wp-content\/uploads\/2026\/03\/Shushtar_Historical_Hydraulic_System-Shuhtar-Khozestan-ID2180-_\u0645\u062c\u0645\u0648\u0639\u0647_\u0622\u0628\u0634\u0627\u0631\u0647\u0627_\u0648_\u0622\u0633\u06cc\u0627\u0628_\u0647\u0627\u06cc_\u0622\u0628\u06cc_\u0634\u0648\u0634\u062a\u0631-600x410.jpg 600w\" sizes=\"auto, (max-width: 1170px) 100vw, 1170px\" \/><\/td><td><p style=\"line-height:1.2\"><strong>10) <a href=\"https:\/\/it.wikipedia.org\/wiki\/Sistema_idraulico_di_Shushtar\" target=\"_blank\" rel=\"noreferrer noopener\">Sistema idraulico storico di Shushtar<\/a><\/strong><br>Sistema idraulico di Shushtar<br>Risalente al V secolo a.C.<br><br><sup>Di Mhsheikholeslami &#8211; Opera propria, CC BY-SA 4.0, https:\/\/commons.wikimedia.org\/w\/index.php?curid=112259934<\/sup><\/p><\/td><\/tr><tr><td><img loading=\"lazy\" decoding=\"async\" width=\"1000\" height=\"667\" src=\"https:\/\/senzatempo.org\/wp-content\/uploads\/2026\/03\/site_1346_0002-1000-667-20151104154143.jpg\" alt=\"\" class=\"wp-image-3770\" srcset=\"https:\/\/senzatempo.org\/wp-content\/uploads\/2026\/03\/site_1346_0002-1000-667-20151104154143.jpg 1000w, https:\/\/senzatempo.org\/wp-content\/uploads\/2026\/03\/site_1346_0002-1000-667-20151104154143-300x200.jpg 300w, https:\/\/senzatempo.org\/wp-content\/uploads\/2026\/03\/site_1346_0002-1000-667-20151104154143-768x512.jpg 768w, https:\/\/senzatempo.org\/wp-content\/uploads\/2026\/03\/site_1346_0002-1000-667-20151104154143-380x253.jpg 380w, https:\/\/senzatempo.org\/wp-content\/uploads\/2026\/03\/site_1346_0002-1000-667-20151104154143-800x534.jpg 800w, https:\/\/senzatempo.org\/wp-content\/uploads\/2026\/03\/site_1346_0002-1000-667-20151104154143-760x507.jpg 760w, https:\/\/senzatempo.org\/wp-content\/uploads\/2026\/03\/site_1346_0002-1000-667-20151104154143-600x400.jpg 600w\" sizes=\"auto, (max-width: 1000px) 100vw, 1000px\" \/><\/td><td><p style=\"line-height:1.2\"><strong>11) <a href=\"https:\/\/whc.unesco.org\/en\/list\/1346\/\" target=\"_blank\" rel=\"noreferrer noopener\">Complesso storico del bazar di Tabriz<\/a><\/strong><br>Complesso del bazar storico di Tabriz (Iran (Repubblica islamica di))<br>Centro commerciale e culturale tra XII e XVIII secolo<\/p><p style=\"line-height:1.2\"><sup><strong>Autore:<\/strong>&nbsp;Immagini dell&#8217;Iran\/Mohammad Tajik<br><strong>Diritto d&#8217;autore:&nbsp;<\/strong>\u00a9 UNESCO<br><strong>Fonte:<\/strong>&nbsp;Banca fotografica<br><a href=\"https:\/\/whc.unesco.org\/en\/licenses\/6\" target=\"_blank\" rel=\"noreferrer noopener\">Creative Commons Attribuzione-Condividi allo stesso modo 3.0 IGO<\/a><\/sup><\/p><\/td><\/tr><tr><td><img loading=\"lazy\" decoding=\"async\" width=\"1422\" height=\"800\" src=\"https:\/\/senzatempo.org\/wp-content\/uploads\/2026\/03\/Sheikh_Safi_Al_Din_Ardabili_Tomb.jpg\" alt=\"\" class=\"wp-image-3772\" srcset=\"https:\/\/senzatempo.org\/wp-content\/uploads\/2026\/03\/Sheikh_Safi_Al_Din_Ardabili_Tomb.jpg 1422w, https:\/\/senzatempo.org\/wp-content\/uploads\/2026\/03\/Sheikh_Safi_Al_Din_Ardabili_Tomb-300x169.jpg 300w, https:\/\/senzatempo.org\/wp-content\/uploads\/2026\/03\/Sheikh_Safi_Al_Din_Ardabili_Tomb-1024x576.jpg 1024w, https:\/\/senzatempo.org\/wp-content\/uploads\/2026\/03\/Sheikh_Safi_Al_Din_Ardabili_Tomb-768x432.jpg 768w, https:\/\/senzatempo.org\/wp-content\/uploads\/2026\/03\/Sheikh_Safi_Al_Din_Ardabili_Tomb-380x214.jpg 380w, https:\/\/senzatempo.org\/wp-content\/uploads\/2026\/03\/Sheikh_Safi_Al_Din_Ardabili_Tomb-800x450.jpg 800w, https:\/\/senzatempo.org\/wp-content\/uploads\/2026\/03\/Sheikh_Safi_Al_Din_Ardabili_Tomb-1160x653.jpg 1160w, https:\/\/senzatempo.org\/wp-content\/uploads\/2026\/03\/Sheikh_Safi_Al_Din_Ardabili_Tomb-760x428.jpg 760w, https:\/\/senzatempo.org\/wp-content\/uploads\/2026\/03\/Sheikh_Safi_Al_Din_Ardabili_Tomb-600x338.jpg 600w\" sizes=\"auto, (max-width: 1422px) 100vw, 1422px\" \/><\/td><td><p style=\"line-height:1.2\"><strong>12) <a href=\"https:\/\/it.wikipedia.org\/wiki\/Santuario_e_tomba_dello_sceicco_Saf%C4%AB_al-D%C4%ABn\" target=\"_blank\" rel=\"noreferrer noopener\">Mausoleo dello sceicco Safi al-Din (Ardabil)<\/a><\/strong><br>La Tomba dello Sceicco Safi Al Din ad Ardabili.<br>Costruzione tra XVI secolo e fine del XVIII secolo.<br><br><sup>Di MAF70 &#8211; Opera propria, CC BY-SA 4.0, https:\/\/commons.wikimedia.org\/w\/index.php?curid=119602984<\/sup><\/p><\/td><\/tr><tr><td><img loading=\"lazy\" decoding=\"async\" width=\"1200\" height=\"800\" src=\"https:\/\/senzatempo.org\/wp-content\/uploads\/2026\/03\/Botanical_Garden_Shiraz.jpg\" alt=\"\" class=\"wp-image-3773\" srcset=\"https:\/\/senzatempo.org\/wp-content\/uploads\/2026\/03\/Botanical_Garden_Shiraz.jpg 1200w, https:\/\/senzatempo.org\/wp-content\/uploads\/2026\/03\/Botanical_Garden_Shiraz-300x200.jpg 300w, https:\/\/senzatempo.org\/wp-content\/uploads\/2026\/03\/Botanical_Garden_Shiraz-1024x683.jpg 1024w, https:\/\/senzatempo.org\/wp-content\/uploads\/2026\/03\/Botanical_Garden_Shiraz-768x512.jpg 768w, https:\/\/senzatempo.org\/wp-content\/uploads\/2026\/03\/Botanical_Garden_Shiraz-380x253.jpg 380w, https:\/\/senzatempo.org\/wp-content\/uploads\/2026\/03\/Botanical_Garden_Shiraz-800x533.jpg 800w, https:\/\/senzatempo.org\/wp-content\/uploads\/2026\/03\/Botanical_Garden_Shiraz-1160x773.jpg 1160w, https:\/\/senzatempo.org\/wp-content\/uploads\/2026\/03\/Botanical_Garden_Shiraz-760x507.jpg 760w, https:\/\/senzatempo.org\/wp-content\/uploads\/2026\/03\/Botanical_Garden_Shiraz-600x400.jpg 600w\" sizes=\"auto, (max-width: 1200px) 100vw, 1200px\" \/><\/td><td><p style=\"line-height:1.2\"><strong>13) <a href=\"https:\/\/it.wikipedia.org\/wiki\/Giardino_persiano\" target=\"_blank\" rel=\"noreferrer noopener\">Giardino persiano<\/a><\/strong><br>Il celebre Giardino d&#8217;Eram a Shiraz<br>Inizio: VI secolo a.C.<br><br><sup>Di Ali Naderi &#8211; Opera propria, CC BY-SA 4.0, https:\/\/commons.wikimedia.org\/w\/index.php?curid=50487380<\/sup><\/p><\/td><\/tr><tr><td><img loading=\"lazy\" decoding=\"async\" width=\"1501\" height=\"1000\" src=\"https:\/\/senzatempo.org\/wp-content\/uploads\/2026\/03\/20180301124354_IMG_4179And6more_Interior_3-1.jpg\" alt=\"\" class=\"wp-image-3776\" srcset=\"https:\/\/senzatempo.org\/wp-content\/uploads\/2026\/03\/20180301124354_IMG_4179And6more_Interior_3-1.jpg 1501w, https:\/\/senzatempo.org\/wp-content\/uploads\/2026\/03\/20180301124354_IMG_4179And6more_Interior_3-1-300x200.jpg 300w, https:\/\/senzatempo.org\/wp-content\/uploads\/2026\/03\/20180301124354_IMG_4179And6more_Interior_3-1-1024x682.jpg 1024w, https:\/\/senzatempo.org\/wp-content\/uploads\/2026\/03\/20180301124354_IMG_4179And6more_Interior_3-1-768x512.jpg 768w, https:\/\/senzatempo.org\/wp-content\/uploads\/2026\/03\/20180301124354_IMG_4179And6more_Interior_3-1-380x253.jpg 380w, https:\/\/senzatempo.org\/wp-content\/uploads\/2026\/03\/20180301124354_IMG_4179And6more_Interior_3-1-800x533.jpg 800w, https:\/\/senzatempo.org\/wp-content\/uploads\/2026\/03\/20180301124354_IMG_4179And6more_Interior_3-1-1160x773.jpg 1160w, https:\/\/senzatempo.org\/wp-content\/uploads\/2026\/03\/20180301124354_IMG_4179And6more_Interior_3-1-760x506.jpg 760w, https:\/\/senzatempo.org\/wp-content\/uploads\/2026\/03\/20180301124354_IMG_4179And6more_Interior_3-1-600x400.jpg 600w\" sizes=\"auto, (max-width: 1501px) 100vw, 1501px\" \/><\/td><td><p style=\"line-height:1.2\"><strong>14) <a href=\"https:\/\/en.wikipedia.org\/wiki\/Jameh_Mosque_of_Isfahan\" target=\"_blank\" rel=\"noreferrer noopener\">Moschea Jameh di Isfahan<\/a><\/strong><br>Il cortile della moschea e&nbsp;<br><a href=\"https:\/\/en.wikipedia.org\/wiki\/Iwan\">iwans<\/a>, nel 2018<br>Iniziata nel 771 e aggiunte, ristrutturazioni \u00e8 riparazioni fino al XX secolo.<br><br><sup>By Hamidespanani &#8211; Own work, CC BY-SA 4.0, https:\/\/commons.wikimedia.org\/w\/index.php?curid=73391284<\/sup><\/p><\/td><\/tr><tr><td><img loading=\"lazy\" decoding=\"async\" width=\"800\" height=\"1200\" src=\"https:\/\/senzatempo.org\/wp-content\/uploads\/2026\/03\/\u0628\u0631\u062c_\u0647\u0632\u0627\u0631_\u0633\u0627\u0644\u0647.jpg\" alt=\"\" class=\"wp-image-3777\" srcset=\"https:\/\/senzatempo.org\/wp-content\/uploads\/2026\/03\/\u0628\u0631\u062c_\u0647\u0632\u0627\u0631_\u0633\u0627\u0644\u0647.jpg 800w, https:\/\/senzatempo.org\/wp-content\/uploads\/2026\/03\/\u0628\u0631\u062c_\u0647\u0632\u0627\u0631_\u0633\u0627\u0644\u0647-200x300.jpg 200w, https:\/\/senzatempo.org\/wp-content\/uploads\/2026\/03\/\u0628\u0631\u062c_\u0647\u0632\u0627\u0631_\u0633\u0627\u0644\u0647-683x1024.jpg 683w, https:\/\/senzatempo.org\/wp-content\/uploads\/2026\/03\/\u0628\u0631\u062c_\u0647\u0632\u0627\u0631_\u0633\u0627\u0644\u0647-768x1152.jpg 768w, https:\/\/senzatempo.org\/wp-content\/uploads\/2026\/03\/\u0628\u0631\u062c_\u0647\u0632\u0627\u0631_\u0633\u0627\u0644\u0647-380x570.jpg 380w, https:\/\/senzatempo.org\/wp-content\/uploads\/2026\/03\/\u0628\u0631\u062c_\u0647\u0632\u0627\u0631_\u0633\u0627\u0644\u0647-760x1140.jpg 760w, https:\/\/senzatempo.org\/wp-content\/uploads\/2026\/03\/\u0628\u0631\u062c_\u0647\u0632\u0627\u0631_\u0633\u0627\u0644\u0647-400x600.jpg 400w\" sizes=\"auto, (max-width: 800px) 100vw, 800px\" \/><\/td><td><p style=\"line-height:1.2\"><strong>15) <a href=\"https:\/\/en.wikipedia.org\/wiki\/Gonbad-e_Qabus_(tower)\" target=\"_blank\" rel=\"noreferrer noopener\">Gonbad-e Qabus (torre)<\/a><\/strong><br>Segna la tomba di&nbsp;<a href=\"https:\/\/en.wikipedia.org\/wiki\/Ziyarids\">Ziyarid<\/a>&nbsp;sovrano&nbsp;<a href=\"https:\/\/en.wikipedia.org\/wiki\/Qabus\">Qabus<\/a>&nbsp;(r.\u2009978\u20131012), e fu costruito durante la sua vita nel 1006\/7.<br>Altezza 61 metri.<br><br><sup>By \u0645\u062d\u0645\u062f \u0645\u0647\u062f\u06cc \u0632\u0631\u06af\u0631\u06cc\u0627\u0646 &#8211; Own work, CC BY-SA 4.0, https:\/\/commons.wikimedia.org\/w\/index.php?curid=44064730<\/sup><\/p><\/td><\/tr><tr><td><img loading=\"lazy\" decoding=\"async\" width=\"480\" height=\"360\" src=\"https:\/\/senzatempo.org\/wp-content\/uploads\/2026\/03\/hqdefault-2.jpg\" alt=\"\" class=\"wp-image-3782\" srcset=\"https:\/\/senzatempo.org\/wp-content\/uploads\/2026\/03\/hqdefault-2.jpg 480w, https:\/\/senzatempo.org\/wp-content\/uploads\/2026\/03\/hqdefault-2-300x225.jpg 300w, https:\/\/senzatempo.org\/wp-content\/uploads\/2026\/03\/hqdefault-2-200x150.jpg 200w, https:\/\/senzatempo.org\/wp-content\/uploads\/2026\/03\/hqdefault-2-380x285.jpg 380w, https:\/\/senzatempo.org\/wp-content\/uploads\/2026\/03\/hqdefault-2-400x300.jpg 400w\" sizes=\"auto, (max-width: 480px) 100vw, 480px\" \/><br><img loading=\"lazy\" decoding=\"async\" width=\"480\" height=\"360\" src=\"https:\/\/senzatempo.org\/wp-content\/uploads\/2026\/03\/hqdefault.jpg\" alt=\"\" class=\"wp-image-3780\" srcset=\"https:\/\/senzatempo.org\/wp-content\/uploads\/2026\/03\/hqdefault.jpg 480w, https:\/\/senzatempo.org\/wp-content\/uploads\/2026\/03\/hqdefault-300x225.jpg 300w, https:\/\/senzatempo.org\/wp-content\/uploads\/2026\/03\/hqdefault-200x150.jpg 200w, https:\/\/senzatempo.org\/wp-content\/uploads\/2026\/03\/hqdefault-380x285.jpg 380w, https:\/\/senzatempo.org\/wp-content\/uploads\/2026\/03\/hqdefault-400x300.jpg 400w\" sizes=\"auto, (max-width: 480px) 100vw, 480px\" \/><\/td><td><p style=\"line-height:1.2\"><strong>16) <a href=\"https:\/\/en.wikipedia.org\/wiki\/Golestan_Palace\" target=\"_blank\" rel=\"noreferrer noopener\">PALAZZO GOLESTAN<\/a><\/strong><br><strong>Ingresso della Sala Salam<\/strong>.<br>L&#8217;<strong>UNESCO<\/strong> scrive: &#8220;<em>&#8230;per il suo valore universale eccezionale, &#8230;il suo ruolo nella nascita del movimento artistico iraniano moderno.<\/em>&#8220;.<br>L&#8217;origine della cittadella reale di Teheran pu\u00f2 essere fatta risalire al 6 luglio 1404, da allora ha avuto evoluzioni fino al XX secolo.<br><br><sup>L&#8217;immagine \u00e8 la cover di un video (vedi sotto) realizzato da tourixt.com<\/sup><br><br>Sotto, <strong>Sala degli specchi<\/strong>.<br><br><sup>L&#8217;immagine \u00e8 la cover di un <a href=\"https:\/\/www.youtube.com\/watch?v=feQqnzflLyw\">video<\/a> realizzato da <strong>Bahador Hadizadeh<\/strong> visibile sul suo canale YouTube.<\/sup><\/p><\/td><\/tr><tr><td><img loading=\"lazy\" decoding=\"async\" width=\"1024\" height=\"683\" src=\"https:\/\/senzatempo.org\/wp-content\/uploads\/2026\/03\/C20R1002-1024x683.jpg\" alt=\"\" class=\"wp-image-3786\" srcset=\"https:\/\/senzatempo.org\/wp-content\/uploads\/2026\/03\/C20R1002-1024x683.jpg 1024w, https:\/\/senzatempo.org\/wp-content\/uploads\/2026\/03\/C20R1002-300x200.jpg 300w, https:\/\/senzatempo.org\/wp-content\/uploads\/2026\/03\/C20R1002-768x512.jpg 768w, https:\/\/senzatempo.org\/wp-content\/uploads\/2026\/03\/C20R1002-380x253.jpg 380w, https:\/\/senzatempo.org\/wp-content\/uploads\/2026\/03\/C20R1002-800x533.jpg 800w, https:\/\/senzatempo.org\/wp-content\/uploads\/2026\/03\/C20R1002-1160x773.jpg 1160w, https:\/\/senzatempo.org\/wp-content\/uploads\/2026\/03\/C20R1002-760x507.jpg 760w, https:\/\/senzatempo.org\/wp-content\/uploads\/2026\/03\/C20R1002-600x400.jpg 600w, https:\/\/senzatempo.org\/wp-content\/uploads\/2026\/03\/C20R1002.jpg 1200w\" sizes=\"auto, (max-width: 1024px) 100vw, 1024px\" \/><\/td><td><p style=\"line-height:1.2\"><strong>17) <a href=\"https:\/\/en.wikipedia.org\/wiki\/Shahr-e_Sukhteh\" target=\"_blank\" rel=\"noreferrer noopener\">Citt\u00e0 bruciata (Shahr-e Sukhteh)<\/a><\/strong><br>Vedi anche pi\u00f9 sopra un <a href=\"#10\">capitolo dedicato<\/a> alla citt\u00e0 bruciata.<br>Questa \u00e8 una foto di un monumento in Iran identificato dall&#8217;ID<br>Citt\u00e0 fondata 5200 anni fa. (3.200 a.C.)<br><br><sup>By Amirkhan33 &#8211; Own work, CC BY-SA 4.0, https:\/\/commons.wikimedia.org\/w\/index.php?curid=73313825<\/sup><\/p><\/td><\/tr><tr><td><img loading=\"lazy\" decoding=\"async\" width=\"1000\" height=\"432\" src=\"https:\/\/senzatempo.org\/wp-content\/uploads\/2026\/03\/site_1423_0003-1000-432-20150611171722-1.jpg\" alt=\"\" class=\"wp-image-3787\" srcset=\"https:\/\/senzatempo.org\/wp-content\/uploads\/2026\/03\/site_1423_0003-1000-432-20150611171722-1.jpg 1000w, https:\/\/senzatempo.org\/wp-content\/uploads\/2026\/03\/site_1423_0003-1000-432-20150611171722-1-300x130.jpg 300w, https:\/\/senzatempo.org\/wp-content\/uploads\/2026\/03\/site_1423_0003-1000-432-20150611171722-1-768x332.jpg 768w, https:\/\/senzatempo.org\/wp-content\/uploads\/2026\/03\/site_1423_0003-1000-432-20150611171722-1-380x164.jpg 380w, https:\/\/senzatempo.org\/wp-content\/uploads\/2026\/03\/site_1423_0003-1000-432-20150611171722-1-800x346.jpg 800w, https:\/\/senzatempo.org\/wp-content\/uploads\/2026\/03\/site_1423_0003-1000-432-20150611171722-1-760x328.jpg 760w, https:\/\/senzatempo.org\/wp-content\/uploads\/2026\/03\/site_1423_0003-1000-432-20150611171722-1-600x259.jpg 600w\" sizes=\"auto, (max-width: 1000px) 100vw, 1000px\" \/><br><br><img loading=\"lazy\" decoding=\"async\" width=\"1000\" height=\"510\" src=\"https:\/\/senzatempo.org\/wp-content\/uploads\/2026\/03\/site_1423_0004-1000-510-20150611170523.jpg\" alt=\"\" class=\"wp-image-3788\" srcset=\"https:\/\/senzatempo.org\/wp-content\/uploads\/2026\/03\/site_1423_0004-1000-510-20150611170523.jpg 1000w, https:\/\/senzatempo.org\/wp-content\/uploads\/2026\/03\/site_1423_0004-1000-510-20150611170523-300x153.jpg 300w, https:\/\/senzatempo.org\/wp-content\/uploads\/2026\/03\/site_1423_0004-1000-510-20150611170523-768x392.jpg 768w, https:\/\/senzatempo.org\/wp-content\/uploads\/2026\/03\/site_1423_0004-1000-510-20150611170523-380x194.jpg 380w, https:\/\/senzatempo.org\/wp-content\/uploads\/2026\/03\/site_1423_0004-1000-510-20150611170523-800x408.jpg 800w, https:\/\/senzatempo.org\/wp-content\/uploads\/2026\/03\/site_1423_0004-1000-510-20150611170523-760x388.jpg 760w, https:\/\/senzatempo.org\/wp-content\/uploads\/2026\/03\/site_1423_0004-1000-510-20150611170523-600x306.jpg 600w\" sizes=\"auto, (max-width: 1000px) 100vw, 1000px\" \/><\/td><td><p style=\"line-height:1.2\"><strong>18) <a href=\"https:\/\/whc.unesco.org\/en\/list\/1423\" target=\"_blank\" rel=\"noreferrer noopener\">Paesaggio culturale di Meymand<\/a><\/strong><br><strong>Tradizioni viventi ad Aghol.<\/strong><br>Foto sotto: <strong>Tradizione vivente ad Abadi<\/strong><br>La presenza di persone nel villaggio di Meymand risale al neolitico, ma che gruppi di trogloditi occupassero le grotte nelle vicine montagne risalga a circa 8.000 anni fa, non \u00e8 confermato.<br><br><sup>Credits immagini:<\/sup><br><sup><strong>Autore:<\/strong>&nbsp;P. Karamnejad<br><strong>Diritto d&#8217;autore:&nbsp;<\/strong>\u00a9 Base del patrimonio culturale di Maymand<br><strong>Fonte:<\/strong>&nbsp;File di nomina<\/sup><\/p><\/td><\/tr><tr><td><img loading=\"lazy\" decoding=\"async\" width=\"1000\" height=\"750\" src=\"https:\/\/senzatempo.org\/wp-content\/uploads\/2026\/03\/site_1455_0006-1000-750-20150612105854.jpg\" alt=\"\" class=\"wp-image-3792\" srcset=\"https:\/\/senzatempo.org\/wp-content\/uploads\/2026\/03\/site_1455_0006-1000-750-20150612105854.jpg 1000w, https:\/\/senzatempo.org\/wp-content\/uploads\/2026\/03\/site_1455_0006-1000-750-20150612105854-300x225.jpg 300w, https:\/\/senzatempo.org\/wp-content\/uploads\/2026\/03\/site_1455_0006-1000-750-20150612105854-768x576.jpg 768w, https:\/\/senzatempo.org\/wp-content\/uploads\/2026\/03\/site_1455_0006-1000-750-20150612105854-200x150.jpg 200w, https:\/\/senzatempo.org\/wp-content\/uploads\/2026\/03\/site_1455_0006-1000-750-20150612105854-380x285.jpg 380w, https:\/\/senzatempo.org\/wp-content\/uploads\/2026\/03\/site_1455_0006-1000-750-20150612105854-800x600.jpg 800w, https:\/\/senzatempo.org\/wp-content\/uploads\/2026\/03\/site_1455_0006-1000-750-20150612105854-600x450.jpg 600w, https:\/\/senzatempo.org\/wp-content\/uploads\/2026\/03\/site_1455_0006-1000-750-20150612105854-400x300.jpg 400w, https:\/\/senzatempo.org\/wp-content\/uploads\/2026\/03\/site_1455_0006-1000-750-20150612105854-760x570.jpg 760w\" sizes=\"auto, (max-width: 1000px) 100vw, 1000px\" \/><\/td><td><p style=\"line-height:1.2\"><strong>19) <a href=\"https:\/\/whc.unesco.org\/en\/list\/1455\" target=\"_blank\" rel=\"noreferrer noopener\">SUSA<\/a><\/strong><br><strong>Darius Palace<\/strong><br>Insediamenti urbani sovrapposti a partire c. dal 4000 a.C. fino al XIII secolo d.C.<br><br><sup><strong>Autore:<\/strong>&nbsp;Babak Sedighi<br><strong>Diritto d&#8217;autore:&nbsp;<\/strong>\u00a9 ICCHTO<br><strong>Fonte:<\/strong>&nbsp;File di nomina<\/sup><\/p><\/td><\/tr><tr><td><img loading=\"lazy\" decoding=\"async\" width=\"1000\" height=\"667\" src=\"https:\/\/senzatempo.org\/wp-content\/uploads\/2026\/03\/site_1505_0018-1000-667-20160616154935.jpg\" alt=\"\" class=\"wp-image-3793\" srcset=\"https:\/\/senzatempo.org\/wp-content\/uploads\/2026\/03\/site_1505_0018-1000-667-20160616154935.jpg 1000w, https:\/\/senzatempo.org\/wp-content\/uploads\/2026\/03\/site_1505_0018-1000-667-20160616154935-300x200.jpg 300w, https:\/\/senzatempo.org\/wp-content\/uploads\/2026\/03\/site_1505_0018-1000-667-20160616154935-768x512.jpg 768w, https:\/\/senzatempo.org\/wp-content\/uploads\/2026\/03\/site_1505_0018-1000-667-20160616154935-380x253.jpg 380w, https:\/\/senzatempo.org\/wp-content\/uploads\/2026\/03\/site_1505_0018-1000-667-20160616154935-800x534.jpg 800w, https:\/\/senzatempo.org\/wp-content\/uploads\/2026\/03\/site_1505_0018-1000-667-20160616154935-760x507.jpg 760w, https:\/\/senzatempo.org\/wp-content\/uploads\/2026\/03\/site_1505_0018-1000-667-20160616154935-600x400.jpg 600w\" sizes=\"auto, (max-width: 1000px) 100vw, 1000px\" \/><\/td><td><p style=\"line-height:1.2\"><strong>20) <a href=\"https:\/\/whc.unesco.org\/en\/list\/1505\/\" target=\"_blank\" rel=\"noreferrer noopener\">Deserto di Lut (primo sito naturale iraniano)<\/a><\/strong><br><strong>Deserto di Lut: crosta di sale<\/strong><br>Scelto per la ricca variet\u00e0 di spettacolari formazioni desertiche.<br><br><sup><strong>Autore:<\/strong>&nbsp;Alireza Amrikazemi<br><strong>Diritto d&#8217;autore:&nbsp;<\/strong>\u00a9 Alireza Amrikazemi<br><strong>Fonte:<\/strong>&nbsp;File di nomina<\/sup><\/p><\/td><\/tr><tr><td><img loading=\"lazy\" decoding=\"async\" width=\"1000\" height=\"527\" src=\"https:\/\/senzatempo.org\/wp-content\/uploads\/2026\/03\/site_1544_0005-1000-527-20170608103724.jpg\" alt=\"\" class=\"wp-image-3795\" srcset=\"https:\/\/senzatempo.org\/wp-content\/uploads\/2026\/03\/site_1544_0005-1000-527-20170608103724.jpg 1000w, https:\/\/senzatempo.org\/wp-content\/uploads\/2026\/03\/site_1544_0005-1000-527-20170608103724-300x158.jpg 300w, https:\/\/senzatempo.org\/wp-content\/uploads\/2026\/03\/site_1544_0005-1000-527-20170608103724-768x405.jpg 768w, https:\/\/senzatempo.org\/wp-content\/uploads\/2026\/03\/site_1544_0005-1000-527-20170608103724-380x200.jpg 380w, https:\/\/senzatempo.org\/wp-content\/uploads\/2026\/03\/site_1544_0005-1000-527-20170608103724-800x422.jpg 800w, https:\/\/senzatempo.org\/wp-content\/uploads\/2026\/03\/site_1544_0005-1000-527-20170608103724-760x401.jpg 760w, https:\/\/senzatempo.org\/wp-content\/uploads\/2026\/03\/site_1544_0005-1000-527-20170608103724-600x316.jpg 600w\" sizes=\"auto, (max-width: 1000px) 100vw, 1000px\" \/><\/td><td><p style=\"line-height:1.2\"><strong>21) <a href=\"https:\/\/whc.unesco.org\/en\/list\/1544\" target=\"_blank\" rel=\"noreferrer noopener\">Citt\u00e0 storica di Yazd<\/a><\/strong><br><strong>Vista aerea, Moschea Jame.<\/strong><br>L&#8217;architettura in terra di Yazd \u00e8 sfuggita alla modernizzazione conservandone i quartieri tradizionali, il sistema qanat, le case tradizionali&#8230;<br>Prime tracce storiche nel 642 d.C.<br><br><sup><strong>Autore:<\/strong>&nbsp;SH Rashedi<br><strong>Diritto d&#8217;autore:&nbsp;<\/strong>\u00a9 ICHHTO<br><strong>Fonte:<\/strong>&nbsp;File di candidatura (aggiornamento)<\/sup><\/p><\/td><\/tr><tr><td><img loading=\"lazy\" decoding=\"async\" width=\"1000\" height=\"652\" src=\"https:\/\/senzatempo.org\/wp-content\/uploads\/2026\/03\/site_1568_0017-1000-652-20180223115842.jpg\" alt=\"\" class=\"wp-image-3796\" srcset=\"https:\/\/senzatempo.org\/wp-content\/uploads\/2026\/03\/site_1568_0017-1000-652-20180223115842.jpg 1000w, https:\/\/senzatempo.org\/wp-content\/uploads\/2026\/03\/site_1568_0017-1000-652-20180223115842-300x196.jpg 300w, https:\/\/senzatempo.org\/wp-content\/uploads\/2026\/03\/site_1568_0017-1000-652-20180223115842-768x501.jpg 768w, https:\/\/senzatempo.org\/wp-content\/uploads\/2026\/03\/site_1568_0017-1000-652-20180223115842-380x248.jpg 380w, https:\/\/senzatempo.org\/wp-content\/uploads\/2026\/03\/site_1568_0017-1000-652-20180223115842-800x522.jpg 800w, https:\/\/senzatempo.org\/wp-content\/uploads\/2026\/03\/site_1568_0017-1000-652-20180223115842-760x496.jpg 760w, https:\/\/senzatempo.org\/wp-content\/uploads\/2026\/03\/site_1568_0017-1000-652-20180223115842-600x391.jpg 600w\" sizes=\"auto, (max-width: 1000px) 100vw, 1000px\" \/><\/td><td><p style=\"line-height:1.2\"><strong>22) <a href=\"https:\/\/whc.unesco.org\/en\/list\/1568\" target=\"_blank\" rel=\"noreferrer noopener\">Paesaggio archeologico sasanide del Fars<\/a><\/strong><br><strong>Palazzo Ardashir<\/strong><br>Periodo dal 224 al 651 d.C<br><br><sup><strong>Author:<\/strong>&nbsp;B. Sedighi<br><strong>Copyright:&nbsp;<\/strong>\u00a9&nbsp;ICHHTO<br><strong>Source:<\/strong>&nbsp;Nomination Text<\/sup><\/p><\/td><\/tr><tr><td><img loading=\"lazy\" decoding=\"async\" width=\"1000\" height=\"750\" src=\"https:\/\/senzatempo.org\/wp-content\/uploads\/2026\/03\/site_1584_0003-1000-750-20230704180544.jpg\" alt=\"\" class=\"wp-image-3797\" srcset=\"https:\/\/senzatempo.org\/wp-content\/uploads\/2026\/03\/site_1584_0003-1000-750-20230704180544.jpg 1000w, https:\/\/senzatempo.org\/wp-content\/uploads\/2026\/03\/site_1584_0003-1000-750-20230704180544-300x225.jpg 300w, https:\/\/senzatempo.org\/wp-content\/uploads\/2026\/03\/site_1584_0003-1000-750-20230704180544-768x576.jpg 768w, https:\/\/senzatempo.org\/wp-content\/uploads\/2026\/03\/site_1584_0003-1000-750-20230704180544-200x150.jpg 200w, https:\/\/senzatempo.org\/wp-content\/uploads\/2026\/03\/site_1584_0003-1000-750-20230704180544-380x285.jpg 380w, https:\/\/senzatempo.org\/wp-content\/uploads\/2026\/03\/site_1584_0003-1000-750-20230704180544-800x600.jpg 800w, https:\/\/senzatempo.org\/wp-content\/uploads\/2026\/03\/site_1584_0003-1000-750-20230704180544-600x450.jpg 600w, https:\/\/senzatempo.org\/wp-content\/uploads\/2026\/03\/site_1584_0003-1000-750-20230704180544-400x300.jpg 400w, https:\/\/senzatempo.org\/wp-content\/uploads\/2026\/03\/site_1584_0003-1000-750-20230704180544-760x570.jpg 760w\" sizes=\"auto, (max-width: 1000px) 100vw, 1000px\" \/><\/td><td><strong>23) <a href=\"https:\/\/whc.unesco.org\/en\/list\/1584\" target=\"_blank\" rel=\"noreferrer noopener\">Foreste ircane (Hyrcanian Forests)<\/a><\/strong><br><strong>Foresta di faggi, Mazandaran<\/strong><br>Per la notevole biodiversit\u00e0: 3200 specie di piante, 180 specie di uccelli e 58 specie di mammiferi. Presenti predatori al vertice.<br><br><sup><strong>Autore:<\/strong>&nbsp;Fariba Babaei<br><strong>Diritto d&#8217;autore:&nbsp;<\/strong>\u00a9 Fariba Babaei<br><strong>Fonte:<\/strong>&nbsp;File di nomina<\/sup><\/td><\/tr><\/tbody><\/table><\/figure>\n\n\n\n<figure class=\"wp-block-table\"><table><thead><tr><th>N.<\/th><th class=\"has-text-align-left\" data-align=\"left\">Altri siti UNESCO inseriti pi\u00f9 di recente<\/th><th class=\"has-text-align-left\" data-align=\"left\">Risalente a&#8230;<\/th><\/tr><\/thead><tbody><tr><td>25<br>26<br>27<br>28<br>29<\/td><td class=\"has-text-align-left\" data-align=\"left\"><strong><a href=\"https:\/\/whc.unesco.org\/en\/list\/1668\" target=\"_blank\" rel=\"noreferrer noopener\">Il caravanserraglio persiano<\/a> (2023)<\/strong><br><strong><a href=\"https:\/\/whc.unesco.org\/en\/list\/1585\" target=\"_blank\" rel=\"noreferrer noopener\">Ferrovia Transiraniana<\/a> (2021)<\/strong><br><strong><a href=\"https:\/\/whc.unesco.org\/en\/list\/1716\" target=\"_blank\" rel=\"noreferrer noopener\">Egmataneh<\/a> (2024)<\/strong><br><strong><a href=\"https:\/\/whc.unesco.org\/en\/list\/1744\" target=\"_blank\" rel=\"noreferrer noopener\">Siti preistorici della valle di Khorramabad<\/a> (2025)<\/strong><br><strong><a href=\"https:\/\/whc.unesco.org\/en\/list\/1647\" target=\"_blank\" rel=\"noreferrer noopener\">Paesaggio culturale di Hawraman\/Uramanat<\/a> (2021)<\/strong><\/td><td class=\"has-text-align-left\" data-align=\"left\">559 a.C.<br>1938 d.C.<br>VII secolo a.C.<br>63.000 anni fa<br>3.000 a.C.<\/td><\/tr><\/tbody><\/table><\/figure>\n\n\n\n<figure class=\"wp-block-image size-large\"><img loading=\"lazy\" decoding=\"async\" width=\"1024\" height=\"724\" src=\"https:\/\/senzatempo.org\/wp-content\/uploads\/2026\/04\/IRAN_UNESCO_MUSEI-1024x724.jpg\" alt=\"Mappa dell'IRAN con evidenziati i siti UNESCO e Musei - \u00a9senzatempo.org\" class=\"wp-image-3820\" srcset=\"https:\/\/senzatempo.org\/wp-content\/uploads\/2026\/04\/IRAN_UNESCO_MUSEI-1024x724.jpg 1024w, https:\/\/senzatempo.org\/wp-content\/uploads\/2026\/04\/IRAN_UNESCO_MUSEI-300x212.jpg 300w, https:\/\/senzatempo.org\/wp-content\/uploads\/2026\/04\/IRAN_UNESCO_MUSEI-768x543.jpg 768w, https:\/\/senzatempo.org\/wp-content\/uploads\/2026\/04\/IRAN_UNESCO_MUSEI-380x269.jpg 380w, https:\/\/senzatempo.org\/wp-content\/uploads\/2026\/04\/IRAN_UNESCO_MUSEI-800x566.jpg 800w, https:\/\/senzatempo.org\/wp-content\/uploads\/2026\/04\/IRAN_UNESCO_MUSEI-1160x821.jpg 1160w, https:\/\/senzatempo.org\/wp-content\/uploads\/2026\/04\/IRAN_UNESCO_MUSEI-760x538.jpg 760w, https:\/\/senzatempo.org\/wp-content\/uploads\/2026\/04\/IRAN_UNESCO_MUSEI-600x424.jpg 600w, https:\/\/senzatempo.org\/wp-content\/uploads\/2026\/04\/IRAN_UNESCO_MUSEI.jpg 1500w\" sizes=\"auto, (max-width: 1024px) 100vw, 1024px\" \/><figcaption class=\"wp-element-caption\">Mappa dell&#8217;IRAN con evidenziati i siti UNESCO e Musei &#8211; \u00a9senzatempo.org<\/figcaption><\/figure>\n\n\n\n<p>L\u2019et\u00e0 media calcolata dei siti UNESCO iraniani \u00e8 di circa <strong>2.417 anni<\/strong>, collocando il cuore della civilt\u00e0 iraniana nell\u2019epoca achemenide, molto prima della nascita della maggior parte dei patrimoni europei. Il calcolo esclude i siti UNESCO che riguardano deserto, foresta e il sito preistorico, che avrebbero, secondo la mia opinione, falsato il dato oltre il merito riconoscibile.<\/p>\n\n\n\n<p>L&#8217;IRAN in una classifica del 2025 risulta al decimo posto tra chi ha pi\u00f9 siti UNESCO al mondo, in testa, ovviamente, c&#8217;\u00e8 l&#8217;ITALIA ma con siti che hanno un&#8217;et\u00e0 con quasi 1000 anni di meno. Ma penso che a riguardo i siti archeologici legati agli Estruschi abbiamo fatto poco, dovremmo valorizzarli di pi\u00f9, in questo caso potremmo inserire pi\u00f9 siti che appartengono ad un periodo variabile tra 900 a.C. e 27 a.C.<\/p>\n\n\n\n<p>L&#8217;Iran di sicuro non ha dedicato all&#8217;archeologia tutte le risorse necessarie alla preservazione del proprio patrimonio storico soprattutto quello ancora da scoprire, alla pari dei paesi occidentali, come ad esempio l&#8217;Italia, altrimenti oggi il paese dell&#8217;Impero Persiano avrebbe una posizione e rilevanza mondiale migliore.<\/p>\n\n\n\n<p>Gli <strong>USA<\/strong> hanno 24 siti UNESCO, la met\u00e0 \u00e8 dedicata alla natura ambientale, quelli culturali rimanenti hanno un\u2019et\u00e0 media molto pi\u00f9 bassa in quanto sono lo specchio di una colonizzazione e della sua cultura esportata, non degli autoctoni.<\/p>\n\n\n\n<p>Oggi gli USA mostrano tutta la loro immaturit\u00e0 nel cercare di distruggere la pi\u00f9 antica e solida civilt\u00e0 iraniana la cui evoluzione, cultura e adattamento hanno origini che precedono di molto il <strong>391 a.C.<\/strong>, cio\u00e8 la data media dei siti UNESCO.<\/p>\n\n\n\n<p>Per fortuna che <strong><a href=\"https:\/\/www.loc.gov\/exhibits\/jefferson\/jefflib.html\" target=\"_blank\" rel=\"noreferrer noopener\">Thomas Jefferson<\/a><\/strong>, uno dei padri fondatori degli Stati Uniti, studi\u00f2 la <em>Cyropaedia<\/em> di Senofonte, un\u2019opera che descrive Ciro il Grande come modello di sovrano ideale!<\/p>\n\n\n\n<hr class=\"wp-block-separator has-text-color has-luminous-vivid-amber-color has-alpha-channel-opacity has-luminous-vivid-amber-background-color has-background\"\/>\n\n\n\n<div class=\"wp-block-comments\">\n\n\n\n\n\n\t<div id=\"respond\" class=\"comment-respond wp-block-post-comments-form\">\n\t\t<h3 id=\"reply-title\" class=\"comment-reply-title\"><span id=\"lascia-un-commento-annulla-risposta\">Lascia un commento <small><a rel=\"nofollow\" id=\"cancel-comment-reply-link\" href=\"\/index.php\/wp-json\/wp\/v2\/posts\/3631#respond\" style=\"display:none;\">Annulla risposta<\/a><\/small><\/span><\/h3><p class=\"must-log-in\">Devi essere <a href=\"https:\/\/senzatempo.org\/wp-login.php?redirect_to=https%3A%2F%2Fsenzatempo.org%2Findex.php%2F2026%2F04%2F26%2F3631%2Fpersia-la-culla-del-mondo-moderno%2F\">connesso<\/a> per inviare un commento.<\/p>\t<\/div><!-- #respond -->\n\t<\/div>\n","protected":false},"excerpt":{"rendered":"Ogni giorno usi tecnologie che sfruttano principi la cui nascita e sviluppo inizi\u00f2 pi\u00f9 di 2000 anni fa. \u00c8 l&#8217;eredit\u00e0 di un paese: non \u00e8 n\u00e9 la Grecia, n\u00e9 la Cina, n\u00e9 l&#8217;Egitto o la Roma Imperiale. \u00c8 un paese che dopo aver subito un attacco sta cercando la propria libert\u00e0 e indipendenza da egemonie straniere.\n","protected":false},"author":1,"featured_media":3703,"comment_status":"open","ping_status":"open","sticky":false,"template":"","format":"standard","meta":{"_monsterinsights_skip_tracking":false,"_monsterinsights_sitenote_active":false,"_monsterinsights_sitenote_note":"","_monsterinsights_sitenote_category":0,"footnotes":""},"categories":[1890],"tags":[2143,68,2150,2155,1221,2149,2139,193,2140,2148,2158,2138,2141,1372,2156,2157,1909,2145,2153,2147,2137,2151,2146,2144,2142,2159,2154,2152,1416,203,378],"class_list":{"0":"post-3631","1":"post","2":"type-post","3":"status-publish","4":"format-standard","5":"has-post-thumbnail","7":"category-asia","8":"tag-550-a-c","9":"tag-agricoltura","10":"tag-algebra","11":"tag-banche-private","12":"tag-calendario","13":"tag-ciro-il-grande","14":"tag-civilta","15":"tag-cultura","16":"tag-diritti","17":"tag-donne-persiane","18":"tag-fondatore-ebay","19":"tag-impero-achemenide","20":"tag-inventori","21":"tag-iran","22":"tag-iran-moderno","23":"tag-laureati-donne","24":"tag-medicina","25":"tag-mulini-a-vento","26":"tag-musei","27":"tag-orologio-ad-acqua","28":"tag-persia","29":"tag-poste-persiane","30":"tag-produzione-ghiaccio","31":"tag-qanat","32":"tag-ricercatori","33":"tag-satellite-omid","34":"tag-sistema-fiscale","35":"tag-siti-archeologici","36":"tag-tecnologia","37":"tag-unesco","38":"tag-universita"},"_links":{"self":[{"href":"https:\/\/senzatempo.org\/index.php\/wp-json\/wp\/v2\/posts\/3631","targetHints":{"allow":["GET"]}}],"collection":[{"href":"https:\/\/senzatempo.org\/index.php\/wp-json\/wp\/v2\/posts"}],"about":[{"href":"https:\/\/senzatempo.org\/index.php\/wp-json\/wp\/v2\/types\/post"}],"author":[{"embeddable":true,"href":"https:\/\/senzatempo.org\/index.php\/wp-json\/wp\/v2\/users\/1"}],"replies":[{"embeddable":true,"href":"https:\/\/senzatempo.org\/index.php\/wp-json\/wp\/v2\/comments?post=3631"}],"version-history":[{"count":90,"href":"https:\/\/senzatempo.org\/index.php\/wp-json\/wp\/v2\/posts\/3631\/revisions"}],"predecessor-version":[{"id":3822,"href":"https:\/\/senzatempo.org\/index.php\/wp-json\/wp\/v2\/posts\/3631\/revisions\/3822"}],"wp:featuredmedia":[{"embeddable":true,"href":"https:\/\/senzatempo.org\/index.php\/wp-json\/wp\/v2\/media\/3703"}],"wp:attachment":[{"href":"https:\/\/senzatempo.org\/index.php\/wp-json\/wp\/v2\/media?parent=3631"}],"wp:term":[{"taxonomy":"category","embeddable":true,"href":"https:\/\/senzatempo.org\/index.php\/wp-json\/wp\/v2\/categories?post=3631"},{"taxonomy":"post_tag","embeddable":true,"href":"https:\/\/senzatempo.org\/index.php\/wp-json\/wp\/v2\/tags?post=3631"}],"curies":[{"name":"wp","href":"https:\/\/api.w.org\/{rel}","templated":true}]}}