{"id":455,"date":"2008-07-25T01:00:00","date_gmt":"2008-07-24T23:00:00","guid":{"rendered":"https:\/\/senzatempo.org\/?p=455"},"modified":"2025-12-12T01:33:04","modified_gmt":"2025-12-12T00:33:04","slug":"disboscamento","status":"publish","type":"post","link":"https:\/\/senzatempo.org\/index.php\/2008\/07\/25\/455\/disboscamento\/","title":{"rendered":"Disboscamento"},"content":{"rendered":"<div class=\"wp-block-post-time-to-read\">1\u20132 minuti<\/div>\n\n<div class=\"wp-block-image\">\n<figure class=\"alignleft\"><img decoding=\"async\" src=\"https:\/\/web.archive.org\/web\/20090315093930im_\/http:\/\/blog.lucien.it\/msg\/images\/Ambiente\/deforestazione.jpg\" alt=\"\"\/><\/figure>\n<\/div>\n\n\n<p>Parlando di disboscamento, la mente corre alla foresta amazzonica, che a forza di rubare terreno per coltivare soia, o per il naturale allargamento della citt\u00e0 di Manaus, definita il cancro della foresta, rappresentano valori rilevanti per il calo d\u2019ossigeno immesso nell\u2019atmosfera.<br>Invece nulla di tutto questo viene tenuto in considerazione dai nostri contadini, che quando raggiungono una certa et\u00e0 e non sono pi\u00f9 in grado d\u2019accudire alle poche piante rimaste, preferiscono abbatterle.<\/p>\n\n\n\n<p>Ci\u00f2 che voglio evidenziare \u00e8 l\u2019assurdit\u00e0 di vivere in campagna e non avere nemmeno una pianta intorno a casa pi\u00f9 vecchia di te. Avere almeno cinque o sei piante di frutta stagionale, da cui raccogliere quello che viene senza usare fitofarmaci, diserbanti, sarebbe sufficiente, invece, scopro che fino all\u2019ultimo la vecchia cultura contadina esprime la sua cecit\u00e0.<br>Per\u00f2 debbo dirvi che voler estirpare le erbacce senza usare veleni, \u00e8 faticoso, per\u00f2 se hai delle piante con un&#8217;ampia chioma che fa ombra, l&#8217;erbaccia non cresce.<\/p>\n\n\n\n<p>La foresta dell\u2019Amazzonia non pu\u00f2 dipendere unicamente dai paesi che ne possiedono una parte, il solo Brasile ne ha pi\u00f9 del 50%. \u00c8 il polmone della Terra e\u00a0<a href=\"http:\/\/www.wwf.it\/client\/ricerca.aspx?root=12413&amp;content=1\" target=\"_blank\" rel=\"noreferrer noopener\">le aree protette<\/a> sono cos\u00ec scarse da consentire la distruzione pressoch\u00e9 totale della foresta.<\/p>\n\n\n\n<p>Ricordiamo che la Russia ha un&#8217;estensione forestale pi\u00f9 grande dell&#8217;Amazzonia intera e cosa diremo quando i russi vorranno sfruttarla?<\/p>\n\n\n<div class=\"wp-block-post-date\"><time datetime=\"2008-07-25T01:00:00+02:00\">25 Luglio 2008<\/time><\/div>\n\n\n<div class=\"wp-block-comments\">\n\n\n\n\n\n\t<div id=\"respond\" class=\"comment-respond wp-block-post-comments-form\">\n\t\t<h3 id=\"reply-title\" class=\"comment-reply-title\"><span id=\"lascia-un-commento-annulla-risposta\">Lascia un commento <small><a rel=\"nofollow\" id=\"cancel-comment-reply-link\" href=\"\/index.php\/wp-json\/wp\/v2\/posts\/455#respond\" style=\"display:none;\">Annulla risposta<\/a><\/small><\/span><\/h3><p class=\"must-log-in\">Devi essere <a href=\"https:\/\/senzatempo.org\/wp-login.php?redirect_to=https%3A%2F%2Fsenzatempo.org%2Findex.php%2F2008%2F07%2F25%2F455%2Fdisboscamento%2F\">connesso<\/a> per inviare un commento.<\/p>\t<\/div><!-- #respond -->\n\t<\/div>\n","protected":false},"excerpt":{"rendered":"Quando si parla di disboscamento, sembra che l&#8217;unica foresta da difendere sia quella Amazzonic. Purtroppo \u00e8 la pi\u00f9 attaccata e svolge un ruolo cruciale sul clima.\n","protected":false},"author":1,"featured_media":0,"comment_status":"open","ping_status":"open","sticky":false,"template":"","format":"standard","meta":{"_monsterinsights_skip_tracking":false,"_monsterinsights_sitenote_active":false,"_monsterinsights_sitenote_note":"","_monsterinsights_sitenote_category":0,"footnotes":""},"categories":[207],"tags":[319,341,339,343,342],"class_list":{"0":"post-455","1":"post","2":"type-post","3":"status-publish","4":"format-standard","6":"category-ambiente","7":"tag-alberi","8":"tag-danni-ambientali","9":"tag-disboscamento","10":"tag-disboscamento-incontrollato","11":"tag-salviamo-le-foreste"},"_links":{"self":[{"href":"https:\/\/senzatempo.org\/index.php\/wp-json\/wp\/v2\/posts\/455","targetHints":{"allow":["GET"]}}],"collection":[{"href":"https:\/\/senzatempo.org\/index.php\/wp-json\/wp\/v2\/posts"}],"about":[{"href":"https:\/\/senzatempo.org\/index.php\/wp-json\/wp\/v2\/types\/post"}],"author":[{"embeddable":true,"href":"https:\/\/senzatempo.org\/index.php\/wp-json\/wp\/v2\/users\/1"}],"replies":[{"embeddable":true,"href":"https:\/\/senzatempo.org\/index.php\/wp-json\/wp\/v2\/comments?post=455"}],"version-history":[{"count":1,"href":"https:\/\/senzatempo.org\/index.php\/wp-json\/wp\/v2\/posts\/455\/revisions"}],"predecessor-version":[{"id":456,"href":"https:\/\/senzatempo.org\/index.php\/wp-json\/wp\/v2\/posts\/455\/revisions\/456"}],"wp:attachment":[{"href":"https:\/\/senzatempo.org\/index.php\/wp-json\/wp\/v2\/media?parent=455"}],"wp:term":[{"taxonomy":"category","embeddable":true,"href":"https:\/\/senzatempo.org\/index.php\/wp-json\/wp\/v2\/categories?post=455"},{"taxonomy":"post_tag","embeddable":true,"href":"https:\/\/senzatempo.org\/index.php\/wp-json\/wp\/v2\/tags?post=455"}],"curies":[{"name":"wp","href":"https:\/\/api.w.org\/{rel}","templated":true}]}}