{"id":554,"date":"2025-04-07T00:54:00","date_gmt":"2025-04-06T22:54:00","guid":{"rendered":"https:\/\/senzatempo.org\/?p=554"},"modified":"2025-12-17T01:14:01","modified_gmt":"2025-12-17T00:14:01","slug":"e-possibile-sapere-realmente-cosa-e-successo-e-cosa-sta-succedendo-in-ucraina-1-parte","status":"publish","type":"post","link":"https:\/\/senzatempo.org\/index.php\/2025\/04\/07\/554\/e-possibile-sapere-realmente-cosa-e-successo-e-cosa-sta-succedendo-in-ucraina-1-parte\/","title":{"rendered":"\u00c8 possibile sapere realmente cosa \u00e8 successo e cosa sta succedendo in Ucraina? &#8211; 1\u00b0 Parte"},"content":{"rendered":"<div class=\"wp-block-post-time-to-read\">9\u201314 minuti<\/div>\n\n\n<p><strong>Sab, 27 Mar 2022<\/strong>&nbsp;<strong>\u2190<\/strong>&nbsp;(<em>Tenere presente la data dell&#8217;articolo durante la lettura<\/em>)<\/p>\n\n\n\n<p>Il Post \u00e8 stato diviso in due parti:\u00a0<strong>1\u00b0 Parte,\u00a0<\/strong><a href=\"https:\/\/senzatempo.org\/index.php\/2025\/04\/07\/e-possibile-sapere-realmente-cosa-e-successo-e-cosa-sta-succedendo-in-ucraina-2-parte\/\" target=\"_blank\" rel=\"noreferrer noopener\">2\u00b0 Parte<\/a><strong>.<\/strong><\/p>\n\n\n\n<p><strong>PARTE PRIMA: SULLA STRADA VERSO LA GUERRA<\/strong><\/p>\n\n\n\n<p>Per anni, dal Mali all&#8217;Afghanistan, ho lavorato per la pace e ho rischiato la vita per questo. Non si tratta quindi di giustificare la guerra, ma di capire cosa ci ha condotto a essa. Noto che gli &#8220;esperti&#8221; che si alternano sui televisori analizzano la situazione basandosi su informazioni dubbie, il pi\u00f9 delle volte ipotesi trasformate in fatti, e da quel momento in poi non riusciamo pi\u00f9 a capire cosa sta succedendo. Ecco come si crea il panico.<\/p>\n\n\n\n<p>Il problema non \u00e8 tanto chi ha ragione in questo conflitto, ma come i nostri leader prendono le decisioni.<\/p>\n\n\n\n<p>Cerchiamo di esaminare le radici del conflitto. Tutto comincia da coloro<sup data-fn=\"44539f4a-c83f-42cd-9bdc-a9e1df07fce1\" class=\"fn\"><a id=\"44539f4a-c83f-42cd-9bdc-a9e1df07fce1-link\" href=\"#44539f4a-c83f-42cd-9bdc-a9e1df07fce1\">1<\/a><\/sup>&nbsp;che da otto anni ci parlano di &#8220;separatisti&#8221; o &#8220;indipendentisti&#8221; del Donbass. Questo \u00e8 falso. I referendum indetti dalle due repubbliche autoproclamate di Donetsk e Lugansk nel maggio 2014 non erano referendum sull'&#8221;indipendenza&#8221; (\u043d\u0435\u0437\u0430\u0432\u0438\u0441\u0438\u043c\u043e\u0441\u0442\u044c), come affermavano alcuni giornalisti senza scrupoli<sup data-fn=\"f82f9bb3-8547-41db-ada2-394dd4321013\" class=\"fn\"><a id=\"f82f9bb3-8547-41db-ada2-394dd4321013-link\" href=\"#f82f9bb3-8547-41db-ada2-394dd4321013\">2<\/a><\/sup>&nbsp;, ma referendum<sup data-fn=\"3d16e1ba-98f5-4fcc-b4bb-6cfcfa020639\" class=\"fn\"><a id=\"3d16e1ba-98f5-4fcc-b4bb-6cfcfa020639-link\" href=\"#3d16e1ba-98f5-4fcc-b4bb-6cfcfa020639\">3<\/a><\/sup>&nbsp;sull'&#8221;autodeterminazione&#8221; o sull'&#8221;autonomia&#8221; (\u0401\u0430\u043c\u043e\u0441\u0442\u043e\u044f\u0442\u0435\u043b\u044c\u043d\u043e\u0441\u0442\u044c). Il termine &#8220;filo-russo&#8221; suggerisce che la Russia fosse parte del conflitto, il che non \u00e8 vero, e il termine &#8220;russofono&#8221; sarebbe stato pi\u00f9 onesto. Inoltre, questi referendum sono stati condotti contro la volont\u00e0 di Vladimir Putin.<\/p>\n\n\n\n<p>In realt\u00e0, queste repubbliche non cercavano di separarsi dall&#8217;Ucraina, ma di ottenere uno status autonomo che garantisse loro l&#8217;uso del russo come lingua ufficiale. Perch\u00e9 il primo atto legislativo del nuovo governo, scaturito dal rovesciamento del presidente Yanukovich, \u00e8 stata l&#8217;abolizione, il 23 febbraio 2014, della legge Kivalov-Kolesnichenko del 2012, che aveva reso il russo lingua ufficiale. \u00c8 un po&#8217; come se i golpisti decidessero che il francese e l&#8217;italiano non sarebbero pi\u00f9 state lingue ufficiali in Svizzera.<\/p>\n\n\n\n<p>Questa decisione suscit\u00f2 scalpore tra la popolazione russofona. Ci\u00f2 ha provocato una feroce repressione contro le regioni russofone (Odessa, Dniepropetrovsk, Kharkov, Lugansk e Donetsk), iniziata nel febbraio 2014 e che ha portato a una militarizzazione della situazione e a diversi massacri (i pi\u00f9 significativi sono stati quelli di Odessa e Mariupol). Alla fine dell&#8217;estate del 2014, restavano solo le autoproclamate Repubbliche di Donetsk e Lugansk.<\/p>\n\n\n\n<p>In questa fase, troppo rigidi e bloccati in un approccio dottrinario all&#8217;arte operativa, gli stati maggiori ucraini sono sottomessi al nemico senza riuscire ad affermarsi. Esaminando l&#8217;andamento dei combattimenti nel Donbass nel 2014-2016, si evince che lo Stato maggiore ucraino ha applicato sistematicamente e meccanicamente gli stessi schemi operativi. Tuttavia, la guerra condotta dagli autonomisti \u00e8 molto simile a quella che osserviamo nel Sahel: operazioni di grande mobilit\u00e0 condotte con mezzi leggeri. Con un approccio pi\u00f9 flessibile e meno dottrinario, i ribelli sono riusciti a sfruttare l&#8217;inerzia delle forze ucraine per &#8220;intrappolarle&#8221; ripetutamente.<\/p>\n\n\n\n<p>Nel 2014 ero alla NATO, responsabile della lotta alla proliferazione delle armi leggere, e stavamo cercando di individuare le consegne di armi russe ai ribelli per verificare se Mosca fosse coinvolta. Le informazioni che riceviamo provengono quasi esclusivamente dai servizi segreti polacchi e non &#8220;corrispondono&#8221; con le informazioni provenienti dall&#8217;OSCE: nonostante accuse piuttosto grossolane, non osserviamo alcuna consegna di armi ed equipaggiamento militare dalla Russia.<\/p>\n\n\n\n<p>I ribelli sono armati grazie alle defezioni di unit\u00e0 ucraine di lingua russa passate dalla parte dei ribelli. Quando gli ucraini subirono delle sconfitte, battaglioni di carri armati, di artiglieria e antiaerei vennero aggiunti alle fila degli autonomisti. Questo \u00e8 ci\u00f2 che spinge gli ucraini a impegnarsi negli accordi di Minsk.<\/p>\n\n\n\n<p>Ma subito dopo la firma degli accordi di Minsk 1, il presidente ucraino Petro Poroshenko ha lanciato un&#8217;operazione antiterrorismo su larga scala (ATO) contro il Donbass. Bis repetita placent : mal consigliati dagli ufficiali della NATO, gli ucraini subirono una sconfitta schiacciante a Debaltsevo che li costrinse a rispettare gli accordi di Minsk 2&#8230;<\/p>\n\n\n\n<p>\u00c8 essenziale ricordare qui che gli accordi di Minsk 1 (settembre 2014) e Minsk 2 (febbraio 2015) non prevedevano la separazione o l&#8217;indipendenza delle Repubbliche, bens\u00ec la loro autonomia nel quadro dell&#8217;Ucraina. Chi ha letto gli Accordi<sup data-fn=\"010ed22c-19a4-41b4-83b4-4b76241679de\" class=\"fn\"><a id=\"010ed22c-19a4-41b4-83b4-4b76241679de-link\" href=\"#010ed22c-19a4-41b4-83b4-4b76241679de\">4<\/a><\/sup>&nbsp;(sono davvero pochissimi) noter\u00e0 che \u00e8 scritto nero su bianco che lo status delle repubbliche sarebbe stato negoziato tra Kiev e i rappresentanti delle repubbliche, per una soluzione interna all&#8217;Ucraina.<\/p>\n\n\n\n<p>Ecco perch\u00e9, dal 2014, la Russia ne ha sistematicamente richiesto l&#8217;attuazione, rifiutandosi di prendere parte ai negoziati, poich\u00e9 si trattava di una questione interna dell&#8217;Ucraina. D&#8217;altro canto, l&#8217;Occidente, Francia in testa, ha cercato sistematicamente di sostituire gli accordi di Minsk con il &#8220;formato Normandia&#8221;, che metteva russi e ucraini gli uni contro gli altri. Tuttavia, ricordiamo che non c&#8217;erano mai state truppe russe nel Donbass prima del 23-24 febbraio 2022. Inoltre, gli osservatori dell&#8217;OSCE<sup data-fn=\"21150927-68e9-4dbc-b856-0a032528a997\" class=\"fn\"><a id=\"21150927-68e9-4dbc-b856-0a032528a997-link\" href=\"#21150927-68e9-4dbc-b856-0a032528a997\">5<\/a><\/sup>&nbsp;non hanno mai osservato la minima traccia di unit\u00e0 russe operanti nel Donbass. Pertanto, la mappa dell&#8217;intelligence statunitense pubblicata dal Washington Post<sup data-fn=\"08125144-7d93-495f-b3d9-284c217ba8f5\" class=\"fn\"><a id=\"08125144-7d93-495f-b3d9-284c217ba8f5-link\" href=\"#08125144-7d93-495f-b3d9-284c217ba8f5\">6<\/a><\/sup>&nbsp;il 3 dicembre 2021 non mostra truppe russe nel Donbass.<\/p>\n\n\n\n<p>Nell&#8217;ottobre 2015, Vasyl Hrytsak, direttore del Servizio di sicurezza dell&#8217;Ucraina<sup data-fn=\"82523558-83d3-43a8-ae64-d67cbb7f50fd\" class=\"fn\"><a id=\"82523558-83d3-43a8-ae64-d67cbb7f50fd-link\" href=\"#82523558-83d3-43a8-ae64-d67cbb7f50fd\">7<\/a><\/sup>&nbsp;(SBU), ha ammesso che nel Donbass erano stati osservati solo 56 combattenti russi. Era paragonabile agli svizzeri che andavano a combattere in Bosnia nei fine settimana negli anni &#8217;90, o ai francesi che oggi vanno a combattere in Ucraina.<\/p>\n\n\n\n<p>L&#8217;esercito ucraino versava allora in condizioni deplorevoli. Nell&#8217;ottobre 2018, dopo quattro anni di guerra, il procuratore militare capo dell&#8217;Ucraina Anatoly Matios<sup data-fn=\"edc153ce-fecd-4695-af7b-56cc2c1bafdf\" class=\"fn\"><a id=\"edc153ce-fecd-4695-af7b-56cc2c1bafdf-link\" href=\"#edc153ce-fecd-4695-af7b-56cc2c1bafdf\">8<\/a><\/sup>&nbsp;ha dichiarato che l&#8217;Ucraina aveva perso 2.700 uomini nel Donbass: 891 per malattia, 318 per incidenti stradali, 177 per altri incidenti, 175 per avvelenamento (alcol, droghe), 172 per uso imprudente delle armi, 101 per violazioni della sicurezza, 228 per omicidi e 615 per suicidi.<\/p>\n\n\n\n<p>Di fatto, l&#8217;esercito \u00e8 indebolito dalla corruzione dei suoi ufficiali e non gode pi\u00f9 del sostegno della popolazione. Secondo un rapporto del Ministero dell&#8217;Interno britannico<sup data-fn=\"286a64e6-4ccc-4ed6-9e77-af203741b85e\" class=\"fn\"><a id=\"286a64e6-4ccc-4ed6-9e77-af203741b85e-link\" href=\"#286a64e6-4ccc-4ed6-9e77-af203741b85e\">9<\/a><\/sup>&nbsp;, durante il richiamo dei riservisti nel marzo-aprile 2014, il 70% non si \u00e8 presentato alla prima sessione, l&#8217;80% alla seconda, il 90% alla terza e il 95% alla quarta. Nell&#8217;ottobre\/novembre 2017, il 70% dei convocati non si \u00e8 presentato<sup data-fn=\"fb9ba20e-0567-4269-96a0-f5f3541d094b\" class=\"fn\"><a id=\"fb9ba20e-0567-4269-96a0-f5f3541d094b-link\" href=\"#fb9ba20e-0567-4269-96a0-f5f3541d094b\">10<\/a><\/sup>&nbsp;alla campagna di richiamo &#8220;Autunno 2017&#8221; . Senza contare i suicidi<sup data-fn=\"8ca40544-8b71-44ca-93a0-ad43b2cc75b5\" class=\"fn\"><a id=\"8ca40544-8b71-44ca-93a0-ad43b2cc75b5-link\" href=\"#8ca40544-8b71-44ca-93a0-ad43b2cc75b5\">11<\/a><\/sup>&nbsp;e le diserzioni<sup data-fn=\"5abb06ef-89e9-4dc0-8d7c-7e9a52d6c955\" class=\"fn\"><a id=\"5abb06ef-89e9-4dc0-8d7c-7e9a52d6c955-link\" href=\"#5abb06ef-89e9-4dc0-8d7c-7e9a52d6c955\">12<\/a><\/sup>&nbsp;(spesso a vantaggio degli autonomi) che raggiungono fino al 30% della forza lavoro nella zona ATO. I giovani ucraini si rifiutano di andare a combattere nel Donbass e preferiscono emigrare, il che spiega anche, almeno in parte, il deficit demografico del Paese.<\/p>\n\n\n\n<p>Il Ministero della Difesa ucraino si \u00e8 quindi rivolto alla NATO affinch\u00e9 la aiutasse a rendere le sue forze armate pi\u00f9 &#8220;attraenti&#8221;. Avendo gi\u00e0 lavorato a progetti simili nell&#8217;ambito delle Nazioni Unite, la NATO mi ha chiesto di partecipare a un programma volto a ripristinare l&#8217;immagine delle forze armate ucraine. Ma si tratta di un processo a lungo termine e gli ucraini vogliono agire rapidamente.<\/p>\n\n\n\n<p>Cos\u00ec, per compensare la mancanza di soldati, il governo ucraino ricorse alle milizie paramilitari. Sono composti principalmente da mercenari stranieri, spesso attivisti di estrema destra. Secondo la Reuters, nel 2020 costituivano circa il 40% delle forze armate ucraine e contavano circa 102.000 uomini<sup data-fn=\"905b9125-d556-4f9d-ad15-83d6c5969d4c\" class=\"fn\"><a id=\"905b9125-d556-4f9d-ad15-83d6c5969d4c-link\" href=\"#905b9125-d556-4f9d-ad15-83d6c5969d4c\">13<\/a><\/sup>&nbsp;. Sono armati, finanziati e addestrati dagli Stati Uniti, dalla Gran Bretagna, dal Canada e dalla Francia. Sono presenti pi\u00f9 di 19 nazionalit\u00e0, tra cui anche la Svizzera.<\/p>\n\n\n\n<p>Per questo motivo, \u00e8 evidente che i paesi occidentali hanno creato e sostenuto milizie di estrema destra ucraine<sup data-fn=\"8ceb2ace-d1e9-48b5-9ed6-06f0dc53f2a8\" class=\"fn\"><a id=\"8ceb2ace-d1e9-48b5-9ed6-06f0dc53f2a8-link\" href=\"#8ceb2ace-d1e9-48b5-9ed6-06f0dc53f2a8\">14<\/a><\/sup>&nbsp;. Nell&#8217;ottobre 2021, il Jerusalem Post<sup data-fn=\"c3e49219-67fa-4ad2-831d-ab0d2125887a\" class=\"fn\"><a id=\"c3e49219-67fa-4ad2-831d-ab0d2125887a-link\" href=\"#c3e49219-67fa-4ad2-831d-ab0d2125887a\">15<\/a><\/sup>&nbsp;ha lanciato l&#8217;allarme denunciando il progetto Centuria<sup data-fn=\"a8a527a3-d577-430c-92b4-840ef35b1521\" class=\"fn\"><a id=\"a8a527a3-d577-430c-92b4-840ef35b1521-link\" href=\"#a8a527a3-d577-430c-92b4-840ef35b1521\">16<\/a><\/sup>&nbsp;. Queste milizie operano nel Donbass dal 2014, con il sostegno dell&#8217;Occidente. Anche se si pu\u00f2 discutere sul termine &#8220;nazista&#8221;, resta il fatto che queste milizie sono violente, trasmettono un&#8217;ideologia nauseabonda e sono virulentemente antisemite. Il loro antisemitismo \u00e8 pi\u00f9 culturale che politico<sup data-fn=\"31c5d705-2127-4123-b5e8-871bb6da839c\" class=\"fn\"><a id=\"31c5d705-2127-4123-b5e8-871bb6da839c-link\" href=\"#31c5d705-2127-4123-b5e8-871bb6da839c\">17<\/a><\/sup>&nbsp;, motivo per cui il termine &#8220;nazista&#8221; non \u00e8 del tutto appropriato. Il loro odio per gli ebrei ha origine dalle grandi carestie degli anni Venti e Trenta in Ucraina, provocate dalla confisca dei raccolti da parte di Stalin per finanziare la modernizzazione dell&#8217;Armata Rossa. Ora, questo genocidio \u2013 noto in Ucraina come Holodomor \u2013 fu perpetrato dall\u2019NKVD (precursore del KGB), i cui alti ranghi erano composti principalmente da ebrei. Ecco perch\u00e9 oggi gli estremisti ucraini chiedono scusa a Israele per i crimini del comunismo<sup data-fn=\"016fcf3c-3428-46ef-ab07-2ffbd6de5102\" class=\"fn\"><a id=\"016fcf3c-3428-46ef-ab07-2ffbd6de5102-link\" href=\"#016fcf3c-3428-46ef-ab07-2ffbd6de5102\">18<\/a><\/sup>&nbsp;, come sottolinea il Jerusalem Post. Siamo quindi lontani da una &#8220;riscrittura della Storia<sup data-fn=\"6e810c92-9b32-476d-94ef-1f4b83ace5cf\" class=\"fn\"><a id=\"6e810c92-9b32-476d-94ef-1f4b83ace5cf-link\" href=\"#6e810c92-9b32-476d-94ef-1f4b83ace5cf\">19<\/a><\/sup>&nbsp;&#8221; da parte di Vladimir Putin.<\/p>\n\n\n\n<p>Queste milizie, nate dai gruppi di estrema destra che guidarono la rivoluzione di Euromaidan nel 2014, sono composte da individui fanatici e brutali. Il pi\u00f9 noto tra questi \u00e8 il Reggimento Azov, il cui emblema ricorda quello della 2a Divisione Panzer SS Das Reich , che \u00e8 oggetto di vera e propria venerazione in Ucraina, per aver liberato Kharkov dai Sovietici nel 1943, prima di perpetrare il massacro di Oradour-sur-Glane nel 1944, in Francia.<\/p>\n\n\n\n<p>Tra le figure di spicco del Reggimento Azov c&#8217;era l&#8217;oppositore Roman Protasevich, arrestato dalle autorit\u00e0 bielorusse nel 2021 in relazione all&#8217;incidente del volo FR4978 della RyanAir. Il 23 maggio 2021 si parl\u00f2 del dirottamento deliberato<sup data-fn=\"72be714f-71fe-4be7-9f5d-92c5aaaf398d\" class=\"fn\"><a id=\"72be714f-71fe-4be7-9f5d-92c5aaaf398d-link\" href=\"#72be714f-71fe-4be7-9f5d-92c5aaaf398d\">20<\/a><\/sup>&nbsp;di un aereo passeggeri da parte di un MiG-29 \u2013 con il consenso di Putin<sup data-fn=\"f44d1497-1aec-4d8d-829d-d762cf0511b9\" class=\"fn\"><a id=\"f44d1497-1aec-4d8d-829d-d762cf0511b9-link\" href=\"#f44d1497-1aec-4d8d-829d-d762cf0511b9\">21<\/a><\/sup>&nbsp;, ovviamente \u2013 per arrestare Protasevich, anche se le informazioni disponibili all&#8217;epoca<sup data-fn=\"702968e5-4211-4dc6-8960-8646598260a8\" class=\"fn\"><a id=\"702968e5-4211-4dc6-8960-8646598260a8-link\" href=\"#702968e5-4211-4dc6-8960-8646598260a8\">22<\/a><\/sup>&nbsp;non confermavano assolutamente questo scenario.<\/p>\n\n\n\n<p>Ma allora \u00e8 necessario dimostrare che il presidente Lukashenko \u00e8 un delinquente e Protasevich \u00e8 un &#8220;giornalista&#8221; amante della democrazia. Tuttavia, un&#8217;indagine piuttosto edificante, condotta da una ONG americana nel 2020<sup data-fn=\"6f0b9aec-127b-4cb1-aef9-d200363e8197\" class=\"fn\"><a id=\"6f0b9aec-127b-4cb1-aef9-d200363e8197-link\" href=\"#6f0b9aec-127b-4cb1-aef9-d200363e8197\">23<\/a><\/sup>&nbsp;, ha evidenziato le attivit\u00e0 militanti di estrema destra di Protasevich. Poi iniziarono a circolare teorie cospirative occidentali e media senza scrupoli &#8220;curarono&#8221; la sua biografia<sup data-fn=\"06abef8d-2ea6-4189-bf18-049778a99fff\" class=\"fn\"><a id=\"06abef8d-2ea6-4189-bf18-049778a99fff-link\" href=\"#06abef8d-2ea6-4189-bf18-049778a99fff\">24<\/a><\/sup>&nbsp;. Infine, nel gennaio 2022, \u00e8 stato pubblicato il rapporto dell&#8217;ICAO<sup data-fn=\"cfd70995-0b6e-4e3c-9e7f-2507df45f60a\" class=\"fn\"><a id=\"cfd70995-0b6e-4e3c-9e7f-2507df45f60a-link\" href=\"#cfd70995-0b6e-4e3c-9e7f-2507df45f60a\">25<\/a><\/sup>&nbsp;che ha dimostrato che, nonostante alcuni errori procedurali, la Bielorussia ha agito in conformit\u00e0 alle norme in vigore e che il MiG-29 \u00e8 decollato 15 minuti dopo che il pilota della RyanAir aveva deciso di atterrare a Minsk. Quindi nessuna cospirazione bielorussa, e ancora meno con Putin. Ah!&#8230; Ancora un dettaglio: Protasevich, crudelmente torturato<sup data-fn=\"8fc42c18-292e-4409-8b84-2e48b4fad085\" class=\"fn\"><a id=\"8fc42c18-292e-4409-8b84-2e48b4fad085-link\" href=\"#8fc42c18-292e-4409-8b84-2e48b4fad085\">26<\/a><\/sup>&nbsp;dalla polizia bielorussa, \u00e8 ora libero. Chi volesse comunicare con lui pu\u00f2 visitare il suo account Twitter<sup data-fn=\"c9c652f5-fd52-44a9-9ebb-1207b432c75b\" class=\"fn\"><a id=\"c9c652f5-fd52-44a9-9ebb-1207b432c75b-link\" href=\"#c9c652f5-fd52-44a9-9ebb-1207b432c75b\">27<\/a><\/sup>.<\/p>\n\n\n\n<p>L&#8217;etichettatura dei paramilitari ucraini come &#8220;nazisti&#8221; o &#8220;neo-nazisti&#8221; \u00e8 considerata propaganda russa<sup data-fn=\"2a70cfbe-ac13-4bae-aca6-0fb9a35665e3\" class=\"fn\"><a id=\"2a70cfbe-ac13-4bae-aca6-0fb9a35665e3-link\" href=\"#2a70cfbe-ac13-4bae-aca6-0fb9a35665e3\">28<\/a><\/sup>&nbsp;. Forse; ma questa non \u00e8 la posizione del Times of Israel<sup data-fn=\"9834e67d-229b-44ba-a11d-623e4b739957\" class=\"fn\"><a id=\"9834e67d-229b-44ba-a11d-623e4b739957-link\" href=\"#9834e67d-229b-44ba-a11d-623e4b739957\">29<\/a><\/sup>&nbsp;, del Simon Wiesenthal Center<sup data-fn=\"e49655ce-b13a-44bd-91ad-f258ae0ee3c9\" class=\"fn\"><a id=\"e49655ce-b13a-44bd-91ad-f258ae0ee3c9-link\" href=\"#e49655ce-b13a-44bd-91ad-f258ae0ee3c9\">30<\/a><\/sup>&nbsp;o del Center for Combating Terrorism<sup data-fn=\"82c104df-cd45-48e6-a9ea-95f2d34677b8\" class=\"fn\"><a id=\"82c104df-cd45-48e6-a9ea-95f2d34677b8-link\" href=\"#82c104df-cd45-48e6-a9ea-95f2d34677b8\">31<\/a><\/sup>&nbsp;della West Point Academy. Ma la questione resta controversa, perch\u00e9 nel 2014 la rivista Newsweek<sup data-fn=\"2397fcd5-6d1a-4953-bbed-62d61fbb46ca\" class=\"fn\"><a id=\"2397fcd5-6d1a-4953-bbed-62d61fbb46ca-link\" href=\"#2397fcd5-6d1a-4953-bbed-62d61fbb46ca\">32<\/a><\/sup>&nbsp;sembrava associarli&#8230; allo Stato Islamico. La scelta \u00e8 tua!<\/p>\n\n\n\n<p>Per questo motivo l&#8217;Occidente sostiene e continua ad armare milizie che dal 2014 si sono rese colpevoli di numerosi crimini contro le popolazioni civili<sup data-fn=\"da650f78-1a0f-483d-b94b-3d1203698d73\" class=\"fn\"><a id=\"da650f78-1a0f-483d-b94b-3d1203698d73-link\" href=\"#da650f78-1a0f-483d-b94b-3d1203698d73\">33<\/a><\/sup>&nbsp;: stupri, torture e massacri. Ma mentre il governo svizzero \u00e8 stato veloce nell&#8217;imporre sanzioni contro la Russia, non ne ha adottate contro l&#8217;Ucraina, che sta massacrando la sua stessa popolazione dal 2014. Infatti, i sostenitori dei diritti umani in Ucraina<sup data-fn=\"cfb4ed7e-5f22-47b4-b3bb-548ec2a91b53\" class=\"fn\"><a id=\"cfb4ed7e-5f22-47b4-b3bb-548ec2a91b53-link\" href=\"#cfb4ed7e-5f22-47b4-b3bb-548ec2a91b53\">34<\/a><\/sup>&nbsp;hanno da tempo condannato le azioni di questi gruppi, ma i nostri governi non hanno seguito l&#8217;esempio. Perch\u00e9 in realt\u00e0 non stiamo cercando di aiutare l&#8217;Ucraina, ma di combattere la Russia.<\/p>\n\n\n\n<p>L&#8217;integrazione di queste forze paramilitari nella Guardia Nazionale non \u00e8 stata affatto accompagnata da una &#8220;denazificazione&#8221;, come alcuni sostengono<sup data-fn=\"7d7482d0-8ee5-45a1-9de9-3e7e0cbcc911\" class=\"fn\"><a id=\"7d7482d0-8ee5-45a1-9de9-3e7e0cbcc911-link\" href=\"#7d7482d0-8ee5-45a1-9de9-3e7e0cbcc911\">35<\/a><\/sup>&nbsp;. Tra i tanti esempi, \u00e8 edificante quello del distintivo del Reggimento Azov:<\/p>\n\n\n\n<figure class=\"wp-block-image size-large\"><img loading=\"lazy\" decoding=\"async\" width=\"1024\" height=\"851\" src=\"https:\/\/senzatempo.org\/wp-content\/uploads\/2025\/12\/Simboli-nazi-ucraini-1024x851.jpg\" alt=\"\" class=\"wp-image-556\" srcset=\"https:\/\/senzatempo.org\/wp-content\/uploads\/2025\/12\/Simboli-nazi-ucraini-1024x851.jpg 1024w, https:\/\/senzatempo.org\/wp-content\/uploads\/2025\/12\/Simboli-nazi-ucraini-300x249.jpg 300w, https:\/\/senzatempo.org\/wp-content\/uploads\/2025\/12\/Simboli-nazi-ucraini-768x639.jpg 768w, https:\/\/senzatempo.org\/wp-content\/uploads\/2025\/12\/Simboli-nazi-ucraini.jpg 1536w\" sizes=\"auto, (max-width: 1024px) 100vw, 1024px\" \/><\/figure>\n\n\n\n<p>Nel 2022, molto schematicamente, le forze armate ucraine che combattono l&#8217;offensiva russa sono divise in:<\/p>\n\n\n\n<p>\u2013 Esercito, subordinato al Ministero della Difesa: \u00e8 diviso in 3 corpi d\u2019armata ed \u00e8 composto da formazioni di manovra (carri armati, artiglieria pesante, missili, ecc.).<\/p>\n\n\n\n<p>\u2013 Guardia Nazionale, che dipende dal Ministero dell\u2019Interno ed \u00e8 suddivisa in 5 comandi territoriali.<\/p>\n\n\n\n<p>La Guardia Nazionale \u00e8 quindi una forza di difesa territoriale che non fa parte dell&#8217;esercito ucraino. Ne fanno parte milizie paramilitari, chiamate &#8221; battaglioni di volontari&#8221; (\u0434\u043e\u0431\u0440\u043e\u0432\u043e\u043b\u044c\u0447\u0456 \u0431\u0430\u0442\u0430\u043b\u044c\u0439\u043e\u043d\u0456), note anche con il nome evocativo di &#8221; battaglioni di rappresaglia &#8220;, composte da fanteria. Addestrati principalmente per il combattimento urbano, ora assicurano la difesa di citt\u00e0 come Kharkov, Mariupol, Odessa, Kiev, ecc.<\/p>\n\n\n\n<hr class=\"wp-block-separator has-alpha-channel-opacity\"\/>\n\n\n\n<p>Gli eventi sono raccontati con dettagli che \u00e8 impossibile leggere sia nelle analisi dei soliti&nbsp;<em>Think Thank&nbsp;<\/em>che social e men che meno dai media. Quanto successo appare pi\u00f9 chiaro e comprensibile e tutto si sposa con i fatti di cronaca conosciuti, ma penso che l&#8217;autore abbia trascurato di dedicare almeno un paio di righe alla battaglia per l&#8217;aeroporto di Donetsk<sup data-fn=\"9326853b-4742-4f18-9347-7442f5116392\" class=\"fn\"><a id=\"9326853b-4742-4f18-9347-7442f5116392-link\" href=\"#9326853b-4742-4f18-9347-7442f5116392\">36<\/a><\/sup>&nbsp;, unica occasione in cui si sono intervenuti i russi che hanno determinato la sconfitta dei nazionalisti di Kiev.<\/p>\n\n\n\n<p>Il Post \u00e8 stato diviso in due parti:\u00a0<strong>1\u00b0 Parte,\u00a0<\/strong><a href=\"https:\/\/senzatempo.org\/index.php\/2025\/04\/07\/e-possibile-sapere-realmente-cosa-e-successo-e-cosa-sta-succedendo-in-ucraina-2-parte\/\" target=\"_blank\" rel=\"noreferrer noopener\">2\u00b0 Parte<\/a><strong>.<\/strong><\/p>\n\n\n\n<p><strong>Nota Bene<\/strong><br>I link che trovate a&nbsp;<em>pi\u00e8 di pagina<\/em>&nbsp;sono quelli originali e dopo tre anni potrebbero non funzionare per varie ragioni, la prima fra tutte la rimozione del contenuto o la chiusura dell&#8217;account che lo aveva inserito.<\/p>\n\n\n\n<hr class=\"wp-block-separator has-alpha-channel-opacity\"\/>\n\n\n\n<p><strong>Jacques Baud<\/strong>&nbsp;\u00e8 un ex colonnello dello Stato maggiore generale, ex membro dell&#8217;intelligence strategica svizzera ed esperto dei paesi dell&#8217;Europa orientale. Fu addestrato nei servizi segreti americani e britannici. Fu a capo della dottrina per le operazioni di pace delle Nazioni Unite. Esperto delle Nazioni Unite in materia di stato di diritto e istituzioni di sicurezza, ha progettato e guidato il primo servizio di intelligence multidimensionale delle Nazioni Unite in Sudan. Ha lavorato per l&#8217;Unione Africana ed \u00e8 stato responsabile della lotta alla proliferazione delle armi leggere presso la NATO per cinque anni. Subito dopo la caduta dell&#8217;URSS, ebbe modo di discutere con alti funzionari dell&#8217;esercito e dell&#8217;intelligence russa. All&#8217;interno della NATO, ha seguito la crisi ucraina del 2014, partecipando poi ai programmi di assistenza all&#8217;Ucraina. \u00c8 autore di numerosi libri su intelligence, guerra e terrorismo, tra cui Le D\u00e9tournement (Il dirottamento) pubblicato da SIGEST, Governing by Fake News, The Navalny Affair e Putin, Master of the Game? pubblicato da Max Milo.<\/p>\n\n\n\n<p>La sua ultima opera, \u00ab<strong>Putin, padrone del gioco?<\/strong>\u00bb, edizioni Max Milo, pubblicata il 16 marzo 2022.<\/p>\n\n\n\n<p><strong>Note a pi\u00e8 di pagina<\/strong><\/p>\n\n\n<ol class=\"wp-block-footnotes\"><li id=\"44539f4a-c83f-42cd-9bdc-a9e1df07fce1\"><a href=\"https:\/\/translate.google.com\/website?sl=fr&amp;tl=it-IT&amp;hl=it&amp;u=https%3A%2F%2Fwww.rts.ch%2Finfo%2Fmonde%2F6772950-les-separatistes-auraient-renforce-leurs-capacites-dattaque-en-ukraine.html\" target=\"_blank\" rel=\"noreferrer noopener\">Les s\u00e9paratistes auraient renforc\u00e9 leurs capacit\u00e9s d&#8217;attaque en Ukraine<\/a> <a href=\"#44539f4a-c83f-42cd-9bdc-a9e1df07fce1-link\" aria-label=\"Salta al riferimento nella nota a pi\u00e8 di pagina 1\">\u21a9\ufe0e<\/a><\/li><li id=\"f82f9bb3-8547-41db-ada2-394dd4321013\"><a href=\"https:\/\/translate.google.com\/website?sl=fr&amp;tl=it-IT&amp;hl=it&amp;u=https%3A%2F%2Fwww.rts.ch%2Finfo%2Fmonde%2F5839879-pres-de-90-de-oui-a-lindependance-a-donetsk-selon-les-prorusses.html\" target=\"_blank\" rel=\"noreferrer noopener\">Pr\u00e8s de 90% de oui \u00e0 l&#8217;ind\u00e9pendance \u00e0 Donetsk selon les pro-Russes<\/a> <a href=\"#f82f9bb3-8547-41db-ada2-394dd4321013-link\" aria-label=\"Salta al riferimento nella nota a pi\u00e8 di pagina 2\">\u21a9\ufe0e<\/a><\/li><li id=\"3d16e1ba-98f5-4fcc-b4bb-6cfcfa020639\"><a href=\"https:\/\/translate.google.com\/website?sl=fr&amp;tl=it-IT&amp;hl=it&amp;u=https%3A%2F%2Fupload.wikimedia.org%2Fwikipedia%2Fcommons%2F4%2F4d%2FDecree_on_holding_the_Donetsk_status_referendum.png\" target=\"_blank\" rel=\"noreferrer noopener\">Image on google.com<\/a> <a href=\"#3d16e1ba-98f5-4fcc-b4bb-6cfcfa020639-link\" aria-label=\"Salta al riferimento nella nota a pi\u00e8 di pagina 3\">\u21a9\ufe0e<\/a><\/li><li id=\"010ed22c-19a4-41b4-83b4-4b76241679de\"><a href=\"https:\/\/www.securitycouncilreport.org\/atf\/cf\/%7B65BFCF9B-6D27-4E9C-8CD3-CF6E4FF96FF9%7D\/s_res_2202.pdf\" target=\"_blank\" rel=\"noreferrer noopener\">https:\/\/www.securitycouncilreport.org\/atf\/cf\/%7B65BFCF9B-6D27-4E9C-8CD3-CF6E4FF96FF9%7D\/s_res_2202.pdf<\/a> <a href=\"#010ed22c-19a4-41b4-83b4-4b76241679de-link\" aria-label=\"Salta al riferimento nella nota a pi\u00e8 di pagina 4\">\u21a9\ufe0e<\/a><\/li><li id=\"21150927-68e9-4dbc-b856-0a032528a997\"><a href=\"https:\/\/foreignpolicy.com\/2018\/10\/25\/counting-the-dead-in-europes-forgotten-war-ukraine-conflict-donbass-osce\/\" target=\"_blank\" rel=\"noreferrer noopener\">Counting the Dead in Europe\u2019s Forgotten War<\/a> <a href=\"#21150927-68e9-4dbc-b856-0a032528a997-link\" aria-label=\"Salta al riferimento nella nota a pi\u00e8 di pagina 5\">\u21a9\ufe0e<\/a><\/li><li id=\"08125144-7d93-495f-b3d9-284c217ba8f5\"><a href=\"https:\/\/www.washingtonpost.com\/national-security\/russia-ukraine-invasion\/2021\/12\/03\/98a3760e-546b-11ec-8769-2f4ecdf7a2ad_story.html\" target=\"_blank\" rel=\"noreferrer noopener\">https:\/\/www.washingtonpost.com\/national-security\/russia-ukraine-invasion\/2021\/12\/03\/98a3760e-546b-11ec-8769-2f4ecdf7a2ad_story.html<\/a> <a href=\"#08125144-7d93-495f-b3d9-284c217ba8f5-link\" aria-label=\"Salta al riferimento nella nota a pi\u00e8 di pagina 6\">\u21a9\ufe0e<\/a><\/li><li id=\"82523558-83d3-43a8-ae64-d67cbb7f50fd\"><a href=\"https:\/\/www.kyivpost.com\/article\/content\/war-against-ukraine\/sbu-registers-involvement-of-56-russian-in-military-actions-against-ukraine-since-military-conflict-in-eastern-ukraien-unfolded-399718.html\" target=\"_blank\" rel=\"noreferrer noopener\">https:\/\/www.kyivpost.com\/article\/content\/war-against-ukraine\/sbu-registers-involvement-of-56-russian-in-military-actions-against-ukraine-since-military-conflict-in-eastern-ukraien-unfolded-399718.html<\/a> <a href=\"#82523558-83d3-43a8-ae64-d67cbb7f50fd-link\" aria-label=\"Salta al riferimento nella nota a pi\u00e8 di pagina 7\">\u21a9\ufe0e<\/a><\/li><li id=\"edc153ce-fecd-4695-af7b-56cc2c1bafdf\"><a href=\"https:\/\/vesti.ua\/strana\/309880-nazvany-neboevye-poteri-vsu-na-donbasse\" target=\"_blank\" rel=\"noreferrer noopener\">https:\/\/vesti.ua\/strana\/309880-nazvany-neboevye-poteri-vsu-na-donbasse<\/a> <a href=\"#edc153ce-fecd-4695-af7b-56cc2c1bafdf-link\" aria-label=\"Salta al riferimento nella nota a pi\u00e8 di pagina 8\">\u21a9\ufe0e<\/a><\/li><li id=\"286a64e6-4ccc-4ed6-9e77-af203741b85e\"><a href=\"https:\/\/www.justice.gov\/eoir\/page\/file\/1008261\/download\" target=\"_blank\" rel=\"noreferrer noopener\">https:\/\/www.justice.gov\/eoir\/page\/file\/1008261\/download<\/a> <a href=\"#286a64e6-4ccc-4ed6-9e77-af203741b85e-link\" aria-label=\"Salta al riferimento nella nota a pi\u00e8 di pagina 9\">\u21a9\ufe0e<\/a><\/li><li id=\"fb9ba20e-0567-4269-96a0-f5f3541d094b\"><a href=\"https:\/\/ipress.ua\/ru\/news\/v_vsu_zayavyly_o_70_neyavky_vo_vremya_osennego_pryziva_237367.html\" target=\"_blank\" rel=\"noreferrer noopener\">\u0412 \u0412\u0421\u0423 \u0437\u0430\u044f\u0432\u0438\u043b\u0438 \u043e 70% \u043d\u0435\u044f\u0432\u043a\u0438 \u0432\u043e \u0432\u0440\u0435\u043c\u044f \u043e\u0441\u0435\u043d\u043d\u0435\u0433\u043e \u043f\u0440\u0438\u0437\u044b\u0432\u0430<\/a> <a href=\"#fb9ba20e-0567-4269-96a0-f5f3541d094b-link\" aria-label=\"Salta al riferimento nella nota a pi\u00e8 di pagina 10\">\u21a9\ufe0e<\/a><\/li><li id=\"8ca40544-8b71-44ca-93a0-ad43b2cc75b5\"><a href=\"https:\/\/observer.com\/2017\/06\/ukraine-war-soldiers-suicide\/\" target=\"_blank\" rel=\"noreferrer noopener\">Why Are So Many Ukrainian Soldiers Committing Suicide?<\/a> <a href=\"#8ca40544-8b71-44ca-93a0-ad43b2cc75b5-link\" aria-label=\"Salta al riferimento nella nota a pi\u00e8 di pagina 11\">\u21a9\ufe0e<\/a><\/li><li id=\"5abb06ef-89e9-4dc0-8d7c-7e9a52d6c955\"><a href=\"https:\/\/www.refworld.org\/docid\/593a581b4.html\" target=\"_blank\" rel=\"noreferrer noopener\">Fact Finding Mission Report &#8211; Ukraine | Refworld<\/a> <a href=\"#5abb06ef-89e9-4dc0-8d7c-7e9a52d6c955-link\" aria-label=\"Salta al riferimento nella nota a pi\u00e8 di pagina 12\">\u21a9\ufe0e<\/a><\/li><li id=\"905b9125-d556-4f9d-ad15-83d6c5969d4c\"><a href=\"https:\/\/graphics.reuters.com\/RUSSIA-UKRAINE\/dwpkrkwkgvm\/\" target=\"_blank\" rel=\"noreferrer noopener\">Ukraine and Russia on the edge of war<\/a> <a href=\"#905b9125-d556-4f9d-ad15-83d6c5969d4c-link\" aria-label=\"Salta al riferimento nella nota a pi\u00e8 di pagina 13\">\u21a9\ufe0e<\/a><\/li><li id=\"8ceb2ace-d1e9-48b5-9ed6-06f0dc53f2a8\"><a href=\"https:\/\/www.usatoday.com\/story\/news\/world\/2022\/03\/05\/russia-invasion-ukraine-attention-extremist-regiment-nazi\/9368016002\/?gnt-cfr=1\" target=\"_blank\" rel=\"noreferrer noopener\">A regiment in Ukraine&#8217;s military was founded by white supremacists. Now it&#8217;s battling Russia on the front lines.<\/a> <a href=\"#8ceb2ace-d1e9-48b5-9ed6-06f0dc53f2a8-link\" aria-label=\"Salta al riferimento nella nota a pi\u00e8 di pagina 14\">\u21a9\ufe0e<\/a><\/li><li id=\"c3e49219-67fa-4ad2-831d-ab0d2125887a\"><a href=\"https:\/\/www.jpost.com\/diaspora\/western-countries-training-far-right-extremists-in-ukraine-report-682411\" target=\"_blank\" rel=\"noreferrer noopener\">Western countries training far-right extremists in Ukraine &#8211; report<\/a> <a href=\"#c3e49219-67fa-4ad2-831d-ab0d2125887a-link\" aria-label=\"Salta al riferimento nella nota a pi\u00e8 di pagina 15\">\u21a9\ufe0e<\/a><\/li><li id=\"a8a527a3-d577-430c-92b4-840ef35b1521\"><a href=\"https:\/\/www.illiberalism.org\/wp-content\/uploads\/2021\/09\/IERES-Papers-no-11-September-2021-FINAL.pdf\" target=\"_blank\" rel=\"noreferrer noopener\">https:\/\/www.illiberalism.org\/wp-content\/uploads\/2021\/09\/IERES-Papers-no-11-September-2021-FINAL.pdf<\/a> <a href=\"#a8a527a3-d577-430c-92b4-840ef35b1521-link\" aria-label=\"Salta al riferimento nella nota a pi\u00e8 di pagina 16\">\u21a9\ufe0e<\/a><\/li><li id=\"31c5d705-2127-4123-b5e8-871bb6da839c\"><a href=\"https:\/\/www.jpost.com\/diaspora\/ukraine-progressively-restores-historical-memory-about-jews-652438\" target=\"_blank\" rel=\"noreferrer noopener\">Ukraine progressively restores historical memory about Jews<\/a> <a href=\"#31c5d705-2127-4123-b5e8-871bb6da839c-link\" aria-label=\"Salta al riferimento nella nota a pi\u00e8 di pagina 17\">\u21a9\ufe0e<\/a><\/li><li id=\"016fcf3c-3428-46ef-ab07-2ffbd6de5102\"><a href=\"https:\/\/www.jpost.com\/diaspora\/antisemitism\/far-right-protesters-in-ukraine-demand-israel-apologize-for-communism-654711\" target=\"_blank\" rel=\"noreferrer noopener\">Far-right protesters in Ukraine demand Israel apologize for communism<\/a> <a href=\"#016fcf3c-3428-46ef-ab07-2ffbd6de5102-link\" aria-label=\"Salta al riferimento nella nota a pi\u00e8 di pagina 18\">\u21a9\ufe0e<\/a><\/li><li id=\"6e810c92-9b32-476d-94ef-1f4b83ace5cf\"><a href=\"https:\/\/www.rts.ch\/info\/monde\/12928403-podcast-ukrainerussie-cest-quoi-cette-histoire-de-nazis.html\" target=\"_blank\" rel=\"noreferrer noopener\">Podcast &#8211; Ukraine-Russie: c&#8217;est quoi cette histoire de nazis?<\/a> <a href=\"#6e810c92-9b32-476d-94ef-1f4b83ace5cf-link\" aria-label=\"Salta al riferimento nella nota a pi\u00e8 di pagina 19\">\u21a9\ufe0e<\/a><\/li><li id=\"72be714f-71fe-4be7-9f5d-92c5aaaf398d\"><a href=\"https:\/\/www.rts.ch\/info\/monde\/12220530-la-bielorussie-a-arrete-un-militant-apres-avoir-intercepte-son-avion.html\" target=\"_blank\" rel=\"noreferrer noopener\">La Bi\u00e9lorussie a arr\u00eat\u00e9 un militant apr\u00e8s avoir intercept\u00e9 son avion<\/a> <a href=\"#72be714f-71fe-4be7-9f5d-92c5aaaf398d-link\" aria-label=\"Salta al riferimento nella nota a pi\u00e8 di pagina 20\">\u21a9\ufe0e<\/a><\/li><li id=\"f44d1497-1aec-4d8d-829d-d762cf0511b9\"><a href=\"https:\/\/youtu.be\/-LfZt4ESJ44?t=148\" target=\"_blank\" rel=\"noreferrer noopener\">https:\/\/youtu.be\/-LfZt4ESJ44?t=148<\/a> <a href=\"#f44d1497-1aec-4d8d-829d-d762cf0511b9-link\" aria-label=\"Salta al riferimento nella nota a pi\u00e8 di pagina 21\">\u21a9\ufe0e<\/a><\/li><li id=\"702968e5-4211-4dc6-8960-8646598260a8\"><a href=\"https:\/\/www.belta.by\/president\/view\/komandu-prinjat-v-minske-zaminirovannyj-samolet-ryanair-dal-lichno-lukashenko-442580-2021\/)\" target=\"_blank\" rel=\"noreferrer noopener\">https:\/\/www.belta.by\/president\/view\/komandu-prinjat-v-minske-zaminirovannyj-samolet-ryanair-dal-lichno-lukashenko-442580-2021\/)<\/a> <a href=\"#702968e5-4211-4dc6-8960-8646598260a8-link\" aria-label=\"Salta al riferimento nella nota a pi\u00e8 di pagina 22\">\u21a9\ufe0e<\/a><\/li><li id=\"6f0b9aec-127b-4cb1-aef9-d200363e8197\"><a href=\"https:\/\/www.foiaresearch.net\/person\/roman-protasevich\" target=\"_blank\" rel=\"noreferrer noopener\">Roman Protasevich<\/a> <a href=\"#6f0b9aec-127b-4cb1-aef9-d200363e8197-link\" aria-label=\"Salta al riferimento nella nota a pi\u00e8 di pagina 23\">\u21a9\ufe0e<\/a><\/li><li id=\"06abef8d-2ea6-4189-bf18-049778a99fff\"><a href=\"https:\/\/www.rts.ch\/audio-podcast\/2021\/audio\/portrait-de-l-opposant-belarusse-roman-protassevitch-25201392.html\" target=\"_blank\" rel=\"noreferrer noopener\">Portrait de l\u2019opposant b\u00e9larusse Roman Protassevitch<\/a> <a href=\"#06abef8d-2ea6-4189-bf18-049778a99fff-link\" aria-label=\"Salta al riferimento nella nota a pi\u00e8 di pagina 24\">\u21a9\ufe0e<\/a><\/li><li id=\"cfd70995-0b6e-4e3c-9e7f-2507df45f60a\"><a href=\"https:\/\/www.politico.eu\/wp-content\/uploads\/2022\/01\/19\/ICAO-Fact-Finding-Investigation-Report_FR497849.pdf\" target=\"_blank\" rel=\"noreferrer noopener\">https:\/\/www.politico.eu\/wp-content\/uploads\/2022\/01\/19\/ICAO-Fact-Finding-Investigation-Report_FR497849.pdf<\/a> <a href=\"#cfd70995-0b6e-4e3c-9e7f-2507df45f60a-link\" aria-label=\"Salta al riferimento nella nota a pi\u00e8 di pagina 25\">\u21a9\ufe0e<\/a><\/li><li id=\"8fc42c18-292e-4409-8b84-2e48b4fad085\"><a href=\"https:\/\/ici.radio-canada.ca\/nouvelle\/1798764\/opposant-belarus-entrevue-television-torture-interdiction-vols-ue\" target=\"_blank\" rel=\"noreferrer noopener\">Roman Protassevitch : des aveux extorqu\u00e9s par la torture, d\u00e9noncent ses proches<\/a> <a href=\"#8fc42c18-292e-4409-8b84-2e48b4fad085-link\" aria-label=\"Salta al riferimento nella nota a pi\u00e8 di pagina 26\">\u21a9\ufe0e<\/a><\/li><li id=\"c9c652f5-fd52-44a9-9ebb-1207b432c75b\"><a href=\"https:\/\/twitter.com\/protas_by\" target=\"_blank\" rel=\"noreferrer noopener\">https:\/\/twitter.com\/protas_by<\/a> <a href=\"#c9c652f5-fd52-44a9-9ebb-1207b432c75b-link\" aria-label=\"Salta al riferimento nella nota a pi\u00e8 di pagina 27\">\u21a9\ufe0e<\/a><\/li><li id=\"2a70cfbe-ac13-4bae-aca6-0fb9a35665e3\"><a href=\"https:\/\/www.lemonde.fr\/international\/live\/2021\/05\/28\/avion-detourne-par-la-bielorussie-sanctions-de-l-union-europeenne-posez-vos-questions_6081892_3210.html\">Avion d\u00e9tourn\u00e9 par la Bi\u00e9lorussie, sanctions de l\u2019Union europ\u00e9enne : nos r\u00e9ponses \u00e0 vos questions<\/a> <a href=\"#2a70cfbe-ac13-4bae-aca6-0fb9a35665e3-link\" aria-label=\"Salta al riferimento nella nota a pi\u00e8 di pagina 28\">\u21a9\ufe0e<\/a><\/li><li id=\"9834e67d-229b-44ba-a11d-623e4b739957\"><a href=\"https:\/\/www.timesofisrael.com\/hundreds-march-in-ukraine-in-annual-tribute-to-nazi-collaborator\/\" target=\"_blank\" rel=\"noreferrer noopener\">https:\/\/www.timesofisrael.com\/hundreds-march-in-ukraine-in-annual-tribute-to-nazi-collaborator\/<\/a> <a href=\"#9834e67d-229b-44ba-a11d-623e4b739957-link\" aria-label=\"Salta al riferimento nella nota a pi\u00e8 di pagina 29\">\u21a9\ufe0e<\/a><\/li><li id=\"e49655ce-b13a-44bd-91ad-f258ae0ee3c9\"><a href=\"https:\/\/www.thenation.com\/article\/politics\/neo-nazis-far-right-ukraine\/\" target=\"_blank\" rel=\"noreferrer noopener\">Neo-Nazis and the Far Right Are On the March in Ukraine<\/a> <a href=\"#e49655ce-b13a-44bd-91ad-f258ae0ee3c9-link\" aria-label=\"Salta al riferimento nella nota a pi\u00e8 di pagina 30\">\u21a9\ufe0e<\/a><\/li><li id=\"82c104df-cd45-48e6-a9ea-95f2d34677b8\"><a href=\"https:\/\/ctc.usma.edu\/wp-content\/uploads\/2020\/04\/CTC-SENTINEL-042020.pdf\" target=\"_blank\" rel=\"noreferrer noopener\">https:\/\/ctc.usma.edu\/wp-content\/uploads\/2020\/04\/CTC-SENTINEL-042020.pdf<\/a> <a href=\"#82c104df-cd45-48e6-a9ea-95f2d34677b8-link\" aria-label=\"Salta al riferimento nella nota a pi\u00e8 di pagina 31\">\u21a9\ufe0e<\/a><\/li><li id=\"2397fcd5-6d1a-4953-bbed-62d61fbb46ca\"><a href=\"https:\/\/www.newsweek.com\/evidence-war-crimes-committed-ukrainian-nationalist-volunteers-grows-269604\" target=\"_blank\" rel=\"noreferrer noopener\">Ukrainian Nationalist Volunteers Committing &#8216;ISIS-Style&#8217; War Crimes<\/a> <a href=\"#2397fcd5-6d1a-4953-bbed-62d61fbb46ca-link\" aria-label=\"Salta al riferimento nella nota a pi\u00e8 di pagina 32\">\u21a9\ufe0e<\/a><\/li><li id=\"da650f78-1a0f-483d-b94b-3d1203698d73\"><a href=\"https:\/\/www.osce.org\/files\/f\/documents\/e\/7\/233896.pdf\" target=\"_blank\" rel=\"noreferrer noopener\">https:\/\/www.osce.org\/files\/f\/documents\/e\/7\/233896.pdf<\/a> <a href=\"#da650f78-1a0f-483d-b94b-3d1203698d73-link\" aria-label=\"Salta al riferimento nella nota a pi\u00e8 di pagina 33\">\u21a9\ufe0e<\/a><\/li><li id=\"cfb4ed7e-5f22-47b4-b3bb-548ec2a91b53\"><a href=\"https:\/\/www.osce.org\/files\/f\/documents\/6\/0\/394781.pdf\" target=\"_blank\" rel=\"noreferrer noopener\">https:\/\/www.osce.org\/files\/f\/documents\/6\/0\/394781.pdf<\/a> <a href=\"#cfb4ed7e-5f22-47b4-b3bb-548ec2a91b53-link\" aria-label=\"Salta al riferimento nella nota a pi\u00e8 di pagina 34\">\u21a9\ufe0e<\/a><\/li><li id=\"7d7482d0-8ee5-45a1-9de9-3e7e0cbcc911\"><a href=\"https:\/\/www.rts.ch\/info\/monde\/12928403-podcast-ukrainerussie-cest-quoi-cette-histoire-de-nazis.html\" target=\"_blank\" rel=\"noreferrer noopener\">Podcast &#8211; Ukraine-Russie: c&#8217;est quoi cette histoire de nazis?<\/a> <a href=\"#7d7482d0-8ee5-45a1-9de9-3e7e0cbcc911-link\" aria-label=\"Salta al riferimento nella nota a pi\u00e8 di pagina 35\">\u21a9\ufe0e<\/a><\/li><li id=\"9326853b-4742-4f18-9347-7442f5116392\"><a href=\"https:\/\/senzatempo.org\/index.php\/2025\/04\/08\/la-battaglia-dimenticata-dellaeroporto-di-donetsk\/\" target=\"_blank\" rel=\"noreferrer noopener\">La battaglia dimenticata dell&#8217;aeroporto di Donetsk<\/a> <a href=\"#9326853b-4742-4f18-9347-7442f5116392-link\" aria-label=\"Salta al riferimento nella nota a pi\u00e8 di pagina 36\">\u21a9\ufe0e<\/a><\/li><\/ol>\n\n\n<p><\/p>\n","protected":false},"excerpt":{"rendered":"Jacques Baud (Ex colonnello dello Stato maggiore generale, ex membro dell&#8217;intelligence strategica svizzera, specialista nei paesi dell&#8217;Europa orientale.)\nLa situation militaire en Ukraine > Centre Fran\u00e7ais de Recherche sur le Renseignement.\n","protected":false},"author":1,"featured_media":555,"comment_status":"open","ping_status":"open","sticky":false,"template":"","format":"standard","meta":{"_monsterinsights_skip_tracking":false,"_monsterinsights_sitenote_active":false,"_monsterinsights_sitenote_note":"","_monsterinsights_sitenote_category":0,"footnotes":"[{\"content\":\"<a href=\\\"https:\/\/translate.google.com\/website?sl=fr&amp;tl=it-IT&amp;hl=it&amp;u=https%3A%2F%2Fwww.rts.ch%2Finfo%2Fmonde%2F6772950-les-separatistes-auraient-renforce-leurs-capacites-dattaque-en-ukraine.html\\\" target=\\\"_blank\\\" rel=\\\"noreferrer noopener\\\">Les s\u00e9paratistes auraient renforc\u00e9 leurs capacit\u00e9s d'attaque en Ukraine<\/a>\",\"id\":\"44539f4a-c83f-42cd-9bdc-a9e1df07fce1\"},{\"content\":\"<a href=\\\"https:\/\/translate.google.com\/website?sl=fr&amp;tl=it-IT&amp;hl=it&amp;u=https%3A%2F%2Fwww.rts.ch%2Finfo%2Fmonde%2F5839879-pres-de-90-de-oui-a-lindependance-a-donetsk-selon-les-prorusses.html\\\" target=\\\"_blank\\\" rel=\\\"noreferrer noopener\\\">Pr\u00e8s de 90% de oui \u00e0 l'ind\u00e9pendance \u00e0 Donetsk selon les pro-Russes<\/a>\",\"id\":\"f82f9bb3-8547-41db-ada2-394dd4321013\"},{\"content\":\"<a href=\\\"https:\/\/translate.google.com\/website?sl=fr&amp;tl=it-IT&amp;hl=it&amp;u=https%3A%2F%2Fupload.wikimedia.org%2Fwikipedia%2Fcommons%2F4%2F4d%2FDecree_on_holding_the_Donetsk_status_referendum.png\\\" target=\\\"_blank\\\" rel=\\\"noreferrer noopener\\\">Image on google.com<\/a>\",\"id\":\"3d16e1ba-98f5-4fcc-b4bb-6cfcfa020639\"},{\"content\":\"<a href=\\\"https:\/\/www.securitycouncilreport.org\/atf\/cf\/%7B65BFCF9B-6D27-4E9C-8CD3-CF6E4FF96FF9%7D\/s_res_2202.pdf\\\" target=\\\"_blank\\\" rel=\\\"noreferrer noopener\\\">https:\/\/www.securitycouncilreport.org\/atf\/cf\/%7B65BFCF9B-6D27-4E9C-8CD3-CF6E4FF96FF9%7D\/s_res_2202.pdf<\/a>\",\"id\":\"010ed22c-19a4-41b4-83b4-4b76241679de\"},{\"content\":\"<a href=\\\"https:\/\/foreignpolicy.com\/2018\/10\/25\/counting-the-dead-in-europes-forgotten-war-ukraine-conflict-donbass-osce\/\\\" target=\\\"_blank\\\" rel=\\\"noreferrer noopener\\\">Counting the Dead in Europe\u2019s Forgotten War<\/a>\",\"id\":\"21150927-68e9-4dbc-b856-0a032528a997\"},{\"content\":\"<a href=\\\"https:\/\/www.washingtonpost.com\/national-security\/russia-ukraine-invasion\/2021\/12\/03\/98a3760e-546b-11ec-8769-2f4ecdf7a2ad_story.html\\\" target=\\\"_blank\\\" rel=\\\"noreferrer noopener\\\">https:\/\/www.washingtonpost.com\/national-security\/russia-ukraine-invasion\/2021\/12\/03\/98a3760e-546b-11ec-8769-2f4ecdf7a2ad_story.html<\/a>\",\"id\":\"08125144-7d93-495f-b3d9-284c217ba8f5\"},{\"content\":\"<a href=\\\"https:\/\/www.kyivpost.com\/article\/content\/war-against-ukraine\/sbu-registers-involvement-of-56-russian-in-military-actions-against-ukraine-since-military-conflict-in-eastern-ukraien-unfolded-399718.html\\\" target=\\\"_blank\\\" rel=\\\"noreferrer noopener\\\">https:\/\/www.kyivpost.com\/article\/content\/war-against-ukraine\/sbu-registers-involvement-of-56-russian-in-military-actions-against-ukraine-since-military-conflict-in-eastern-ukraien-unfolded-399718.html<\/a>\",\"id\":\"82523558-83d3-43a8-ae64-d67cbb7f50fd\"},{\"content\":\"<a href=\\\"https:\/\/vesti.ua\/strana\/309880-nazvany-neboevye-poteri-vsu-na-donbasse\\\" target=\\\"_blank\\\" rel=\\\"noreferrer noopener\\\">https:\/\/vesti.ua\/strana\/309880-nazvany-neboevye-poteri-vsu-na-donbasse<\/a>\",\"id\":\"edc153ce-fecd-4695-af7b-56cc2c1bafdf\"},{\"content\":\"<a href=\\\"https:\/\/www.justice.gov\/eoir\/page\/file\/1008261\/download\\\" target=\\\"_blank\\\" rel=\\\"noreferrer noopener\\\">https:\/\/www.justice.gov\/eoir\/page\/file\/1008261\/download<\/a>\",\"id\":\"286a64e6-4ccc-4ed6-9e77-af203741b85e\"},{\"content\":\"<a href=\\\"https:\/\/ipress.ua\/ru\/news\/v_vsu_zayavyly_o_70_neyavky_vo_vremya_osennego_pryziva_237367.html\\\" target=\\\"_blank\\\" rel=\\\"noreferrer noopener\\\">\u0412 \u0412\u0421\u0423 \u0437\u0430\u044f\u0432\u0438\u043b\u0438 \u043e 70% \u043d\u0435\u044f\u0432\u043a\u0438 \u0432\u043e \u0432\u0440\u0435\u043c\u044f \u043e\u0441\u0435\u043d\u043d\u0435\u0433\u043e \u043f\u0440\u0438\u0437\u044b\u0432\u0430<\/a>\",\"id\":\"fb9ba20e-0567-4269-96a0-f5f3541d094b\"},{\"content\":\"<a href=\\\"https:\/\/observer.com\/2017\/06\/ukraine-war-soldiers-suicide\/\\\" target=\\\"_blank\\\" rel=\\\"noreferrer noopener\\\">Why Are So Many Ukrainian Soldiers Committing Suicide?<\/a>\",\"id\":\"8ca40544-8b71-44ca-93a0-ad43b2cc75b5\"},{\"content\":\"<a href=\\\"https:\/\/www.refworld.org\/docid\/593a581b4.html\\\" target=\\\"_blank\\\" rel=\\\"noreferrer noopener\\\">Fact Finding Mission Report - Ukraine | Refworld<\/a>\",\"id\":\"5abb06ef-89e9-4dc0-8d7c-7e9a52d6c955\"},{\"content\":\"<a href=\\\"https:\/\/graphics.reuters.com\/RUSSIA-UKRAINE\/dwpkrkwkgvm\/\\\" target=\\\"_blank\\\" rel=\\\"noreferrer noopener\\\">Ukraine and Russia on the edge of war<\/a>\",\"id\":\"905b9125-d556-4f9d-ad15-83d6c5969d4c\"},{\"content\":\"<a href=\\\"https:\/\/www.usatoday.com\/story\/news\/world\/2022\/03\/05\/russia-invasion-ukraine-attention-extremist-regiment-nazi\/9368016002\/?gnt-cfr=1\\\" target=\\\"_blank\\\" rel=\\\"noreferrer noopener\\\">A regiment in Ukraine's military was founded by white supremacists. Now it's battling Russia on the front lines.<\/a>\",\"id\":\"8ceb2ace-d1e9-48b5-9ed6-06f0dc53f2a8\"},{\"content\":\"<a href=\\\"https:\/\/www.jpost.com\/diaspora\/western-countries-training-far-right-extremists-in-ukraine-report-682411\\\" target=\\\"_blank\\\" rel=\\\"noreferrer noopener\\\">Western countries training far-right extremists in Ukraine - report<\/a>\",\"id\":\"c3e49219-67fa-4ad2-831d-ab0d2125887a\"},{\"content\":\"<a href=\\\"https:\/\/www.illiberalism.org\/wp-content\/uploads\/2021\/09\/IERES-Papers-no-11-September-2021-FINAL.pdf\\\" target=\\\"_blank\\\" rel=\\\"noreferrer noopener\\\">https:\/\/www.illiberalism.org\/wp-content\/uploads\/2021\/09\/IERES-Papers-no-11-September-2021-FINAL.pdf<\/a>\",\"id\":\"a8a527a3-d577-430c-92b4-840ef35b1521\"},{\"content\":\"<a href=\\\"https:\/\/www.jpost.com\/diaspora\/ukraine-progressively-restores-historical-memory-about-jews-652438\\\" target=\\\"_blank\\\" rel=\\\"noreferrer noopener\\\">Ukraine progressively restores historical memory about Jews<\/a>\",\"id\":\"31c5d705-2127-4123-b5e8-871bb6da839c\"},{\"content\":\"<a href=\\\"https:\/\/www.jpost.com\/diaspora\/antisemitism\/far-right-protesters-in-ukraine-demand-israel-apologize-for-communism-654711\\\" target=\\\"_blank\\\" rel=\\\"noreferrer noopener\\\">Far-right protesters in Ukraine demand Israel apologize for communism<\/a>\",\"id\":\"016fcf3c-3428-46ef-ab07-2ffbd6de5102\"},{\"content\":\"<a href=\\\"https:\/\/www.rts.ch\/info\/monde\/12928403-podcast-ukrainerussie-cest-quoi-cette-histoire-de-nazis.html\\\" target=\\\"_blank\\\" rel=\\\"noreferrer noopener\\\">Podcast - Ukraine-Russie: c'est quoi cette histoire de nazis?<\/a>\",\"id\":\"6e810c92-9b32-476d-94ef-1f4b83ace5cf\"},{\"content\":\"<a href=\\\"https:\/\/www.rts.ch\/info\/monde\/12220530-la-bielorussie-a-arrete-un-militant-apres-avoir-intercepte-son-avion.html\\\" target=\\\"_blank\\\" rel=\\\"noreferrer noopener\\\">La Bi\u00e9lorussie a arr\u00eat\u00e9 un militant apr\u00e8s avoir intercept\u00e9 son avion<\/a>\",\"id\":\"72be714f-71fe-4be7-9f5d-92c5aaaf398d\"},{\"content\":\"<a href=\\\"https:\/\/youtu.be\/-LfZt4ESJ44?t=148\\\" target=\\\"_blank\\\" rel=\\\"noreferrer noopener\\\">https:\/\/youtu.be\/-LfZt4ESJ44?t=148<\/a>\",\"id\":\"f44d1497-1aec-4d8d-829d-d762cf0511b9\"},{\"content\":\"<a href=\\\"https:\/\/www.belta.by\/president\/view\/komandu-prinjat-v-minske-zaminirovannyj-samolet-ryanair-dal-lichno-lukashenko-442580-2021\/)\\\" target=\\\"_blank\\\" rel=\\\"noreferrer noopener\\\">https:\/\/www.belta.by\/president\/view\/komandu-prinjat-v-minske-zaminirovannyj-samolet-ryanair-dal-lichno-lukashenko-442580-2021\/)<\/a>\",\"id\":\"702968e5-4211-4dc6-8960-8646598260a8\"},{\"content\":\"<a href=\\\"https:\/\/www.foiaresearch.net\/person\/roman-protasevich\\\" target=\\\"_blank\\\" rel=\\\"noreferrer noopener\\\">Roman Protasevich<\/a>\",\"id\":\"6f0b9aec-127b-4cb1-aef9-d200363e8197\"},{\"content\":\"<a href=\\\"https:\/\/www.rts.ch\/audio-podcast\/2021\/audio\/portrait-de-l-opposant-belarusse-roman-protassevitch-25201392.html\\\" target=\\\"_blank\\\" rel=\\\"noreferrer noopener\\\">Portrait de l\u2019opposant b\u00e9larusse Roman Protassevitch<\/a>\",\"id\":\"06abef8d-2ea6-4189-bf18-049778a99fff\"},{\"content\":\"<a href=\\\"https:\/\/www.politico.eu\/wp-content\/uploads\/2022\/01\/19\/ICAO-Fact-Finding-Investigation-Report_FR497849.pdf\\\" target=\\\"_blank\\\" rel=\\\"noreferrer noopener\\\">https:\/\/www.politico.eu\/wp-content\/uploads\/2022\/01\/19\/ICAO-Fact-Finding-Investigation-Report_FR497849.pdf<\/a>\",\"id\":\"cfd70995-0b6e-4e3c-9e7f-2507df45f60a\"},{\"content\":\"<a href=\\\"https:\/\/ici.radio-canada.ca\/nouvelle\/1798764\/opposant-belarus-entrevue-television-torture-interdiction-vols-ue\\\" target=\\\"_blank\\\" rel=\\\"noreferrer noopener\\\">Roman Protassevitch : des aveux extorqu\u00e9s par la torture, d\u00e9noncent ses proches<\/a>\",\"id\":\"8fc42c18-292e-4409-8b84-2e48b4fad085\"},{\"content\":\"<a href=\\\"https:\/\/twitter.com\/protas_by\\\" target=\\\"_blank\\\" rel=\\\"noreferrer noopener\\\">https:\/\/twitter.com\/protas_by<\/a>\",\"id\":\"c9c652f5-fd52-44a9-9ebb-1207b432c75b\"},{\"content\":\"<a href=\\\"https:\/\/www.lemonde.fr\/international\/live\/2021\/05\/28\/avion-detourne-par-la-bielorussie-sanctions-de-l-union-europeenne-posez-vos-questions_6081892_3210.html\\\">Avion d\u00e9tourn\u00e9 par la Bi\u00e9lorussie, sanctions de l\u2019Union europ\u00e9enne : nos r\u00e9ponses \u00e0 vos questions<\/a>\",\"id\":\"2a70cfbe-ac13-4bae-aca6-0fb9a35665e3\"},{\"content\":\"<a href=\\\"https:\/\/www.timesofisrael.com\/hundreds-march-in-ukraine-in-annual-tribute-to-nazi-collaborator\/\\\" target=\\\"_blank\\\" rel=\\\"noreferrer noopener\\\">https:\/\/www.timesofisrael.com\/hundreds-march-in-ukraine-in-annual-tribute-to-nazi-collaborator\/<\/a>\",\"id\":\"9834e67d-229b-44ba-a11d-623e4b739957\"},{\"content\":\"<a href=\\\"https:\/\/www.thenation.com\/article\/politics\/neo-nazis-far-right-ukraine\/\\\" target=\\\"_blank\\\" rel=\\\"noreferrer noopener\\\">Neo-Nazis and the Far Right Are On the March in Ukraine<\/a>\",\"id\":\"e49655ce-b13a-44bd-91ad-f258ae0ee3c9\"},{\"content\":\"<a href=\\\"https:\/\/ctc.usma.edu\/wp-content\/uploads\/2020\/04\/CTC-SENTINEL-042020.pdf\\\" target=\\\"_blank\\\" rel=\\\"noreferrer noopener\\\">https:\/\/ctc.usma.edu\/wp-content\/uploads\/2020\/04\/CTC-SENTINEL-042020.pdf<\/a>\",\"id\":\"82c104df-cd45-48e6-a9ea-95f2d34677b8\"},{\"content\":\"<a href=\\\"https:\/\/www.newsweek.com\/evidence-war-crimes-committed-ukrainian-nationalist-volunteers-grows-269604\\\" target=\\\"_blank\\\" rel=\\\"noreferrer noopener\\\">Ukrainian Nationalist Volunteers Committing 'ISIS-Style' War Crimes<\/a>\",\"id\":\"2397fcd5-6d1a-4953-bbed-62d61fbb46ca\"},{\"content\":\"<a href=\\\"https:\/\/www.osce.org\/files\/f\/documents\/e\/7\/233896.pdf\\\" target=\\\"_blank\\\" rel=\\\"noreferrer noopener\\\">https:\/\/www.osce.org\/files\/f\/documents\/e\/7\/233896.pdf<\/a>\",\"id\":\"da650f78-1a0f-483d-b94b-3d1203698d73\"},{\"content\":\"<a href=\\\"https:\/\/www.osce.org\/files\/f\/documents\/6\/0\/394781.pdf\\\" target=\\\"_blank\\\" rel=\\\"noreferrer noopener\\\">https:\/\/www.osce.org\/files\/f\/documents\/6\/0\/394781.pdf<\/a>\",\"id\":\"cfb4ed7e-5f22-47b4-b3bb-548ec2a91b53\"},{\"content\":\"<a href=\\\"https:\/\/www.rts.ch\/info\/monde\/12928403-podcast-ukrainerussie-cest-quoi-cette-histoire-de-nazis.html\\\" target=\\\"_blank\\\" rel=\\\"noreferrer noopener\\\">Podcast - Ukraine-Russie: c'est quoi cette histoire de nazis?<\/a>\",\"id\":\"7d7482d0-8ee5-45a1-9de9-3e7e0cbcc911\"},{\"content\":\"<a href=\\\"https:\/\/senzatempo.org\/index.php\/2025\/04\/08\/la-battaglia-dimenticata-dellaeroporto-di-donetsk\/\\\" target=\\\"_blank\\\" rel=\\\"noreferrer noopener\\\">La battaglia dimenticata dell'aeroporto di Donetsk<\/a>\",\"id\":\"9326853b-4742-4f18-9347-7442f5116392\"}]"},"categories":[108],"tags":[457,459,461,447,446,448,462,460,451,102,449,458,137,454,450,452,116,104,455,453,445,456,100],"class_list":{"0":"post-554","1":"post","2":"type-post","3":"status-publish","4":"format-standard","5":"has-post-thumbnail","7":"category-ucraina-russia","8":"tag-azov","9":"tag-bielorussia","10":"tag-colonnello","11":"tag-crimea","12":"tag-donbas","13":"tag-donetsk","14":"tag-intelligence","15":"tag-jacques-baud","16":"tag-kharkov","17":"tag-kiev","18":"tag-lugansk","19":"tag-minsk","20":"tag-nato","21":"tag-nazista","22":"tag-odessa","23":"tag-petro-poroshenko","24":"tag-putin","25":"tag-russia","26":"tag-storia","27":"tag-svizzera","28":"tag-ucraina","29":"tag-vladimir-putin","30":"tag-zelensky"},"_links":{"self":[{"href":"https:\/\/senzatempo.org\/index.php\/wp-json\/wp\/v2\/posts\/554","targetHints":{"allow":["GET"]}}],"collection":[{"href":"https:\/\/senzatempo.org\/index.php\/wp-json\/wp\/v2\/posts"}],"about":[{"href":"https:\/\/senzatempo.org\/index.php\/wp-json\/wp\/v2\/types\/post"}],"author":[{"embeddable":true,"href":"https:\/\/senzatempo.org\/index.php\/wp-json\/wp\/v2\/users\/1"}],"replies":[{"embeddable":true,"href":"https:\/\/senzatempo.org\/index.php\/wp-json\/wp\/v2\/comments?post=554"}],"version-history":[{"count":6,"href":"https:\/\/senzatempo.org\/index.php\/wp-json\/wp\/v2\/posts\/554\/revisions"}],"predecessor-version":[{"id":581,"href":"https:\/\/senzatempo.org\/index.php\/wp-json\/wp\/v2\/posts\/554\/revisions\/581"}],"wp:featuredmedia":[{"embeddable":true,"href":"https:\/\/senzatempo.org\/index.php\/wp-json\/wp\/v2\/media\/555"}],"wp:attachment":[{"href":"https:\/\/senzatempo.org\/index.php\/wp-json\/wp\/v2\/media?parent=554"}],"wp:term":[{"taxonomy":"category","embeddable":true,"href":"https:\/\/senzatempo.org\/index.php\/wp-json\/wp\/v2\/categories?post=554"},{"taxonomy":"post_tag","embeddable":true,"href":"https:\/\/senzatempo.org\/index.php\/wp-json\/wp\/v2\/tags?post=554"}],"curies":[{"name":"wp","href":"https:\/\/api.w.org\/{rel}","templated":true}]}}