{"id":570,"date":"2025-04-08T16:23:00","date_gmt":"2025-04-08T14:23:00","guid":{"rendered":"https:\/\/senzatempo.org\/?p=570"},"modified":"2026-01-18T19:51:16","modified_gmt":"2026-01-18T18:51:16","slug":"la-battaglia-dimenticata-dellaeroporto-di-donetsk","status":"publish","type":"post","link":"https:\/\/senzatempo.org\/index.php\/2025\/04\/08\/570\/la-battaglia-dimenticata-dellaeroporto-di-donetsk\/","title":{"rendered":"La battaglia dimenticata dell&#8217;aeroporto di Donetsk"},"content":{"rendered":"<div class=\"wp-block-post-time-to-read\">6\u20139 minuti<\/div>\n\n\n<ul class=\"wp-block-list\">\n<li><strong><a href=\"http:\/\/1\">La battaglia di Donetsk<\/a><\/strong><\/li>\n\n\n\n<li><strong><a href=\"http:\/\/2\">L\u2019ARTIGLIERIA<\/a><\/strong><\/li>\n\n\n\n<li><strong><a href=\"http:\/\/3\">IL LUNGO ASSEDIO<\/a><\/strong><\/li>\n\n\n\n<li><strong><a href=\"http:\/\/4\">L&#8217;aeroporto di Donetsk nei media<\/a><\/strong><\/li>\n<\/ul>\n\n\n\n<hr class=\"wp-block-separator has-alpha-channel-opacity\"\/>\n\n\n\n<p id=\"1\"><strong>La battaglia di Donetsk<\/strong><\/p>\n\n\n\n<p>E\u2019 il 26 maggio 2014.<\/p>\n\n\n\n<p>Un battaglione sconclusionato formato da circa 200 ucraini, russi,&nbsp;<a href=\"https:\/\/inimicizie.com\/2021\/12\/15\/cecenia-russia-guerra-oggi\/\" target=\"_blank\" rel=\"noreferrer noopener\">ceceni&nbsp;<\/a>e armeni, chiamato Battaglione Vostok, ha appena preso di sorpresa le forze ucraine all\u2019aeroporto di Donetsk, conquistandolo completamente.<\/p>\n\n\n\n<p>Poche ore dopo, inizia un feroce contrattacco ucraino. Le truppe aviotrasportate dell\u2019esercito ucraino sono supportate da un bombardamento aereo che colpisce il tetto del&nbsp;<em>terminal&nbsp;<\/em>dove i soldati filo-russi sono trincerati. Sar\u00e0 una delle ultime battaglie in cui gli ucraini potranno usufruire del supporto aereo in questa guerra: Di li all\u2019estate, i ribelli avranno stabilito quella che&nbsp;<em>de facto<\/em>&nbsp;\u00e8 una&nbsp;<em>no-fly-zone<\/em>, equipaggiando ogni battaglione con dispositivi di contraerea.<\/p>\n\n\n\n<p>Il fatto \u00e8 che questa volta i ribelli vengono colti impreparati.<\/p>\n\n\n\n<p>Un quarto di loro muoiono durante l\u2019assalto. I restanti, fornendosi un minimo di copertura con granate fumogene, riescono a saltare su dei furgoni aperti e fuggire dall\u2019aeroporto, sparando all\u2019impazzata. Quando arriveranno a Donetsk subiranno fuoco amico, altri moriranno, quasi tutti verranno feriti. La milizia popolare a difesa di Donetsk, loro alleata, era stata vittima di guerra di contro informazione. Erano stati informati che dei furgoni pieni di volontari filo-ucraini stavano per assaltare la periferia della citt\u00e0.<\/p>\n\n\n\n<p>Una sconfitta umiliante.<\/p>\n\n\n\n<p>Nei mesi successivi, gli ucraini avanzeranno senza sosta, riconquistando citt\u00e0 su citt\u00e0 ed arrivando fin dentro Lugansk e Donetsk. Nella capitale della Reubblica Popolare di Donetsk non c\u2019\u00e8 acqua, non c\u2019\u00e8 gas, non c\u2019\u00e8 elettricit\u00e0. La citt\u00e0 brulica di cecchini di ambo gli schieramenti e i quartieri residenziali vengono bombardati quotidianamente. Scene che riportano a mente&nbsp;<a href=\"https:\/\/inimicizie.com\/2021\/12\/09\/prima-guerra-cecenia-russa\/\" target=\"_blank\" rel=\"noreferrer noopener\">le battaglie di Grozny durante la guerra russo-cecena<\/a>.<\/p>\n\n\n\n<p>Per ribaltare questa situazione, in cui ormai il collasso delle forze separatiste era solo questione di tempo, la Russia interverr\u00e0 passando il confine con le sue brigate meccanizzate regolari intorno a fine agosto. Il punto di svolta sar\u00e0 la battaglia di Ilovaisk, in cui centinaia di militari ucraini verranno uccisi durante un assedio ed un accerchiamento dell\u2019esercito regolare russo, a sostegno dei ribelli separatisti che stavano difendendo la citt\u00e0 con le loro ultime forze.<\/p>\n\n\n\n<p>E\u2019 evidente che uno degli obiettivi dell\u2019offensiva estiva russa sarebbe stato la riconquista dell\u2019aeroporto di Donetsk, e cos\u00ec fu.<\/p>\n\n\n\n<p id=\"2\"><strong>L\u2019ARTIGLIERIA<\/strong><\/p>\n\n\n\n<p>Il 28 settembre, le forze russe e filo-russe iniziano a bombardare la 93esima brigata meccanizzata ucraina che ora difende l\u2019aeroporto di Donetsk. Come ormai \u00e8 consuetudine, l\u2019acquisizione dei bersagli avviene tramite tattiche vecchie e nuove: Osservatori con il binocolo situati sui tetti della periferia di Donetsk vengono coadiuvati da droni di ricognizione per offrire un fuoco di soppressione devastante tramite MLRS, a copertura dell\u2019avanzata meccanizzata.<br>Questa innovazione russa nel bombardamento d\u2019artiglieria far\u00e0 scuola&nbsp;<strong>per le guerre future<\/strong>. I russi, tra l\u2019altro, non useranno mai il supporto aereo diretto nel Donbass. Alcuni pensano per ragioni di plausibile negazione dell\u2019intervento, ma il motivo pare essere un altro: senza aerei amici in cielo, l\u2019artiglieria pu\u00f2 sparare senza pensarci due volte, e la contraerea pure.<br>Non \u00e8 un caso che, come ammettono anche gli analisti americani, l\u2019artiglieria russa sia la pi\u00f9 veloce ed efficiente al mondo.<\/p>\n\n\n\n<p>La seconda battaglia dell\u2019aeroporto di Donetsk non sar\u00e0 breve come la prima, sar\u00e0 un lungo assedio.<\/p>\n\n\n\n<p>Le forze d\u2019attacco separatiste sono composte principalmente dal vecchio battaglione Vostok, sconfitto durante la battaglia precedente, e dai battaglioni Sparta e Somalia. Quest\u2019ultimo, formatosi proprio durante la difesa disperata di Ilovaisk, \u00e8 sotto il comando di Givi, volontario separatista diventato una star di internet, poi ucciso in un attentato nel suo ufficio nel 2017. Questi battaglioni sono accompagnati da un numero non preciso di battaglioni russi ben equipaggiati.<\/p>\n\n\n<div class=\"wp-block-image\">\n<figure class=\"aligncenter size-full\"><img loading=\"lazy\" decoding=\"async\" width=\"640\" height=\"791\" src=\"https:\/\/senzatempo.org\/wp-content\/uploads\/2025\/12\/Pausa-durante-battaglia-Donetsk.jpeg\" alt=\"\" class=\"wp-image-572\" srcset=\"https:\/\/senzatempo.org\/wp-content\/uploads\/2025\/12\/Pausa-durante-battaglia-Donetsk.jpeg 640w, https:\/\/senzatempo.org\/wp-content\/uploads\/2025\/12\/Pausa-durante-battaglia-Donetsk-243x300.jpeg 243w\" sizes=\"auto, (max-width: 640px) 100vw, 640px\" \/><figcaption class=\"wp-element-caption\"><em>Il comandante del Battaglione Sparta, Givi (sinistra) insieme ad un altro comandante separatista, \u201cMotorola\u201d, anch\u2019egli assassinato negli anni successivi<\/em><\/figcaption><\/figure>\n<\/div>\n\n\n<p id=\"3\"><strong>IL LUNGO ASSEDIO<\/strong><\/p>\n\n\n\n<p>A met\u00e0 ottobre, le forze separatiste sono penetrate nel perimetro dell\u2019aeroporto e controllano la maggior parte del vecchio&nbsp;<em>terminal<\/em>. E\u2019 una guerra d\u2019attrito e di posizione. Si avanza lentamente, ogni giorno.<\/p>\n\n\n\n<p>Il vecchio terminal verr\u00e0 completamente liberato il 5 dicembre.<\/p>\n\n\n\n<p>Le forze ucraine ora sono completamente confinate nel nuovo&nbsp;<em>terminal<\/em>, con temperature da inverno est-europeo, senza riscaldamento e con poco altro. Sotto un costante bombardamento d\u2019artiglieria e fuoco di cecchini, si rifiutano di arrendersi. Verranno soprannominati \u201c<em>i cyborg<\/em>\u201d dalla popolazione ucraina.<\/p>\n\n\n\n<p>Il 12 gennaio viene abbattuta dall\u2019artiglieria russa la torre di controllo, uno degli ultimi bastioni del sistema difensivo ucraino.<\/p>\n\n\n\n<p>Il 17 gennaio, dopo aver rifiutato nuovamente un ultimatum dell\u2019Armata Popolare di Donetsk, i \u201c<em>cyborg<\/em>\u201d lanciano un contrattacco, che prende di sorpresa le forze separatiste ed apparentemente le costringe alla ritirata, consentendo agli ucraini di evacuare morti e feriti presso la loro base logistica pi\u00f9 vicina.<\/p>\n\n\n\n<p>Agli occhi del mondo sembra che i russi siano stati sconfitti, ma la realt\u00e0 \u00e8 ben diversa: Questa controffensiva non \u00e8 che il canto del cigno della 93esima brigata meccanizzata e dei volontari ucraini che la assistono. Arrivano i rinforzi russi, sotto forma di forze meccanizzate accompagnate anche da carri armati T-90. I russi ricacciano gli ucraini all\u2019interno del nuovo terminal, riuscendo ad occupare il piano terra, confinandoli al secondo e terzo piano (l\u2019edificio, di recente costruzione, aveva originariamente sette piani, ma ora ne rimangono solo tre).<\/p>\n\n\n\n<p>Il 21 gennaio gli&nbsp;<em>speztnaz<\/em><sup data-fn=\"9b2b8a1f-10f2-42b0-ab4b-7183ceefc413\" class=\"fn\"><a id=\"9b2b8a1f-10f2-42b0-ab4b-7183ceefc413-link\" href=\"#9b2b8a1f-10f2-42b0-ab4b-7183ceefc413\">1<\/a><\/sup><em>&nbsp;<\/em>russi fanno saltare in aria il terzo piano del&nbsp;<em>terminal<\/em>, facendolo crollare sugli ucraini intrappolati tra esso e le forze separatiste al piano terra. Circa 50 uomini moriranno sotto le macerie, i restanti si daranno alla fuga in piccoli gruppi e molti verranno catturati.<\/p>\n\n\n\n<p>La seconda battaglia per l\u2019aeroporto di Donetsk \u00e8 finita.<\/p>\n\n\n\n<p>Questa battaglia verr\u00e0 considerata la Stalingrado dell\u2019esercito ucraino, che successivamente firmer\u00e0 l\u2019accordo di Minsk II, siglando un cessate il fuoco che, seppur violato quotidianamente, ha cristallizzato le linee di fronte per 7 anni.<\/p>\n\n\n\n<p>La linea di fronte, da Minsk II a febbraio 2022, ricorda la prima guerra mondiale, checch\u00e9 se ne dica della&nbsp;<strong>guerra informatica e di sesta generazione<\/strong>: Trincee, villaggi strategici, bombardamenti di artiglieria quotidiani, cecchini, raid notturni.<\/p>\n\n\n\n<p>L\u2019aeroporto rimane in mano separatista, anche se in realt\u00e0 ne rimangono solo le rovine: I voli civili non sono ancora ricominciati, e forse non lo faranno mai.<\/p>\n\n\n\n<p>Fonte:&nbsp;<a href=\"https:\/\/inimicizie.com\/2021\/10\/17\/battaglia-aereoporto-donetsk\/\" target=\"_blank\" rel=\"noreferrer noopener\">La battaglia dell\u2019aeroporto di Donetsk<\/a><br>Data: 17 Ottobre 2021<\/p>\n\n\n\n<hr class=\"wp-block-separator has-alpha-channel-opacity\"\/>\n\n\n\n<p id=\"4\"><strong>L&#8217;aeroporto di Donetsk nei media<\/strong><\/p>\n\n\n\n<p>L&#8217;aeroporto di Donetsk \u00e8 stato ristrutturato e inaugurato con grande clamore per gli\u00a0<strong>europei di calcio del 2012<\/strong>, il terminal scintillante con pareti di vetro dell\u2019<strong>Aeroporto internazionale di Donetsk<\/strong><sup data-fn=\"14524d98-8c25-44c9-8336-052b27bd8dd3\" class=\"fn\"><a id=\"14524d98-8c25-44c9-8336-052b27bd8dd3-link\" href=\"#14524d98-8c25-44c9-8336-052b27bd8dd3\">2<\/a><\/sup><strong>\u00a0\u201cSergej Prokofiev<\/strong><sup data-fn=\"fb15e07d-9cdf-4b64-8f0d-0a431aea364a\" class=\"fn\"><a id=\"fb15e07d-9cdf-4b64-8f0d-0a431aea364a-link\" href=\"#fb15e07d-9cdf-4b64-8f0d-0a431aea364a\">3<\/a><\/sup><strong>\u201d<\/strong>\u00a0(dal nome del compositore nato nella regione) \u00e8 diventato uno dei terreni di una lacerante battaglia tra le pi\u00f9 sanguinose per il Donbas.<\/p>\n\n\n\n<p>Queste sono alcune immagini dell&#8217;aeroporto.<\/p>\n\n\n<div class=\"wp-block-image\">\n<figure class=\"aligncenter\"><img decoding=\"async\" src=\"https:\/\/qph.cf2.quoracdn.net\/main-qimg-0f727d6b8d925a0fcdb8941c4cae8951\" alt=\"\"\/><\/figure>\n<\/div>\n\n<div class=\"wp-block-image\">\n<figure class=\"aligncenter\"><img decoding=\"async\" src=\"https:\/\/qph.cf2.quoracdn.net\/main-qimg-33fb93d6811c4386f5bddd5cc13d5ce0\" alt=\"\"\/><\/figure>\n<\/div>\n\n<div class=\"wp-block-image\">\n<figure class=\"aligncenter\"><img decoding=\"async\" src=\"https:\/\/qph.cf2.quoracdn.net\/main-qimg-75de09f05570c6a63c9bc2862b837706\" alt=\"\"\/><\/figure>\n<\/div>\n\n\n<p><em>Video<\/em><sup data-fn=\"0f9a5287-ff07-4cdb-a15e-7e67c1afd82a\" class=\"fn\"><a id=\"0f9a5287-ff07-4cdb-a15e-7e67c1afd82a-link\" href=\"#0f9a5287-ff07-4cdb-a15e-7e67c1afd82a\">4<\/a><\/sup><em>&nbsp;della milizia novarrussa che combatte i soldati ucraini e i paramilitari neonazisti all&#8217;aeroporto di Donetsk.<\/em><\/p>\n\n\n\n<p>Raro video con riprese fatte dentro un&#8217;azione di guerra mentre si sta svolgendo e dato che dura un&#8217;ora, significa che chi ha fatto le riprese \u00e8 rimasto quasi tutto il giorno. Le ultime riprese fatte in prima linea, come in questo video, sono state fatte durante la seconda guerra mondiale, nella guerra in Vietnam i militari cominciavano a filtrare quel che doveva arrivare agli occhi degli americani.<\/p>\n\n\n\n<p>A Donetsk penso che abbiano accettato la presenza dell&#8217;operatore perch\u00e9 temevano che in Europa non arrivasse sufficiente informazione di quanto stava succedendo in Donbas, anche perch\u00e9 con l&#8217;Euromaidan, la strage di Odessa e ora il Donbas, l&#8217;impressione che al di fuori del paese, da noi per essere brevi, nessuno avesse idea di quel che stava accadendo, per loro era molto forte, direi realistica. Ovviamente non trattandosi della salvezza dell&#8217;oblast intero, quindi dei diritti di un popolo ma anche di quel che fa una nazione contro i propri cittadini, chiunque avesse il coraggio di riprendere l&#8217;azione e certifica che \u00e8 in corso una battaglia il cui esito non si conosceva ancora, era ben accettato. Voglio fare i miei complimenti all&#8217;operatore che si \u00e8 preso enormi rischi, e quel che vedete non \u00e8 la&nbsp;<em>cam<\/em>&nbsp;in soggettiva di un soldato, \u00e8 chiaro, \u00e8 un operatore.<\/p>\n\n\n\n<hr class=\"wp-block-separator has-alpha-channel-opacity\"\/>\n\n\n<div class=\"wp-block-image\">\n<figure class=\"aligncenter\"><img decoding=\"async\" src=\"https:\/\/qph.cf2.quoracdn.net\/main-qimg-681ae743eda18920071433139e3b441d\" alt=\"\"\/><figcaption class=\"wp-element-caption\"><em>Immagine fatte da un giornalista della BBC<\/em>.<\/figcaption><\/figure>\n<\/div>\n\n\n<p>Se leggete quel che scrive ilpost.it<sup data-fn=\"03ff71bf-3977-43a0-b504-3648ded79543\" class=\"fn\"><a id=\"03ff71bf-3977-43a0-b504-3648ded79543-link\" href=\"#03ff71bf-3977-43a0-b504-3648ded79543\">5<\/a><\/sup> troverete immagini fatte da un giornalista della BBC dopo la fine della battaglia in cui si vedono ancora corpi congelati accanto a bombe.<\/p>\n\n\n\n<hr class=\"wp-block-separator has-alpha-channel-opacity\"\/>\n\n\n<div class=\"wp-block-image\">\n<figure class=\"aligncenter\"><a href=\"https:\/\/euromaidanpress.com\/2017\/05\/27\/donetsk-airport-defence-in-memoriam\/\"><img decoding=\"async\" src=\"https:\/\/qph.cf2.quoracdn.net\/main-qimg-b1f0e5e348c5aa00b2517c62d617e87e\" alt=\"\"\/><\/a><figcaption class=\"wp-element-caption\"><em><strong>Euromaidan press<\/strong>, il poster.<\/em><\/figcaption><\/figure>\n<\/div>\n\n\n<p>La battaglia per l&#8217;aeroporto di Donetsk visto dal sito&nbsp;<strong>EUROMAIDAN press<\/strong><sup data-fn=\"313a1365-9959-4ae9-b423-afd3650cdff4\" class=\"fn\"><a id=\"313a1365-9959-4ae9-b423-afd3650cdff4-link\" href=\"#313a1365-9959-4ae9-b423-afd3650cdff4\">6<\/a><\/sup>, in quanto tale \u00e8 quindi il punto di vista di Kiev.<\/p>\n\n\n\n<p><strong>Note a pi\u00e8 di pagina<\/strong><\/p>\n\n\n<ol class=\"wp-block-footnotes\"><li id=\"9b2b8a1f-10f2-42b0-ab4b-7183ceefc413\"><a href=\"https:\/\/it.wikipedia.org\/wiki\/Specnaz\">https:\/\/it.wikipedia.org\/wiki\/<strong>Specnaz<\/strong><\/a> <a href=\"#9b2b8a1f-10f2-42b0-ab4b-7183ceefc413-link\" aria-label=\"Salta al riferimento nella nota a pi\u00e8 di pagina 1\">\u21a9\ufe0e<\/a><\/li><li id=\"14524d98-8c25-44c9-8336-052b27bd8dd3\"><a href=\"https:\/\/it.wikipedia.org\/wiki\/Aeroporto_di_Donec%27k\">https:\/\/it.wikipedia.org\/wiki\/<strong>Aeroporto_di_Donec%27k<\/strong><\/a> <a href=\"#14524d98-8c25-44c9-8336-052b27bd8dd3-link\" aria-label=\"Salta al riferimento nella nota a pi\u00e8 di pagina 2\">\u21a9\ufe0e<\/a><\/li><li id=\"fb15e07d-9cdf-4b64-8f0d-0a431aea364a\"><a href=\"https:\/\/www.youtube.com\/watch?v=2SfQzATXJDg\">https:\/\/www.youtube.com\/watch?v=2SfQzATXJDg<\/a> <a href=\"#fb15e07d-9cdf-4b64-8f0d-0a431aea364a-link\" aria-label=\"Salta al riferimento nella nota a pi\u00e8 di pagina 3\">\u21a9\ufe0e<\/a><\/li><li id=\"0f9a5287-ff07-4cdb-a15e-7e67c1afd82a\"><a href=\"https:\/\/www.youtube.com\/watch?v=7l75gLBRmDA\">https:\/\/www.youtube.com\/watch?v=7l75gLBRmDA<\/a> <a href=\"#0f9a5287-ff07-4cdb-a15e-7e67c1afd82a-link\" aria-label=\"Salta al riferimento nella nota a pi\u00e8 di pagina 4\">\u21a9\ufe0e<\/a><\/li><li id=\"03ff71bf-3977-43a0-b504-3648ded79543\"><a href=\"https:\/\/www.ilpost.it\/2015\/02\/16\/aeroporto-donetsk-tregua-ucraina\/\">https:\/\/www.ilpost.it\/2015\/02\/16\/<strong>aeroporto-donetsk-tregua-ucraina<\/strong>\/<\/a> <a href=\"#03ff71bf-3977-43a0-b504-3648ded79543-link\" aria-label=\"Salta al riferimento nella nota a pi\u00e8 di pagina 5\">\u21a9\ufe0e<\/a><\/li><li id=\"313a1365-9959-4ae9-b423-afd3650cdff4\"><a href=\"https:\/\/euromaidanpress.com\/2017\/05\/27\/donetsk-airport-defence-in-memoriam\/\">https:\/\/euromaidanpress.com\/2017\/05\/27\/<strong>donetsk-airport-defence-in-memoriam<\/strong>\/<\/a> <a href=\"#313a1365-9959-4ae9-b423-afd3650cdff4-link\" aria-label=\"Salta al riferimento nella nota a pi\u00e8 di pagina 6\">\u21a9\ufe0e<\/a><\/li><\/ol>\n\n\n<div class=\"wp-block-comments\">\n\n\n\n\n\n\t<div id=\"respond\" class=\"comment-respond wp-block-post-comments-form\">\n\t\t<h3 id=\"reply-title\" class=\"comment-reply-title\"><span id=\"lascia-un-commento-annulla-risposta\">Lascia un commento <small><a rel=\"nofollow\" id=\"cancel-comment-reply-link\" href=\"\/index.php\/wp-json\/wp\/v2\/posts\/570#respond\" style=\"display:none;\">Annulla risposta<\/a><\/small><\/span><\/h3><p class=\"must-log-in\">Devi essere <a href=\"https:\/\/senzatempo.org\/wp-login.php?redirect_to=https%3A%2F%2Fsenzatempo.org%2Findex.php%2F2025%2F04%2F08%2F570%2Fla-battaglia-dimenticata-dellaeroporto-di-donetsk%2F\">connesso<\/a> per inviare un commento.<\/p>\t<\/div><!-- #respond -->\n\t<\/div>\n","protected":false},"excerpt":{"rendered":"E\u2019 il 26 maggio 2014.\nIl Battaglione Vostok, respinge le milizie di Kiev dall&#8217;aeroporto di Donetsk vincendo la feroce battaglia.\n","protected":false},"author":1,"featured_media":571,"comment_status":"open","ping_status":"open","sticky":false,"template":"","format":"standard","meta":{"_monsterinsights_skip_tracking":false,"_monsterinsights_sitenote_active":false,"_monsterinsights_sitenote_note":"","_monsterinsights_sitenote_category":0,"footnotes":"[{\"content\":\"<a href=\\\"https:\/\/it.wikipedia.org\/wiki\/Specnaz\\\">https:\/\/it.wikipedia.org\/wiki\/<strong>Specnaz<\/strong><\/a>\",\"id\":\"9b2b8a1f-10f2-42b0-ab4b-7183ceefc413\"},{\"content\":\"<a href=\\\"https:\/\/it.wikipedia.org\/wiki\/Aeroporto_di_Donec%27k\\\">https:\/\/it.wikipedia.org\/wiki\/<strong>Aeroporto_di_Donec%27k<\/strong><\/a>\",\"id\":\"14524d98-8c25-44c9-8336-052b27bd8dd3\"},{\"content\":\"<a href=\\\"https:\/\/www.youtube.com\/watch?v=2SfQzATXJDg\\\">https:\/\/www.youtube.com\/watch?v=2SfQzATXJDg<\/a>\",\"id\":\"fb15e07d-9cdf-4b64-8f0d-0a431aea364a\"},{\"content\":\"<a href=\\\"https:\/\/www.youtube.com\/watch?v=7l75gLBRmDA\\\">https:\/\/www.youtube.com\/watch?v=7l75gLBRmDA<\/a>\",\"id\":\"0f9a5287-ff07-4cdb-a15e-7e67c1afd82a\"},{\"content\":\"<a href=\\\"https:\/\/www.ilpost.it\/2015\/02\/16\/aeroporto-donetsk-tregua-ucraina\/\\\">https:\/\/www.ilpost.it\/2015\/02\/16\/<strong>aeroporto-donetsk-tregua-ucraina<\/strong>\/<\/a>\",\"id\":\"03ff71bf-3977-43a0-b504-3648ded79543\"},{\"content\":\"<a href=\\\"https:\/\/euromaidanpress.com\/2017\/05\/27\/donetsk-airport-defence-in-memoriam\/\\\">https:\/\/euromaidanpress.com\/2017\/05\/27\/<strong>donetsk-airport-defence-in-memoriam<\/strong>\/<\/a>\",\"id\":\"313a1365-9959-4ae9-b423-afd3650cdff4\"}]"},"categories":[108],"tags":[469,468,467,446,448,470,102,471,466],"class_list":{"0":"post-570","1":"post","2":"type-post","3":"status-publish","4":"format-standard","5":"has-post-thumbnail","7":"category-ucraina-russia","8":"tag-aeroporto-donetsk","9":"tag-battaglione-vostok","10":"tag-ceceni","11":"tag-donbas","12":"tag-donetsk","13":"tag-i-cyborg","14":"tag-kiev","15":"tag-minsk-ii","16":"tag-russi"},"_links":{"self":[{"href":"https:\/\/senzatempo.org\/index.php\/wp-json\/wp\/v2\/posts\/570","targetHints":{"allow":["GET"]}}],"collection":[{"href":"https:\/\/senzatempo.org\/index.php\/wp-json\/wp\/v2\/posts"}],"about":[{"href":"https:\/\/senzatempo.org\/index.php\/wp-json\/wp\/v2\/types\/post"}],"author":[{"embeddable":true,"href":"https:\/\/senzatempo.org\/index.php\/wp-json\/wp\/v2\/users\/1"}],"replies":[{"embeddable":true,"href":"https:\/\/senzatempo.org\/index.php\/wp-json\/wp\/v2\/comments?post=570"}],"version-history":[{"count":3,"href":"https:\/\/senzatempo.org\/index.php\/wp-json\/wp\/v2\/posts\/570\/revisions"}],"predecessor-version":[{"id":1992,"href":"https:\/\/senzatempo.org\/index.php\/wp-json\/wp\/v2\/posts\/570\/revisions\/1992"}],"wp:featuredmedia":[{"embeddable":true,"href":"https:\/\/senzatempo.org\/index.php\/wp-json\/wp\/v2\/media\/571"}],"wp:attachment":[{"href":"https:\/\/senzatempo.org\/index.php\/wp-json\/wp\/v2\/media?parent=570"}],"wp:term":[{"taxonomy":"category","embeddable":true,"href":"https:\/\/senzatempo.org\/index.php\/wp-json\/wp\/v2\/categories?post=570"},{"taxonomy":"post_tag","embeddable":true,"href":"https:\/\/senzatempo.org\/index.php\/wp-json\/wp\/v2\/tags?post=570"}],"curies":[{"name":"wp","href":"https:\/\/api.w.org\/{rel}","templated":true}]}}