{"id":577,"date":"2025-04-07T01:06:00","date_gmt":"2025-04-06T23:06:00","guid":{"rendered":"https:\/\/senzatempo.org\/?p=577"},"modified":"2025-12-17T02:45:30","modified_gmt":"2025-12-17T01:45:30","slug":"e-possibile-sapere-realmente-cosa-e-successo-e-cosa-sta-succedendo-in-ucraina-2-parte","status":"publish","type":"post","link":"https:\/\/senzatempo.org\/index.php\/2025\/04\/07\/577\/e-possibile-sapere-realmente-cosa-e-successo-e-cosa-sta-succedendo-in-ucraina-2-parte\/","title":{"rendered":"\u00c8 possibile sapere realmente cosa \u00e8 successo e cosa sta succedendo in Ucraina? &#8211; 2\u00b0 Parte"},"content":{"rendered":"<div class=\"wp-block-post-time-to-read\">19\u201328 minuti<\/div>\n\n\n<p>Sab, 27 Mar 2022&nbsp;<strong>\u2190<\/strong>&nbsp;(<em>Tenere presente la data dell&#8217;articolo durante la lettura<\/em>)<\/p>\n\n\n\n<p>Il Post \u00e8 stato diviso in due parti:&nbsp;<a href=\"https:\/\/senzatempo.org\/index.php\/2025\/04\/07\/e-possibile-sapere-realmente-cosa-e-successo-e-cosa-sta-succedendo-in-ucraina-1-parte\/\" target=\"_blank\" rel=\"noreferrer noopener\">1\u00b0 Parte<\/a><strong>, 2\u00b0 Parte<\/strong><\/p>\n\n\n\n<p><strong>PARTE SECONDA: LA GUERRA<\/strong><\/p>\n\n\n\n<p>In qualit\u00e0 di ex capo delle forze del Patto di Varsavia presso il servizio segreto strategico svizzero, noto con tristezza, ma senza sorpresa, che i nostri servizi non sono pi\u00f9 in grado di comprendere la situazione militare in Ucraina. Gli autoproclamati &#8220;esperti&#8221; che sfilano sui nostri schermi ripetono instancabilmente le stesse informazioni, modulate sull&#8217;affermazione che la Russia &#8211; e Vladimir Putin &#8211; \u00e8 irrazionale. Facciamo un passo indietro.<\/p>\n\n\n\n<ul class=\"wp-block-list\">\n<li><strong>Lo scoppio della guerra<\/strong><\/li>\n<\/ul>\n\n\n\n<p>Da novembre 2021, gli americani minacciano costantemente un&#8217;invasione russa dell&#8217;Ucraina. Tuttavia, gli ucraini non sembrano essere d&#8217;accordo. Per quello ?<\/p>\n\n\n\n<p>Dobbiamo tornare al 24 marzo 2021. Quel giorno, Volodymyr Zelensky eman\u00f2 un decreto<sup data-fn=\"52ffc136-090d-499f-afcd-97e17f120c86\" class=\"fn\"><a id=\"52ffc136-090d-499f-afcd-97e17f120c86-link\" href=\"#52ffc136-090d-499f-afcd-97e17f120c86\">1<\/a><\/sup>&nbsp;per la riconquista della Crimea<sup data-fn=\"c995e471-e0f4-4081-8c35-3008ad6e71ad\" class=\"fn\"><a id=\"c995e471-e0f4-4081-8c35-3008ad6e71ad-link\" href=\"#c995e471-e0f4-4081-8c35-3008ad6e71ad\">2<\/a><\/sup>&nbsp;e inizi\u00f2 a dispiegare le sue forze verso il sud del Paese. Contemporaneamente si svolgono diverse esercitazioni NATO tra il Mar Nero e il Mar Baltico, accompagnate da un significativo incremento dei voli di ricognizione<sup data-fn=\"44d40cbe-bd44-4f93-89c7-25d59e558cfb\" class=\"fn\"><a id=\"44d40cbe-bd44-4f93-89c7-25d59e558cfb-link\" href=\"#44d40cbe-bd44-4f93-89c7-25d59e558cfb\">3<\/a><\/sup>&nbsp;lungo il confine russo. La Russia ha poi condotto diverse esercitazioni per testare la prontezza operativa delle sue truppe e dimostrare di monitorare l&#8217;evoluzione della situazione.<\/p>\n\n\n\n<p>La situazione si calm\u00f2 fino a ottobre-novembre, con la fine delle esercitazioni ZAPAD 21, i cui spostamenti di truppe furono interpretati come un rinforzo in preparazione di un&#8217;offensiva contro l&#8217;Ucraina. Tuttavia, perfino i funzionari ucraini confutano l&#8217;idea di preparativi di guerra da parte della Russia e, secondo il ministro della Difesa ucraino Oleksiy Reznikov, non si sono verificati cambiamenti<sup data-fn=\"4f6306ea-7944-41e0-a967-5eb6e77134cd\" class=\"fn\"><a id=\"4f6306ea-7944-41e0-a967-5eb6e77134cd-link\" href=\"#4f6306ea-7944-41e0-a967-5eb6e77134cd\">4<\/a><\/sup> ai confini dalla primavera.<\/p>\n\n\n\n<p>In violazione degli accordi di Minsk, l&#8217;Ucraina sta conducendo operazioni aeree nel Donbass utilizzando droni, tra cui almeno un attacco contro un deposito di carburante<sup data-fn=\"5d7058bd-4ac7-4ff8-b2f3-3403479a0fb9\" class=\"fn\"><a id=\"5d7058bd-4ac7-4ff8-b2f3-3403479a0fb9-link\" href=\"#5d7058bd-4ac7-4ff8-b2f3-3403479a0fb9\">5<\/a><\/sup>&nbsp;a Donetsk nell&#8217;ottobre 2021 . La stampa americana se ne accorge, ma quella europea no, e nessuno condanna queste violazioni.<\/p>\n\n\n\n<p>Nel febbraio 2022 gli eventi si sono susseguiti rapidamente. Il 7 febbraio, durante la sua visita a Mosca, Emmanuel Macron ha ribadito a Vladimir Putin il suo impegno nei confronti degli accordi di Minsk<sup data-fn=\"acb73902-89c4-4e51-94da-bac662e9b70f\" class=\"fn\"><a id=\"acb73902-89c4-4e51-94da-bac662e9b70f-link\" href=\"#acb73902-89c4-4e51-94da-bac662e9b70f\">6<\/a><\/sup>, impegno che avrebbe ribadito al termine del suo incontro con Volodymyr Zelensky<sup data-fn=\"32fdf012-111d-4e33-b400-257065fa5d60\" class=\"fn\"><a id=\"32fdf012-111d-4e33-b400-257065fa5d60-link\" href=\"#32fdf012-111d-4e33-b400-257065fa5d60\">7<\/a><\/sup>&nbsp;il giorno successivo. Ma l&#8217;11 febbraio, a Berlino, dopo nove ore di lavoro, la riunione dei consiglieri politici dei leader del &#8220;<em>formato Normandia<\/em>&#8221; si \u00e8 conclusa senza alcun risultato concreto: gli ucraini si sono rifiutati ancora di attuare gli<sup data-fn=\"73db28ca-69ec-41c8-9d68-8a74980344d2\" class=\"fn\"><a id=\"73db28ca-69ec-41c8-9d68-8a74980344d2-link\" href=\"#73db28ca-69ec-41c8-9d68-8a74980344d2\">8<\/a><\/sup>&nbsp;accordi di Minsk, apparentemente sotto la pressione degli Stati Uniti. Vladimir Putin ha poi osservato che Macron aveva fatto promesse vuote e che l&#8217;Occidente non era pronto ad attuare gli accordi, come aveva fatto negli ultimi otto anni.<\/p>\n\n\n\n<p>Continuano i preparativi ucraini nella zona di contatto. Il parlamento russo si allarm\u00f2 e il 15 febbraio chiese a Vladimir Putin di riconoscere l&#8217;indipendenza delle Repubbliche, richiesta che lui rifiut\u00f2.<\/p>\n\n\n\n<p>Il 17 febbraio il presidente Joe Biden ha annunciato che la Russia avrebbe attaccato l&#8217;Ucraina<sup data-fn=\"7cf7efde-9334-4539-b117-51aab440507a\" class=\"fn\"><a id=\"7cf7efde-9334-4539-b117-51aab440507a-link\" href=\"#7cf7efde-9334-4539-b117-51aab440507a\">9<\/a><\/sup>&nbsp;nei prossimi giorni. Come fa a saperlo? Mistero&#8230; Ma dal 16, i bombardamenti di artiglieria sulla popolazione del Donbass sono aumentati drasticamente, come dimostrano i rapporti quotidiani degli osservatori dell&#8217;OSCE. Naturalmente n\u00e9 i media, n\u00e9 l&#8217;Unione Europea, n\u00e9 la NATO, n\u00e9 alcun governo occidentale reagiscono o intervengono. Pi\u00f9 avanti si dir\u00e0 che si tratta di disinformazione russa. Sembra infatti che l&#8217;Unione Europea e alcuni Paesi abbiano deliberatamente taciuto il massacro della popolazione del Donbass, sapendo che ci\u00f2 avrebbe provocato un intervento russo.<\/p>\n\n\n\n<p>Contemporaneamente vengono segnalati atti di sabotaggio nel Donbass. Il 18 gennaio, i combattenti del Donbass intercettarono dei sabotatori dotati di equipaggiamento occidentale e che parlavano polacco, intenti a provocare incidenti chimici a Gorlivka<sup data-fn=\"2546e157-cdff-4b7d-b27c-cd8be70af517\" class=\"fn\"><a id=\"2546e157-cdff-4b7d-b27c-cd8be70af517-link\" href=\"#2546e157-cdff-4b7d-b27c-cd8be70af517\">10<\/a><\/sup>. Potrebbero essere mercenari della CIA<sup data-fn=\"95dc4780-c526-46ab-8db3-fe4995c0f973\" class=\"fn\"><a id=\"95dc4780-c526-46ab-8db3-fe4995c0f973-link\" href=\"#95dc4780-c526-46ab-8db3-fe4995c0f973\">11<\/a><\/sup>, guidati o &#8220;consigliati&#8221; dagli americani e composti da combattenti ucraini o europei, per compiere azioni di sabotaggio nelle Repubbliche del Donbass.<\/p>\n\n\n<div class=\"wp-block-image\">\n<figure class=\"aligncenter\"><img decoding=\"async\" src=\"https:\/\/qph.cf2.quoracdn.net\/main-qimg-1540d3f86cba744aaba19f1f29a26a09\" alt=\"\"\/><\/figure>\n<\/div>\n\n<div class=\"wp-block-image\">\n<figure class=\"aligncenter\"><img decoding=\"async\" src=\"https:\/\/qph.cf2.quoracdn.net\/main-qimg-4802d56ed9268e366b61f470917a88e2\" alt=\"\"\/><\/figure>\n<\/div>\n\n\n<p>Infatti, gi\u00e0 il 16 febbraio 2022 Joe Biden sapeva che gli ucraini avevano iniziato a bombardare la popolazione civile del Donbass, mettendo Vladimir Putin di fronte a una scelta difficile: aiutare militarmente il Donbass e creare un problema internazionale o restare a guardare mentre la popolazione russofona del Donbass veniva schiacciata.<\/p>\n\n\n\n<p>Se decidesse di intervenire, Vladimir Putin potrebbe invocare l&#8217;obbligo internazionale di &#8220;<em>Responsabilit\u00e0 di Proteggere<\/em>&#8221; (R2P). Ma sa che, qualunque sia la sua natura o la sua portata, l&#8217;intervento scatener\u00e0 una pioggia di sanzioni. Pertanto, che il suo intervento si limiti al Donbass o vada oltre per esercitare pressione sull&#8217;Occidente riguardo allo status dell&#8217;Ucraina, il prezzo da pagare sar\u00e0 lo stesso. Lo ha spiegato nel suo discorso del 21 febbraio.<\/p>\n\n\n\n<p>Quel giorno accolse la richiesta della Duma e riconobbe l&#8217;indipendenza delle due Repubbliche del Donbass, firmando contemporaneamente trattati di amicizia e di assistenza con esse.<\/p>\n\n\n\n<p>Continuarono i bombardamenti dell&#8217;artiglieria ucraina contro la popolazione del Donbass e il 23 febbraio entrambe le repubbliche chiesero assistenza militare alla Russia. Il 24, Vladimir Putin ha invocato l&#8217;articolo 51 della Carta delle Nazioni Unite, che prevede l&#8217;assistenza militare reciproca nel quadro di un&#8217;alleanza difensiva.<\/p>\n\n\n\n<p>Per far apparire l&#8217;intervento russo completamente illegale agli occhi dell&#8217;opinione pubblica, stiamo&nbsp;<em>deliberatamente&nbsp;<\/em>nascondendo il fatto che la guerra \u00e8 effettivamente iniziata il 16 febbraio. L&#8217;esercito ucraino si stava preparando ad attaccare il Donbass gi\u00e0 nel 2021, come ben sapevano alcuni servizi segreti russi ed europei&#8230; Gli avvocati giudicheranno.<\/p>\n\n\n\n<p>Nel suo discorso del 24 febbraio, Vladimir Putin ha delineato i due obiettivi della sua operazione: &#8220;smilitarizzare&#8221; e &#8220;denazificare&#8221; l&#8217;Ucraina. Non si tratta quindi di impossessarsi dell&#8217;Ucraina, e neppure, probabilmente, di occuparla e certamente non di distruggerla.<\/p>\n\n\n\n<p>Da questo momento in poi, la nostra visibilit\u00e0 su come si svolger\u00e0 l&#8217;operazione \u00e8 limitata: i russi hanno un eccellente sistema di sicurezza operativa (OPSEC) e i dettagli della loro pianificazione non sono noti. Ma molto rapidamente l&#8217;andamento delle operazioni ci consente di comprendere come gli obiettivi strategici sono stati tradotti a livello operativo.<\/p>\n\n\n\n<p><em>\u2013 Demilitarizzazione:<\/em><br>. distruzione a terra dell&#8217;aviazione ucraina, dei sistemi di difesa aerea e dei mezzi di ricognizione;<br>. neutralizzazione delle strutture di comando e di intelligence (C3I), nonch\u00e9 delle principali vie logistiche all\u2019interno del territorio;<br>. accerchiamento del grosso dell&#8217;esercito ucraino ammassato nel sud-est del Paese.<\/p>\n\n\n\n<p><em>\u2013 Denazificazione:<\/em><br>. distruzione o neutralizzazione di battaglioni di volontari operanti nelle citt\u00e0 di Odessa, Kharkov e Mariupol, nonch\u00e9 in varie strutture sul territorio.<\/p>\n\n\n\n<ul class=\"wp-block-list\">\n<li>&#8220;<strong>Smilitarizzazione<\/strong>&#8220;<\/li>\n<\/ul>\n\n\n\n<p>L&#8217;offensiva russa si sta svolgendo in maniera molto &#8220;classica&#8221;. Innanzitutto \u2013 come avevano fatto gli israeliani nel 1967 \u2013 con la distruzione dell\u2019aviazione da terra nelle primissime ore. Assistiamo poi a una progressione simultanea su pi\u00f9 assi, secondo il principio dell'&#8221;acqua che scorre&#8221;: avanziamo ovunque la resistenza sia debole e lasciamo le citt\u00e0 (molto voraci di truppe) per dopo. A nord, la centrale nucleare di Chernobyl \u00e8 stata immediatamente occupata per impedire atti di sabotaggio. Naturalmente non vengono mostrate le immagini dei soldati ucraini e russi che sorvegliano congiuntamente l&#8217;impianto<sup data-fn=\"7b8217fe-5001-424b-a0fa-81ec963ae95e\" class=\"fn\"><a id=\"7b8217fe-5001-424b-a0fa-81ec963ae95e-link\" href=\"#7b8217fe-5001-424b-a0fa-81ec963ae95e\">12<\/a><\/sup>&nbsp;&#8230;<\/p>\n\n\n\n<p>L&#8217;idea che la Russia voglia impadronirsi di Kiev, la capitale, per eliminare Zelensky, viene tipicamente dall&#8217;Occidente: \u00e8 quello che hanno fatto in Afghanistan, Iraq, Libia e quello che volevano fare in Siria con l&#8217;aiuto dello Stato islamico<sup data-fn=\"52915f7d-2f2c-4758-8e11-3cf5760684ca\" class=\"fn\"><a id=\"52915f7d-2f2c-4758-8e11-3cf5760684ca-link\" href=\"#52915f7d-2f2c-4758-8e11-3cf5760684ca\">13<\/a><\/sup>. Ma Vladimir Putin non ha mai avuto intenzione di far cadere o rovesciare Zelensky. La Russia, al contrario, cerca di mantenerlo al potere spingendolo a negoziare circondando Kiev. Si era rifiutato di fare molto per attuare gli accordi di Minsk, ma ora i russi vogliono raggiungere la neutralit\u00e0 per l&#8217;Ucraina.<\/p>\n\n\n\n<p>Molti commentatori occidentali sono rimasti sorpresi dal fatto che i russi continuassero a cercare una soluzione negoziata mentre conducevano operazioni militari. La spiegazione risiede nella progettazione strategica russa, a partire dall&#8217;era sovietica. Per gli occidentali, la guerra inizia quando finisce la politica. Tuttavia, l&#8217;approccio russo segue un&#8217;ispirazione clausewitziana: la guerra \u00e8 la continuit\u00e0 della politica e si pu\u00f2 passare fluidamente dall&#8217;una all&#8217;altra, anche durante il combattimento. Ci\u00f2 crea pressione sull&#8217;avversario e lo spinge a negoziare.<\/p>\n\n\n\n<p>Dal punto di vista operativo, l&#8217;offensiva russa fu un esempio nel suo genere: in sei giorni i russi conquistarono un territorio grande quanto il Regno Unito, con una velocit\u00e0 di avanzamento superiore a quella raggiunta dalla Wehrmacht nel 1940.<\/p>\n\n\n\n<p>Il grosso dell&#8217;esercito ucraino \u00e8 stato schierato nel sud del Paese in preparazione di una grande operazione contro il Donbass. Per questo motivo le truppe russe sono riuscite a circondarla fin dall&#8217;inizio di marzo nel &#8220;calderone&#8221; tra Slavyansk, Kramatorsk e Severodonetsk, con una spinta proveniente da est attraverso Kharkov e un&#8217;altra proveniente da sud dalla Crimea. Le truppe della Repubblica di Donetsk (DPR) e della Repubblica di Lugansk (LPR) stanno integrando le azioni delle forze russe con un&#8217;offensiva da est.<\/p>\n\n\n\n<p>A questo punto, le forze russe stanno lentamente stringendo il cappio, ma non sono pi\u00f9 sotto pressione a causa del poco tempo a disposizione. L&#8217;obiettivo della smilitarizzazione \u00e8 stato praticamente raggiunto e le forze ucraine residue non hanno pi\u00f9 una struttura di comando operativa e strategica.<\/p>\n\n\n\n<p>Il \u201crallentamento\u201d che i nostri \u201cesperti\u201d attribuiscono alla scarsa logistica \u00e8 solo la conseguenza del raggiungimento degli obiettivi prefissati. La Russia non sembra intenzionata a occupare l&#8217;intero territorio ucraino. Sembra infatti che la Russia stia cercando di limitare la propria avanzata alla frontiera linguistica del Paese.<\/p>\n\n\n\n<p>I nostri media riportano notizie di bombardamenti indiscriminati contro la popolazione civile, in particolare a Kharkov, e immagini terrificanti vengono trasmesse ininterrottamente. Tuttavia, Gonzalo Lira, un latinoamericano che vive l\u00ec, ci presenta una citt\u00e0 tranquilla il 10<sup data-fn=\"d6433bdd-5d6e-446e-ae63-85c20e35b2d8\" class=\"fn\"><a id=\"d6433bdd-5d6e-446e-ae63-85c20e35b2d8-link\" href=\"#d6433bdd-5d6e-446e-ae63-85c20e35b2d8\">14<\/a><\/sup>&nbsp;e l&#8217;11 marzo<sup data-fn=\"0ca9d35e-257b-4d28-8d4d-ef2edd7d404b\" class=\"fn\"><a id=\"0ca9d35e-257b-4d28-8d4d-ef2edd7d404b-link\" href=\"#0ca9d35e-257b-4d28-8d4d-ef2edd7d404b\">15<\/a><\/sup>. \u00c8 sicuramente una grande citt\u00e0 e non vediamo tutto, ma questo sembra indicare che non siamo in guerra totale come quella che ci viene costantemente proposta sui nostri schermi.<\/p>\n\n\n\n<p>Per quanto riguarda le Repubbliche del Donbass, hanno &#8220;liberato&#8221; i propri territori e stanno combattendo nella citt\u00e0 di Mariupol.<\/p>\n\n\n\n<ul class=\"wp-block-list\">\n<li>&#8220;<strong>Denazificazione<\/strong>&#8220;<\/li>\n<\/ul>\n\n\n\n<p>In citt\u00e0 come Kharkov, Mariupol e Odessa, la difesa \u00e8 assicurata da milizie paramilitari. Sanno che l&#8217;obiettivo della &#8220;denazificazione&#8221; \u00e8 rivolto principalmente a loro.<\/p>\n\n\n\n<p>Per un aggressore in un&#8217;area urbana, i civili rappresentano un problema. Ecco perch\u00e9 la Russia sta cercando di creare corridoi umanitari per svuotare le citt\u00e0 dai civili e lasciare che siano solo le milizie a combatterli pi\u00f9 facilmente.<\/p>\n\n\n\n<p>Al contrario, queste milizie cercano di trattenere i civili nelle citt\u00e0 per dissuadere l&#8217;esercito russo dall&#8217;andare a combattere l\u00ec. Ecco perch\u00e9 sono restii a realizzare questi corridoi e stanno facendo di tutto per rendere vani gli sforzi russi: possono cos\u00ec usare la popolazione civile come &#8220;scudi umani&#8221;. Naturalmente, i video che mostrano i civili che cercano di lasciare Mariupol e vengono picchiati dai combattenti dell&#8217;Azov sono qui attentamente censurati.<\/p>\n\n\n\n<p>Su Facebook, il gruppo Azov \u00e8 stato considerato nella stessa categoria dello Stato islamico e soggetto alla &#8220;<em>Politica sugli individui e le organizzazioni pericolose&#8221;<\/em>&nbsp;ha consentito la pubblicazione di post a sostegno<sup data-fn=\"14e539a4-76eb-4f0c-a477-74a3b35a9fea\" class=\"fn\"><a id=\"14e539a4-76eb-4f0c-a477-74a3b35a9fea-link\" href=\"#14e539a4-76eb-4f0c-a477-74a3b35a9fea\">16<\/a><\/sup>&nbsp;della milizia. Sulla stessa linea, a marzo la piattaforma ha autorizzato gli appelli all&#8217;assassinio di militari e leader russi<sup data-fn=\"444c7ae8-e1a6-43a1-aedc-85d71d90fcab\" class=\"fn\"><a id=\"444c7ae8-e1a6-43a1-aedc-85d71d90fcab-link\" href=\"#444c7ae8-e1a6-43a1-aedc-85d71d90fcab\">17<\/a><\/sup>&nbsp;nei paesi dell&#8217;ex blocco orientale. Questi sono i valori che ispirano i nostri leader, come vedremo.<\/p>\n\n\n\n<p>I nostri media diffondono un&#8217;immagine romantica della resistenza popolare. \u00c8 questa immagine che ha spinto l&#8217;Unione Europea a finanziare la distribuzione di armi alla popolazione civile. Questo \u00e8 un atto criminale. Nel mio ruolo di responsabile della dottrina per le operazioni di mantenimento della pace presso le Nazioni Unite, mi sono occupato della questione della protezione dei civili. Abbiamo poi notato che la violenza contro i civili si verificava in contesti molto specifici. Soprattutto quando ci sono molte armi e nessuna struttura di comando.<\/p>\n\n\n\n<p>Tuttavia, queste strutture di comando costituiscono l&#8217;essenza degli eserciti: la loro funzione \u00e8 quella di incanalare l&#8217;uso della forza in base a un obiettivo. Armando i cittadini in modo casuale, come sta accadendo attualmente, l&#8217;UE li sta trasformando in combattenti, con le conseguenze che ne conseguono: potenziali bersagli. Inoltre, senza comando, senza obiettivi operativi, la distribuzione delle armi porta inevitabilmente a regolamenti di conti, banditismo e azioni pi\u00f9 mortali che efficaci. La guerra diventa una questione di emozioni. La forza diventa violenza. \u00c8 quanto accaduto a Tawarga (Libia) dall&#8217;11 al 13 agosto 2011, dove 30.000 neri africani furono massacrati con armi paracadutate (illegalmente) dalla Francia. Inoltre, il Royal Institute for Strategic Studies<sup data-fn=\"ed80ceb5-7e23-4faf-a553-0748dba49fa7\" class=\"fn\"><a id=\"ed80ceb5-7e23-4faf-a553-0748dba49fa7-link\" href=\"#ed80ceb5-7e23-4faf-a553-0748dba49fa7\">18<\/a><\/sup>&nbsp;(RUSI) britannico non vede alcun valore aggiunto in queste forniture di armi.<\/p>\n\n\n\n<p>Inoltre, fornendo armi a un paese in guerra, si rischia di essere considerati belligeranti. Gli attacchi russi alla base aerea di Mykolaiv del 13 marzo 2022 sono stati lanciati in seguito agli avvertimenti russi<sup data-fn=\"23390eec-9341-4432-933e-b7d2e2953d41\" class=\"fn\"><a id=\"23390eec-9341-4432-933e-b7d2e2953d41-link\" href=\"#23390eec-9341-4432-933e-b7d2e2953d41\">19<\/a><\/sup>&nbsp;secondo cui le spedizioni di armi sarebbero state trattate come obiettivi ostili.<\/p>\n\n\n\n<p>L&#8217;Unione Europea sta ripetendo la disastrosa esperienza del Terzo Reich nelle ultime ore della battaglia di Berlino. La guerra dovrebbe essere lasciata ai militari e quando una delle due parti ha perso, bisogna ammetterlo. E se si vuole che ci sia resistenza, questa deve essere condotta e strutturata. Tuttavia, stiamo facendo esattamente il contrario: incoraggiamo i cittadini ad andare a combattere, mentre allo stesso tempo Facebook consente inviti all&#8217;omicidio di militari e leader russi<sup data-fn=\"4e2dfbfd-e279-4cf4-8a02-a0e132237eca\" class=\"fn\"><a id=\"4e2dfbfd-e279-4cf4-8a02-a0e132237eca-link\" href=\"#4e2dfbfd-e279-4cf4-8a02-a0e132237eca\">20<\/a><\/sup>. Ecco i valori che ci ispirano.<\/p>\n\n\n\n<p>Alcuni servizi segreti vedono in questa decisione irresponsabile un modo per usare la popolazione ucraina come carne da cannone per combattere la Russia di Vladimir Putin. Una decisione cos\u00ec letale avrebbe dovuto essere lasciata ai colleghi del nonno di Ursula von der Leyen. Sarebbe stato pi\u00f9 saggio avviare trattative e ottenere cos\u00ec garanzie per la popolazione civile piuttosto che gettare benzina sul fuoco. \u00c8 facile essere combattivi con il sangue degli altri&#8230;<\/p>\n\n\n\n<ul class=\"wp-block-list\">\n<li><strong>Ospedale di maternit\u00e0 di Mariupol<\/strong><\/li>\n<\/ul>\n\n\n\n<p>Innanzitutto \u00e8 importante capire che Mariupol non \u00e8 difesa dall&#8217;esercito ucraino, bens\u00ec dalla milizia Azov, composta da mercenari stranieri.<\/p>\n\n\n\n<p>Nel suo resoconto della situazione del 7 marzo 2022, la missione russa delle Nazioni Unite<sup data-fn=\"e1a6787e-bb4e-4a35-8d72-e4e9fa05e58e\" class=\"fn\"><a id=\"e1a6787e-bb4e-4a35-8d72-e4e9fa05e58e-link\" href=\"#e1a6787e-bb4e-4a35-8d72-e4e9fa05e58e\">21<\/a><\/sup>&nbsp;a New York afferma che &#8220;<em>I residenti riferiscono che le forze armate ucraine hanno espulso il personale dell&#8217;ospedale n. 1 per le nascite nella citt\u00e0 di Mariupol e hanno allestito una postazione di tiro all&#8217;interno della struttura<\/em>&#8220;.<\/p>\n\n\n\n<p>L&#8217;8 marzo, il quotidiano russo indipendente \u041b\u0435\u043d\u0442\u0430.\u0420\u0443<sup data-fn=\"e0a40c4a-35b7-4d31-bcf0-b62e4fe5d9cb\" class=\"fn\"><a id=\"e0a40c4a-35b7-4d31-bcf0-b62e4fe5d9cb-link\" href=\"#e0a40c4a-35b7-4d31-bcf0-b62e4fe5d9cb\">22<\/a><\/sup>&nbsp;ha pubblicato la testimonianza di alcuni civili di Mariupol, i quali hanno affermato che l&#8217;ospedale per la maternit\u00e0 \u00e8 stato preso in consegna dalle milizie del reggimento Azov, che hanno cacciato gli occupanti civili sotto la minaccia delle armi. Confermano cos\u00ec le dichiarazioni rilasciate dall&#8217;ambasciatore russo poche ore prima.<\/p>\n\n\n\n<p>L&#8217;ospedale di Mariupol occupa una posizione dominante, perfetta per l&#8217;installazione di armi anticarro e per scopi di osservazione. Il 9 marzo le forze russe colpirono l&#8217;edificio. Secondo la CNN<sup data-fn=\"f2a281ae-c717-420a-8b3e-d0f330514ee4\" class=\"fn\"><a id=\"f2a281ae-c717-420a-8b3e-d0f330514ee4-link\" href=\"#f2a281ae-c717-420a-8b3e-d0f330514ee4\">23<\/a><\/sup>, ci sono 17 feriti, ma le immagini non mostrano vittime nei locali e non ci sono prove che le vittime in questione siano collegate a questo attacco. Parliamo di bambini, ma in realt\u00e0 non vediamo nulla. Potrebbe essere vero, ma potrebbe anche essere falso&#8230; Il che non impedisce ai leader dell&#8217;UE di considerarlo un crimine di guerra<sup data-fn=\"01425cad-e08f-4861-92a9-74eb099e40fd\" class=\"fn\"><a id=\"01425cad-e08f-4861-92a9-74eb099e40fd-link\" href=\"#01425cad-e08f-4861-92a9-74eb099e40fd\">24<\/a><\/sup>&#8230; Il che consente a Zelensky di chiedere immediatamente una no-fly zone sull&#8217;Ucraina&#8230;<\/p>\n\n\n\n<p>In realt\u00e0 non sappiamo esattamente cosa sia successo. Ma la sequenza degli eventi tende a confermare che le forze russe attaccarono una posizione del reggimento Azov e che il reparto maternit\u00e0 fu quindi sgomberato da tutti i civili.<\/p>\n\n\n\n<p>Il problema \u00e8 che le milizie paramilitari che difendono le citt\u00e0 sono incoraggiate dalla comunit\u00e0 internazionale a non rispettare le regole della guerra. Sembra che gli ucraini abbiano riproposto lo scenario del reparto maternit\u00e0 di Kuwait City del 1990<sup data-fn=\"b471e1c3-e9e9-46aa-8095-b32c696d41b3\" class=\"fn\"><a id=\"b471e1c3-e9e9-46aa-8095-b32c696d41b3-link\" href=\"#b471e1c3-e9e9-46aa-8095-b32c696d41b3\">25<\/a><\/sup>, interamente messo in scena dalla ditta Hill &amp; Knowlton per una somma di 10,7 milioni di dollari, per convincere il Consiglio di sicurezza delle Nazioni Unite a intervenire in Iraq per l&#8217;operazione Desert Shield\/Storm .<\/p>\n\n\n\n<p>Da otto anni i politici occidentali accettano gli attacchi contro i civili nel Donbass, senza adottare alcuna sanzione contro il governo ucraino. Siamo da tempo entrati in una dinamica in cui i politici occidentali hanno accettato di sacrificare il diritto internazionale per il loro obiettivo di indebolire la Russia<sup data-fn=\"7c26e5cd-4402-4691-92a0-abcaa7e834a1\" class=\"fn\"><a id=\"7c26e5cd-4402-4691-92a0-abcaa7e834a1-link\" href=\"#7c26e5cd-4402-4691-92a0-abcaa7e834a1\">26<\/a><\/sup>.<\/p>\n\n\n\n<p><strong>PARTE TERZA: CONCLUSIONI<\/strong><\/p>\n\n\n\n<p>Come ex professionista dell&#8217;intelligence, la prima cosa che mi colpisce \u00e8 la totale assenza dei servizi segreti occidentali nella rappresentazione della situazione nell&#8217;ultimo anno. In Svizzera, i servizi sono stati criticati<sup data-fn=\"eb6374ed-cbd1-4459-bad9-cf7279bc1e1a\" class=\"fn\"><a id=\"eb6374ed-cbd1-4459-bad9-cf7279bc1e1a-link\" href=\"#eb6374ed-cbd1-4459-bad9-cf7279bc1e1a\">27<\/a><\/sup>&nbsp;perch\u00e9 non fornivano un quadro corretto della situazione. Sembra infatti che in tutto il mondo occidentale i servizi siano stati sopraffatti dalla politica. Il problema \u00e8 che sono i politici a decidere: il miglior servizio di intelligence del mondo \u00e8 inutile se chi prende le decisioni non lo ascolta. Ecco cosa \u00e8 successo durante questa crisi.<\/p>\n\n\n\n<p>Detto questo, mentre alcuni servizi segreti avevano un quadro molto preciso e razionale della situazione, altri avevano chiaramente la stessa immagine propagata dai nostri media. In questa crisi, i servizi dei paesi della &#8220;nuova Europa&#8221; hanno svolto un ruolo importante. Il problema \u00e8 che, per esperienza, li ho trovati estremamente scadenti dal punto di vista analitico: dottrinari, mancano dell&#8217;indipendenza intellettuale e politica necessaria per valutare una situazione con &#8220;qualit\u00e0&#8221; militare. \u00c8 meglio averli come nemici che come amici.<\/p>\n\n\n\n<p>Sembra poi che in alcuni paesi europei i politici abbiano deliberatamente ignorato i loro servizi per rispondere ideologicamente alla situazione. Ecco perch\u00e9 questa crisi \u00e8 stata irrazionale fin dall&#8217;inizio. Va notato che tutti i documenti presentati al pubblico durante questa crisi sono stati presentati da politici sulla base di fonti commerciali&#8230;<\/p>\n\n\n\n<p>Alcuni politici occidentali volevano chiaramente che ci fosse un conflitto. Negli Stati Uniti, gli scenari di attacco presentati da Anthony Blinken al Consiglio di sicurezza erano semplicemente frutto dell&#8217;immaginazione di un Tiger Team che lavorava per lui<sup data-fn=\"748a8562-dbb4-4dda-89e9-b15ebdca18d4\" class=\"fn\"><a id=\"748a8562-dbb4-4dda-89e9-b15ebdca18d4-link\" href=\"#748a8562-dbb4-4dda-89e9-b15ebdca18d4\">28<\/a><\/sup>: fece esattamente come fece Donald Rumsfeld nel 2002, &#8220;aggirando&#8221; la CIA e altri servizi segreti che erano molto meno assertivi riguardo alle armi chimiche irachene.<\/p>\n\n\n\n<p>Gli sviluppi drammatici a cui stiamo assistendo oggi hanno cause che conoscevamo, ma che ci siamo rifiutati di vedere:<\/p>\n\n\n\n<p>\u2013 sul piano strategico, l\u2019espansione della NATO (di cui non ci siamo occupati qui);<br>\u2013 sul piano politico, il rifiuto occidentale di attuare gli accordi di Minsk;<br>\u2013 e sul piano operativo, i continui e ripetuti attacchi alla popolazione civile del Donbass negli ultimi anni e il drammatico aumento alla fine di febbraio 2022.<\/p>\n\n\n\n<p>In altre parole, possiamo naturalmente deplorare e condannare l&#8217;attacco russo. Ma NOI (vale a dire: Stati Uniti, Francia e Unione Europea in prima linea) abbiamo creato le condizioni affinch\u00e9 scoppiasse un conflitto. Esprimiamo la nostra compassione per il popolo ucraino e per i due milioni di rifugiati<sup data-fn=\"234cf2e8-9e9b-4b37-af28-db6d4b9fb227\" class=\"fn\"><a id=\"234cf2e8-9e9b-4b37-af28-db6d4b9fb227-link\" href=\"#234cf2e8-9e9b-4b37-af28-db6d4b9fb227\">29<\/a><\/sup>. Va bene. Ma se avessimo avuto un minimo di compassione per lo stesso numero di rifugiati della popolazione ucraina del Donbass<sup data-fn=\"9f6404ff-7c0e-44e4-8971-5c6f6a6effc1\" class=\"fn\"><a id=\"9f6404ff-7c0e-44e4-8971-5c6f6a6effc1-link\" href=\"#9f6404ff-7c0e-44e4-8971-5c6f6a6effc1\">30<\/a><\/sup>&nbsp;massacrati dal loro stesso governo e che si sono accumulati in Russia per otto anni, probabilmente niente di tutto questo sarebbe accaduto.<\/p>\n\n\n<div class=\"wp-block-image\">\n<figure class=\"aligncenter\"><img decoding=\"async\" src=\"https:\/\/qph.cf2.quoracdn.net\/main-qimg-c6abe9ec865bd49b9b30bd575ee8740e\" alt=\"\"\/><\/figure>\n<\/div>\n\n\n<p>Se il termine &#8220;genocidio&#8221; si applichi o meno alle atrocit\u00e0 subite dalla popolazione del Donbass \u00e8 una questione aperta. Questo termine \u00e8 generalmente riservato ai casi pi\u00f9 ampi (Olocausto, ecc.); tuttavia, la definizione data dalla Convenzione sul genocidio<sup data-fn=\"9d42f19e-a2b9-445f-b97d-2979823276f3\" class=\"fn\"><a id=\"9d42f19e-a2b9-445f-b97d-2979823276f3-link\" href=\"#9d42f19e-a2b9-445f-b97d-2979823276f3\">31<\/a><\/sup>&nbsp;\u00e8 probabilmente sufficientemente ampia da poter essere applicata anche a questo caso. Gli avvocati lo apprezzeranno.<\/p>\n\n\n\n<p>\u00c8 chiaro che questo conflitto ci ha condotto all&#8217;isteria. Le sanzioni sembrano essere diventate lo strumento preferito della nostra politica estera. Se avessimo insistito affinch\u00e9 l&#8217;Ucraina rispettasse gli accordi di Minsk, da noi negoziati e approvati, niente di tutto questo sarebbe successo. La condanna di Vladimir Putin \u00e8 anche la nostra. Non ha senso lamentarsi a posteriori, avresti dovuto agire prima. Tuttavia, n\u00e9 Emmanuel Macron (in qualit\u00e0 di garante e membro del Consiglio di sicurezza dell&#8217;ONU), n\u00e9 Olaf Scholz, n\u00e9 Volodymyr Zelensky hanno rispettato i loro impegni. In definitiva, la vera sconfitta \u00e8 quella di chi non parla.<\/p>\n\n\n\n<p>L&#8217;Unione Europea non \u00e8 stata in grado di promuovere l&#8217;attuazione degli accordi di Minsk; al contrario, non ha reagito quando l&#8217;Ucraina ha bombardato la propria popolazione nel Donbass. Se lo avesse fatto, Vladimir Putin non avrebbe avuto bisogno di reagire. Assente dalla fase diplomatica, l&#8217;UE si \u00e8 distinta alimentando il conflitto. Il 27 febbraio il governo ucraino ha accettato di avviare i negoziati<sup data-fn=\"5b4f7d41-0e8d-4764-9308-f3a38f17c1ee\" class=\"fn\"><a id=\"5b4f7d41-0e8d-4764-9308-f3a38f17c1ee-link\" href=\"#5b4f7d41-0e8d-4764-9308-f3a38f17c1ee\">32<\/a><\/sup>&nbsp;con la Russia. Ma poche ore dopo, l&#8217;Unione Europea ha votato un bilancio di 450 milioni di euro per la fornitura di armi<sup data-fn=\"856377b7-947d-41ad-9d02-2ba5b28b88f1\" class=\"fn\"><a id=\"856377b7-947d-41ad-9d02-2ba5b28b88f1-link\" href=\"#856377b7-947d-41ad-9d02-2ba5b28b88f1\">33<\/a><\/sup>&nbsp;all&#8217;Ucraina, gettando benzina sul fuoco. Da questo momento in poi, gli ucraini ritengono che non sar\u00e0 pi\u00f9 necessario raggiungere un accordo. La resistenza delle milizie Azov a Mariupol porter\u00e0 addirittura a un aumento di 500 milioni di euro per le armi<sup data-fn=\"24fe39e6-6f34-4b55-9d84-5ecd80bc570c\" class=\"fn\"><a id=\"24fe39e6-6f34-4b55-9d84-5ecd80bc570c-link\" href=\"#24fe39e6-6f34-4b55-9d84-5ecd80bc570c\">34<\/a><\/sup>.<\/p>\n\n\n\n<p>In Ucraina, con la benedizione dei paesi occidentali, coloro che sono favorevoli ai negoziati vengono eliminati. \u00c8 il caso di Denis Kireyev, uno dei negoziatori ucraini, assassinato il 5 marzo<sup data-fn=\"e7ddfbda-6c4c-4d3b-85d1-71bd80b0cdf5\" class=\"fn\"><a id=\"e7ddfbda-6c4c-4d3b-85d1-71bd80b0cdf5-link\" href=\"#e7ddfbda-6c4c-4d3b-85d1-71bd80b0cdf5\">35<\/a><\/sup>&nbsp;dai servizi segreti ucraini (SBU) perch\u00e9 troppo favorevole alla Russia e ritenuto un traditore. Stessa sorte \u00e8 toccata a Dmitry Demyanenko, ex vice capo della direzione principale dell&#8217;SBU per Kiev e la sua regione, assassinato il 10 marzo<sup data-fn=\"555b31b8-b9db-4a2e-bb4a-0266538ae616\" class=\"fn\"><a id=\"555b31b8-b9db-4a2e-bb4a-0266538ae616-link\" href=\"#555b31b8-b9db-4a2e-bb4a-0266538ae616\">36<\/a><\/sup>&nbsp;perch\u00e9 troppo favorevole a un accordo con la Russia: \u00e8 stato ucciso a colpi di arma da fuoco dalla milizia Mirotvorets (&#8220;Colui che pacifica&#8221;). Questa milizia \u00e8 associata al sito web Mirotvorets, che elenca i &#8221; nemici dell&#8217;Ucraina&#8221; con i loro dati personali, indirizzi e numeri di telefono, in modo che possano essere molestati o addirittura eliminati<sup data-fn=\"bf3cebaf-f9ad-407c-8c72-2b5ce1995220\" class=\"fn\"><a id=\"bf3cebaf-f9ad-407c-8c72-2b5ce1995220-link\" href=\"#bf3cebaf-f9ad-407c-8c72-2b5ce1995220\">37<\/a><\/sup>; una pratica punibile in molti paesi, ma non in Ucraina<sup data-fn=\"ee7a4ccb-b811-40d5-ba22-76b0c5fcd1a7\" class=\"fn\"><a id=\"ee7a4ccb-b811-40d5-ba22-76b0c5fcd1a7-link\" href=\"#ee7a4ccb-b811-40d5-ba22-76b0c5fcd1a7\">38<\/a><\/sup>. L&#8217;ONU e alcuni paesi europei ne chiesero la chiusura, richiesta respinta dalla Rada.<\/p>\n\n\n\n<p>Alla fine il prezzo sar\u00e0 alto, ma \u00e8 probabile che Vladimir Putin raggiunga gli obiettivi che si \u00e8 prefissato. I suoi legami con Pechino si sono consolidati. La Cina emerge come mediatore nel conflitto, mentre la Svizzera entra nella lista dei nemici della Russia. Gli americani devono esigere petrolio dal Venezuela e dall&#8217;Iran per uscire dall&#8217;impasse energetica in cui si sono cacciati: Juan Guaid\u00f3 sta abbandonando definitivamente la scena e gli Stati Uniti devono pietosamente revocare le sanzioni imposte ai propri nemici.<\/p>\n\n\n\n<p>I ministri occidentali che cercano di far crollare l&#8217;economia russa<sup data-fn=\"53a9b3c6-4e48-46f5-ad70-ec8c2cdd4a44\" class=\"fn\"><a id=\"53a9b3c6-4e48-46f5-ad70-ec8c2cdd4a44-link\" href=\"#53a9b3c6-4e48-46f5-ad70-ec8c2cdd4a44\">39<\/a><\/sup>&nbsp;e di far soffrire il popolo russo<sup data-fn=\"95bd86fa-0bcd-4019-a23a-ca115902b164\" class=\"fn\"><a id=\"95bd86fa-0bcd-4019-a23a-ca115902b164-link\" href=\"#95bd86fa-0bcd-4019-a23a-ca115902b164\">40<\/a><\/sup>, o addirittura chiedono l&#8217;assassinio di Putin<sup data-fn=\"7d3c09a9-7312-4a80-ae31-ccadbb868eb0\" class=\"fn\"><a id=\"7d3c09a9-7312-4a80-ae31-ccadbb868eb0-link\" href=\"#7d3c09a9-7312-4a80-ae31-ccadbb868eb0\">41<\/a><\/sup>, dimostrano (anche se hanno invertito parzialmente la forma delle loro dichiarazioni, ma non la sostanza!) che i nostri leader non sono migliori di quelli che odiamo. Perch\u00e9 sanzionare gli atleti paralimpici russi o gli artisti russi non ha assolutamente nulla a che fare con la lotta a Putin.<\/p>\n\n\n\n<p>Quindi riconosciamo che la Russia \u00e8 una democrazia perch\u00e9 consideriamo il popolo russo responsabile della guerra. Se non \u00e8 cos\u00ec, perch\u00e9 allora cerchiamo di punire un&#8217;intera popolazione per la colpa di una sola? Ricordiamo che le punizioni collettive sono proibite dalle Convenzioni di Ginevra&#8230;<\/p>\n\n\n\n<p>La lezione da imparare da questo conflitto \u00e8 il nostro senso di umanit\u00e0, che \u00e8 una geometria variabile. Se ci importava cos\u00ec tanto della pace e dell&#8217;Ucraina, perch\u00e9 non abbiamo fatto di pi\u00f9 per incoraggiarla a rispettare gli accordi che aveva firmato e che i membri del Consiglio di sicurezza avevano approvato?<\/p>\n\n\n\n<p>L&#8217;integrit\u00e0 dei media si misura dalla loro volont\u00e0 di operare secondo i termini della Carta di Monaco. Erano riusciti a diffondere l&#8217;odio verso i cinesi<sup data-fn=\"051eae53-4db3-444b-af2f-2acf1bd83111\" class=\"fn\"><a id=\"051eae53-4db3-444b-af2f-2acf1bd83111-link\" href=\"#051eae53-4db3-444b-af2f-2acf1bd83111\">42<\/a><\/sup>&nbsp;durante la crisi del Covid e il loro messaggio polarizzato produce gli stessi effetti contro i russi<sup data-fn=\"fe9499c6-34e3-44ae-b275-f6af45c52ece\" class=\"fn\"><a id=\"fe9499c6-34e3-44ae-b275-f6af45c52ece-link\" href=\"#fe9499c6-34e3-44ae-b275-f6af45c52ece\">43<\/a><\/sup>. Il giornalismo si sta spogliando sempre pi\u00f9 della sua professionalit\u00e0 per diventare militante&#8230;<\/p>\n\n\n\n<p>Come diceva Goethe: &#8220;Quanto pi\u00f9 grande \u00e8 la luce, tanto pi\u00f9 oscura \u00e8 l&#8217;ombra&#8221;. Quanto pi\u00f9 eccessive diventano le sanzioni contro la Russia, tanto pi\u00f9 i casi in cui non abbiamo fatto nulla mettono in luce il nostro razzismo e il nostro servilismo. Perch\u00e9 da otto anni nessun politico occidentale risponde agli attacchi contro i civili nel Donbass?<\/p>\n\n\n\n<p>Perch\u00e9, in ultima analisi, cosa rende il conflitto in Ucraina pi\u00f9 riprovevole della guerra in Iraq, Afghanistan o Libia? Quali sanzioni abbiamo adottato contro coloro che hanno deliberatamente mentito alla comunit\u00e0 internazionale per scatenare guerre ingiuste, ingiustificate, ingiustificabili e omicide? Abbiamo cercato di &#8220;far soffrire il popolo americano&#8221; dopo che ci hanno mentito (perch\u00e9 siamo una democrazia!) prima della guerra in Iraq? Abbiamo adottato almeno una sola sanzione contro i paesi, le aziende o i politici che stanno alimentando il conflitto in Yemen, considerato la &#8221; peggiore catastrofe umanitaria del mondo<sup data-fn=\"9ad63b8b-4c4b-42ce-a9d2-c8d9dc91eaa7\" class=\"fn\"><a id=\"9ad63b8b-4c4b-42ce-a9d2-c8d9dc91eaa7-link\" href=\"#9ad63b8b-4c4b-42ce-a9d2-c8d9dc91eaa7\">44<\/a><\/sup>&#8220;? Abbiamo sanzionato i paesi dell&#8217;Unione Europea che praticano la tortura pi\u00f9 abietta sul loro territorio a vantaggio degli Stati Uniti?<\/p>\n\n\n\n<p>Porre la domanda significa rispondere&#8230; e la risposta non \u00e8 gloriosa.<\/p>\n\n\n\n<hr class=\"wp-block-separator has-alpha-channel-opacity\"\/>\n\n\n\n<p><strong>Commento all&#8217;art.<\/strong><\/p>\n\n\n\n<p>L&#8217;ultimo report delle Nazioni Unite su quanto accadeva in Donbas prima dell&#8217;invasione russa \u00e8 del 27 Gen 2022 e dice:<\/p>\n\n\n\n<blockquote class=\"wp-block-quote is-layout-flow wp-block-quote-is-layout-flow\">\n<p class=\"has-small-font-size\">L&#8217;OHCHR stima che il numero totale di vittime legate al conflitto in Ucraina dal 14 aprile 2014 al 31 dicembre 2021 sia compreso tra 51.000 e 54.000: 14.200-14.400 morti.<\/p>\n\n\n\n<p class=\"has-small-font-size\">Fonte:&nbsp;<a href=\"https:\/\/ukraine.un.org\/en\/download\/96187\/168060\" target=\"_blank\" rel=\"noreferrer noopener\">https:\/\/ukraine.un.org\/en\/download\/96187\/168060<\/a>&nbsp;(1,3 Mb .pdf)<\/p>\n<\/blockquote>\n\n\n\n<p>Il report \u00e8 stato chiuso al 30 Dicembre 2021, ma se aggiungiamo tutto quel che accadde fino alle 24:00H del 23 Feb 2022 sicuramente troveremmo un numero molto pi\u00f9 alto di quel che dovrebbe risultare facendo una proporzione dei 54 giorni che vanno dal 1\/1\/2022 al 23\/2\/2022 a causa dell&#8217;elevato incremento del numero delle esplosioni avvenute negli 8 giorni prima dell&#8217;invasione russa.<\/p>\n\n\n\n<p>Quindi la guerra in Ucraina in realt\u00e0 \u00e8 iniziata 8 giorni prima che arrivassero i russi, a questo punto chi sono gli aggressori e gli aggrediti? Ovviamente non ci hanno detto nulla di quel che accadeva e Biden se ne viene fuori belle e buono a fare l&#8217;indovino dicendo che i Russi avrebbero invaso l&#8217;Ucraina, quando sapeva benissimo che l&#8217;occidente stava attuando una strategia per provocare l&#8217;intervento dell&#8217;orso.<\/p>\n\n\n\n<p>Nello stesso mese in cui \u00e8 stato scritto l&#8217;articolo si stavano facendo segretamente delle trattative di pace a Istambul, che erano anche se appare strano, lo scopo di Putin, ma usando la diplomazia prima non l&#8217;avevano capita. Ora il popolo occidentale di fronte al risveglio dell&#8217;Orso, anche se piuttosto stupito, approva delle manovre per aiutare Kiev con delle armi e aiuti umanitari ma a questo articolo \u00e8 molto interessante abbinare la cronistoria del fallimento delle trattative di pace<sup data-fn=\"75f13323-fb98-4f32-b3e0-24506f73a365\" class=\"fn\"><a id=\"75f13323-fb98-4f32-b3e0-24506f73a365-link\" href=\"#75f13323-fb98-4f32-b3e0-24506f73a365\">45<\/a><\/sup>. Tutte le informazioni su presunte trattative erano diventate propaganda fino a credere che non fossero mai esistite, occorreva nascondere che Boris Johnson era colui che \u00e8 piovuto a Kiev ordinando di non firmare alcun trattato di pace. Cos\u00ec gli occidentali hanno perso l&#8217;occasione pi\u00f9 importante, fare in modo che la Russia non vinca alcun conflitto in quanto firmando il trattato di pace, non sarebbe mai avvenuto.<\/p>\n\n\n\n<p>Il Post \u00e8 stato diviso in due parti:&nbsp;<a href=\"https:\/\/senzatempo.org\/index.php\/2025\/04\/07\/e-possibile-sapere-realmente-cosa-e-successo-e-cosa-sta-succedendo-in-ucraina-1-parte\/\" target=\"_blank\" rel=\"noreferrer noopener\">1\u00b0 Parte<\/a><strong>, 2\u00b0 Parte<\/strong><\/p>\n\n\n\n<p><strong>Nota Bene<\/strong><br>I link che trovate a&nbsp;<em>pi\u00e8 di pagina<\/em>&nbsp;sono quelli originali e dopo tre anni potrebbero non funzionare per varie ragioni, la prima fra tutte la rimozione del contenuto o la chiusura dell&#8217;account che lo aveva inserito.<\/p>\n\n\n\n<hr class=\"wp-block-separator has-alpha-channel-opacity\"\/>\n\n\n\n<p><strong>Jacques Baud<\/strong>&nbsp;\u00e8 un ex colonnello dello Stato maggiore generale, ex membro dell&#8217;intelligence strategica svizzera ed esperto dei paesi dell&#8217;Europa orientale. Fu addestrato nei servizi segreti americani e britannici. Fu a capo della dottrina per le operazioni di pace delle Nazioni Unite. Esperto delle Nazioni Unite in materia di stato di diritto e istituzioni di sicurezza, ha progettato e guidato il primo servizio di intelligence multidimensionale delle Nazioni Unite in Sudan. Ha lavorato per l&#8217;Unione Africana ed \u00e8 stato responsabile della lotta alla proliferazione delle armi leggere presso la NATO per cinque anni. Subito dopo la caduta dell&#8217;URSS, ebbe modo di discutere con alti funzionari dell&#8217;esercito e dell&#8217;intelligence russa. All&#8217;interno della NATO, ha seguito la crisi ucraina del 2014, partecipando poi ai programmi di assistenza all&#8217;Ucraina. \u00c8 autore di numerosi libri su intelligence, guerra e terrorismo, tra cui Le D\u00e9tournement (Il dirottamento) pubblicato da SIGEST, Governing by Fake News, The Navalny Affair e Putin, Master of the Game? pubblicato da Max Milo.<\/p>\n\n\n\n<p>La sua ultima opera, \u00ab<strong>Putin, padrone del gioco?<\/strong>\u00bb, edizioni Max Milo, pubblicata il 16 marzo 2022.<\/p>\n\n\n\n<p><strong>Note a pi\u00e8 di pagina<\/strong><\/p>\n\n\n<ol class=\"wp-block-footnotes\"><li id=\"52ffc136-090d-499f-afcd-97e17f120c86\"><a href=\"https:\/\/www.president.gov.ua\/documents\/1172021-37533\" target=\"_blank\" rel=\"noreferrer noopener\">https:\/\/www.president.gov.ua\/documents\/1172021-37533<\/a> <a href=\"#52ffc136-090d-499f-afcd-97e17f120c86-link\" aria-label=\"Salta al riferimento nella nota a pi\u00e8 di pagina 1\">\u21a9\ufe0e<\/a><\/li><li id=\"c995e471-e0f4-4081-8c35-3008ad6e71ad\"><a href=\"https:\/\/www.president.gov.ua\/news\/prezident-zatverdiv-strategiyu-deokupaciyi-ta-reintegraciyi-67321\" target=\"_blank\" rel=\"noreferrer noopener\">https:\/\/www.president.gov.ua\/news\/prezident-zatverdiv-strategiyu-deokupaciyi-ta-reintegraciyi-67321<\/a> <a href=\"#c995e471-e0f4-4081-8c35-3008ad6e71ad-link\" aria-label=\"Salta al riferimento nella nota a pi\u00e8 di pagina 2\">\u21a9\ufe0e<\/a><\/li><li id=\"44d40cbe-bd44-4f93-89c7-25d59e558cfb\"><a href=\"https:\/\/www.janes.com\/defence-news\/news-detail\/us-uk-surge-surveillance-flights-over-ukraine-and-black-sea\" target=\"_blank\" rel=\"noreferrer noopener\">https:\/\/www.janes.com\/defence-news\/news-detail\/us-uk-surge-surveillance-flights-over-ukraine-and-black-sea<\/a> <a href=\"#44d40cbe-bd44-4f93-89c7-25d59e558cfb-link\" aria-label=\"Salta al riferimento nella nota a pi\u00e8 di pagina 3\">\u21a9\ufe0e<\/a><\/li><li id=\"4f6306ea-7944-41e0-a967-5eb6e77134cd\"><a href=\"https:\/\/kyivindependent.com\/hot-topic\/defense-minister-downplays-russias-threat-says-its-similar-to-that-of-spring-2021\/\" target=\"_blank\" rel=\"noreferrer noopener\">https:\/\/kyivindependent.com\/hot-topic\/defense-minister-downplays-russias-threat-says-its-similar-to-that-of-spring-2021\/<\/a> <a href=\"#4f6306ea-7944-41e0-a967-5eb6e77134cd-link\" aria-label=\"Salta al riferimento nella nota a pi\u00e8 di pagina 4\">\u21a9\ufe0e<\/a><\/li><li id=\"5d7058bd-4ac7-4ff8-b2f3-3403479a0fb9\"><a href=\"https:\/\/nationalinterest.org\/feature\/ukraine%E2%80%99s-recent-drone-strike-reignites-tensions-donbass-195709\" target=\"_blank\" rel=\"noreferrer noopener\">https:\/\/nationalinterest.org\/feature\/ukraine%E2%80%99s-recent-drone-strike-reignites-tensions-donbass-195709<\/a> <a href=\"#5d7058bd-4ac7-4ff8-b2f3-3403479a0fb9-link\" aria-label=\"Salta al riferimento nella nota a pi\u00e8 di pagina 5\">\u21a9\ufe0e<\/a><\/li><li id=\"acb73902-89c4-4e51-94da-bac662e9b70f\"><a href=\"https:\/\/www.youtube.com\/watch?v=QHDAYz7g4u4\" target=\"_blank\" rel=\"noreferrer noopener\">https:\/\/www.youtube.com\/watch?v=QHDAYz7g4u4<\/a> <a href=\"#acb73902-89c4-4e51-94da-bac662e9b70f-link\" aria-label=\"Salta al riferimento nella nota a pi\u00e8 di pagina 6\">\u21a9\ufe0e<\/a><\/li><li id=\"32fdf012-111d-4e33-b400-257065fa5d60\"><a href=\"https:\/\/www.youtube.com\/watch?v=InrDN7jYVOs\">https:\/\/www.youtube.com\/watch?v=InrDN7jYVOs<\/a> <a href=\"#32fdf012-111d-4e33-b400-257065fa5d60-link\" aria-label=\"Salta al riferimento nella nota a pi\u00e8 di pagina 7\">\u21a9\ufe0e<\/a><\/li><li id=\"73db28ca-69ec-41c8-9d68-8a74980344d2\"><a href=\"https:\/\/www.aa.com.tr\/en\/europe\/normandy-format-talks-in-berlin-end-without-tangible-results\/2499568\">https:\/\/www.aa.com.tr\/en\/europe\/normandy-format-talks-in-berlin-end-without-tangible-results\/2499568<\/a> <a href=\"#73db28ca-69ec-41c8-9d68-8a74980344d2-link\" aria-label=\"Salta al riferimento nella nota a pi\u00e8 di pagina 8\">\u21a9\ufe0e<\/a><\/li><li id=\"7cf7efde-9334-4539-b117-51aab440507a\"><a href=\"https:\/\/edition.cnn.com\/2022\/02\/17\/politics\/joe-biden-russia\/index.html\" target=\"_blank\" rel=\"noreferrer noopener\">https:\/\/edition.cnn.com\/2022\/02\/17\/politics\/joe-biden-russia\/index.html<\/a> <a href=\"#7cf7efde-9334-4539-b117-51aab440507a-link\" aria-label=\"Salta al riferimento nella nota a pi\u00e8 di pagina 9\">\u21a9\ufe0e<\/a><\/li><li id=\"2546e157-cdff-4b7d-b27c-cd8be70af517\"><a href=\"https:\/\/sprotyv.info\/news\/okkupanty-minirujut-mesta-hraneniya-ammiaka-na-zavode-stirol-dannye-gruppy-is\" target=\"_blank\" rel=\"noreferrer noopener\">https:\/\/sprotyv.info\/news\/okkupanty-minirujut-mesta-hraneniya-ammiaka-na-zavode-stirol-dannye-gruppy-is<\/a> <a href=\"#2546e157-cdff-4b7d-b27c-cd8be70af517-link\" aria-label=\"Salta al riferimento nella nota a pi\u00e8 di pagina 10\">\u21a9\ufe0e<\/a><\/li><li id=\"95dc4780-c526-46ab-8db3-fe4995c0f973\"><a href=\"https:\/\/news.yahoo.com\/cia-trained-ukrainian-paramilitaries-may-take-central-role-if-russia-invades-185258008.html\" target=\"_blank\" rel=\"noreferrer noopener\">https:\/\/news.yahoo.com\/cia-trained-ukrainian-paramilitaries-may-take-central-role-if-russia-invades-185258008.html<\/a> <a href=\"#95dc4780-c526-46ab-8db3-fe4995c0f973-link\" aria-label=\"Salta al riferimento nella nota a pi\u00e8 di pagina 11\">\u21a9\ufe0e<\/a><\/li><li id=\"7b8217fe-5001-424b-a0fa-81ec963ae95e\"><a href=\"https:\/\/t.me\/intelslava\/20722\" target=\"_blank\" rel=\"noreferrer noopener\">https:\/\/t.me\/intelslava\/20722<\/a> <a href=\"#7b8217fe-5001-424b-a0fa-81ec963ae95e-link\" aria-label=\"Salta al riferimento nella nota a pi\u00e8 di pagina 12\">\u21a9\ufe0e<\/a><\/li><li id=\"52915f7d-2f2c-4758-8e11-3cf5760684ca\"><a href=\"https:\/\/www.youtube.com\/watch?v=e4phB-_pXDM&amp;t=1224s\" target=\"_blank\" rel=\"noreferrer noopener\">https:\/\/www.youtube.com\/watch?v=e4phB-_pXDM&amp;t=1224s<\/a> <a href=\"#52915f7d-2f2c-4758-8e11-3cf5760684ca-link\" aria-label=\"Salta al riferimento nella nota a pi\u00e8 di pagina 13\">\u21a9\ufe0e<\/a><\/li><li id=\"d6433bdd-5d6e-446e-ae63-85c20e35b2d8\"><a href=\"https:\/\/www.youtube.com\/watch?v=Uecv6AX8P3Q\" target=\"_blank\" rel=\"noreferrer noopener\">https:\/\/www.youtube.com\/watch?v=Uecv6AX8P3Q<\/a> <a href=\"#d6433bdd-5d6e-446e-ae63-85c20e35b2d8-link\" aria-label=\"Salta al riferimento nella nota a pi\u00e8 di pagina 14\">\u21a9\ufe0e<\/a><\/li><li id=\"0ca9d35e-257b-4d28-8d4d-ef2edd7d404b\"><a href=\"https:\/\/youtu.be\/b8RNhQjjn-4\" target=\"_blank\" rel=\"noreferrer noopener\">https:\/\/youtu.be\/b8RNhQjjn-4<\/a> <a href=\"#0ca9d35e-257b-4d28-8d4d-ef2edd7d404b-link\" aria-label=\"Salta al riferimento nella nota a pi\u00e8 di pagina 15\">\u21a9\ufe0e<\/a><\/li><li id=\"14e539a4-76eb-4f0c-a477-74a3b35a9fea\"><a href=\"https:\/\/theintercept.com\/2022\/02\/24\/ukraine-facebook-azov-battalion-russia\/\" target=\"_blank\" rel=\"noreferrer noopener\">https:\/\/theintercept.com\/2022\/02\/24\/ukraine-facebook-azov-battalion-russia\/<\/a> <a href=\"#14e539a4-76eb-4f0c-a477-74a3b35a9fea-link\" aria-label=\"Salta al riferimento nella nota a pi\u00e8 di pagina 16\">\u21a9\ufe0e<\/a><\/li><li id=\"444c7ae8-e1a6-43a1-aedc-85d71d90fcab\"><a href=\"https:\/\/www.theguardian.com\/technology\/2022\/mar\/11\/facebook-and-instagram-let-users-call-for-death-to-russian-soldiers-over-ukraine\" target=\"_blank\" rel=\"noreferrer noopener\">https:\/\/www.theguardian.com\/technology\/2022\/mar\/11\/facebook-and-instagram-let-users-call-for-death-to-russian-soldiers-over-ukraine<\/a> <a href=\"#444c7ae8-e1a6-43a1-aedc-85d71d90fcab-link\" aria-label=\"Salta al riferimento nella nota a pi\u00e8 di pagina 17\">\u21a9\ufe0e<\/a><\/li><li id=\"ed80ceb5-7e23-4faf-a553-0748dba49fa7\"><a href=\"https:\/\/rusi.org\/explore-our-research\/publications\/commentary\/what-do-uk-weapons-deliveries-add-ukraines-armed-forces\" target=\"_blank\" rel=\"noreferrer noopener\">https:\/\/rusi.org\/explore-our-research\/publications\/commentary\/what-do-uk-weapons-deliveries-add-ukraines-armed-forces<\/a> <a href=\"#ed80ceb5-7e23-4faf-a553-0748dba49fa7-link\" aria-label=\"Salta al riferimento nella nota a pi\u00e8 di pagina 18\">\u21a9\ufe0e<\/a><\/li><li id=\"23390eec-9341-4432-933e-b7d2e2953d41\"><a href=\"https:\/\/www.aljazeera.com\/news\/2022\/3\/12\/russia-says-it-could-target-western-arms-supplies-to-ukraine\" target=\"_blank\" rel=\"noreferrer noopener\">https:\/\/www.aljazeera.com\/news\/2022\/3\/12\/russia-says-it-could-target-western-arms-supplies-to-ukraine<\/a> <a href=\"#23390eec-9341-4432-933e-b7d2e2953d41-link\" aria-label=\"Salta al riferimento nella nota a pi\u00e8 di pagina 19\">\u21a9\ufe0e<\/a><\/li><li id=\"4e2dfbfd-e279-4cf4-8a02-a0e132237eca\"><a href=\"https:\/\/www.theguardian.com\/technology\/2022\/mar\/11\/facebook-and-instagram-let-users-call-for-death-to-russian-soldiers-over-ukraine\" target=\"_blank\" rel=\"noreferrer noopener\">https:\/\/www.theguardian.com\/technology\/2022\/mar\/11\/facebook-and-instagram-let-users-call-for-death-to-russian-soldiers-over-ukraine<\/a> <a href=\"#4e2dfbfd-e279-4cf4-8a02-a0e132237eca-link\" aria-label=\"Salta al riferimento nella nota a pi\u00e8 di pagina 20\">\u21a9\ufe0e<\/a><\/li><li id=\"e1a6787e-bb4e-4a35-8d72-e4e9fa05e58e\"><a href=\"https:\/\/russiaun.ru\/en\/news\/070322n\" target=\"_blank\" rel=\"noreferrer noopener\">https:\/\/russiaun.ru\/en\/news\/070322n<\/a> <a href=\"#e1a6787e-bb4e-4a35-8d72-e4e9fa05e58e-link\" aria-label=\"Salta al riferimento nella nota a pi\u00e8 di pagina 21\">\u21a9\ufe0e<\/a><\/li><li id=\"e0a40c4a-35b7-4d31-bcf0-b62e4fe5d9cb\"><a href=\"https:\/\/lenta.ru\/articles\/2022\/03\/08\/mariupol\/\" target=\"_blank\" rel=\"noreferrer noopener\">https:\/\/lenta.ru\/articles\/2022\/03\/08\/mariupol\/<\/a> <a href=\"#e0a40c4a-35b7-4d31-bcf0-b62e4fe5d9cb-link\" aria-label=\"Salta al riferimento nella nota a pi\u00e8 di pagina 22\">\u21a9\ufe0e<\/a><\/li><li id=\"f2a281ae-c717-420a-8b3e-d0f330514ee4\"><a href=\"https:\/\/edition.cnn.com\/2022\/03\/09\/europe\/russia-invasion-ukraine-evacuations-03-09-intl\/index.html\" target=\"_blank\" rel=\"noreferrer noopener\">https:\/\/edition.cnn.com\/2022\/03\/09\/europe\/russia-invasion-ukraine-evacuations-03-09-intl\/index.html<\/a> <a href=\"#f2a281ae-c717-420a-8b3e-d0f330514ee4-link\" aria-label=\"Salta al riferimento nella nota a pi\u00e8 di pagina 23\">\u21a9\ufe0e<\/a><\/li><li id=\"01425cad-e08f-4861-92a9-74eb099e40fd\"><a href=\"https:\/\/www.timesofisrael.com\/eu-condemns-russian-bombing-of-mariupol-maternity-hospital-as-a-war-crime\/\" target=\"_blank\" rel=\"noreferrer noopener\">https:\/\/www.timesofisrael.com\/eu-condemns-russian-bombing-of-mariupol-maternity-hospital-as-a-war-crime\/<\/a> <a href=\"#01425cad-e08f-4861-92a9-74eb099e40fd-link\" aria-label=\"Salta al riferimento nella nota a pi\u00e8 di pagina 24\">\u21a9\ufe0e<\/a><\/li><li id=\"b471e1c3-e9e9-46aa-8095-b32c696d41b3\"><a href=\"https:\/\/www.youtube.com\/watch?v=LmfVs3WaE9Y\" target=\"_blank\" rel=\"noreferrer noopener\">https:\/\/www.youtube.com\/watch?v=LmfVs3WaE9Y<\/a> <a href=\"#b471e1c3-e9e9-46aa-8095-b32c696d41b3-link\" aria-label=\"Salta al riferimento nella nota a pi\u00e8 di pagina 25\">\u21a9\ufe0e<\/a><\/li><li id=\"7c26e5cd-4402-4691-92a0-abcaa7e834a1\"><a href=\"https:\/\/www.rand.org\/content\/dam\/rand\/pubs\/research_reports\/RR3000\/RR3063\/RAND_RR3063.pdf\" target=\"_blank\" rel=\"noreferrer noopener\">https:\/\/www.rand.org\/content\/dam\/rand\/pubs\/research_reports\/RR3000\/RR3063\/RAND_RR3063.pdf<\/a> <a href=\"#7c26e5cd-4402-4691-92a0-abcaa7e834a1-link\" aria-label=\"Salta al riferimento nella nota a pi\u00e8 di pagina 26\">\u21a9\ufe0e<\/a><\/li><li id=\"eb6374ed-cbd1-4459-bad9-cf7279bc1e1a\"><a href=\"https:\/\/www.20min.ch\/fr\/story\/les-services-secrets-suisses-critiques-pour-leur-manque-danticipation-324567615362\" target=\"_blank\" rel=\"noreferrer noopener\">https:\/\/www.20min.ch\/fr\/story\/les-services-secrets-suisses-critiques-pour-leur-manque-danticipation-324567615362<\/a> <a href=\"#eb6374ed-cbd1-4459-bad9-cf7279bc1e1a-link\" aria-label=\"Salta al riferimento nella nota a pi\u00e8 di pagina 27\">\u21a9\ufe0e<\/a><\/li><li id=\"748a8562-dbb4-4dda-89e9-b15ebdca18d4\"><a href=\"https:\/\/www.washingtonpost.com\/national-security\/2022\/02\/14\/white-house-prepares-russian-invasion\/\" target=\"_blank\" rel=\"noreferrer noopener\">https:\/\/www.washingtonpost.com\/national-security\/2022\/02\/14\/white-house-prepares-russian-invasion\/<\/a> <a href=\"#748a8562-dbb4-4dda-89e9-b15ebdca18d4-link\" aria-label=\"Salta al riferimento nella nota a pi\u00e8 di pagina 28\">\u21a9\ufe0e<\/a><\/li><li id=\"234cf2e8-9e9b-4b37-af28-db6d4b9fb227\"><a href=\"https:\/\/data2.unhcr.org\/en\/situations\/ukraine\" target=\"_blank\" rel=\"noreferrer noopener\">https:\/\/data2.unhcr.org\/en\/situations\/ukraine<\/a> <a href=\"#234cf2e8-9e9b-4b37-af28-db6d4b9fb227-link\" aria-label=\"Salta al riferimento nella nota a pi\u00e8 di pagina 29\">\u21a9\ufe0e<\/a><\/li><li id=\"9f6404ff-7c0e-44e4-8971-5c6f6a6effc1\"><a href=\"https:\/\/reliefweb.int\/report\/ukraine\/ukraine-humanitarian-response-plan-2022-february-2022-enuk\" target=\"_blank\" rel=\"noreferrer noopener\">https:\/\/reliefweb.int\/report\/ukraine\/ukraine-humanitarian-response-plan-2022-february-2022-enuk<\/a> <a href=\"#9f6404ff-7c0e-44e4-8971-5c6f6a6effc1-link\" aria-label=\"Salta al riferimento nella nota a pi\u00e8 di pagina 30\">\u21a9\ufe0e<\/a><\/li><li id=\"9d42f19e-a2b9-445f-b97d-2979823276f3\"><a href=\"https:\/\/www.ohchr.org\/FR\/ProfessionalInterest\/Pages\/CrimeOfGenocide.aspx\" target=\"_blank\" rel=\"noreferrer noopener\">https:\/\/www.ohchr.org\/FR\/ProfessionalInterest\/Pages\/CrimeOfGenocide.aspx<\/a> <a href=\"#9d42f19e-a2b9-445f-b97d-2979823276f3-link\" aria-label=\"Salta al riferimento nella nota a pi\u00e8 di pagina 31\">\u21a9\ufe0e<\/a><\/li><li id=\"5b4f7d41-0e8d-4764-9308-f3a38f17c1ee\"><a href=\"https:\/\/www.nbcnews.com\/news\/world\/ukraine-president-kyiv-kharkiv-foreign-fighters-join-russia-putin-rcna17844\" target=\"_blank\" rel=\"noreferrer noopener\">https:\/\/www.nbcnews.com\/news\/world\/ukraine-president-kyiv-kharkiv-foreign-fighters-join-russia-putin-rcna17844<\/a> <a href=\"#5b4f7d41-0e8d-4764-9308-f3a38f17c1ee-link\" aria-label=\"Salta al riferimento nella nota a pi\u00e8 di pagina 32\">\u21a9\ufe0e<\/a><\/li><li id=\"856377b7-947d-41ad-9d02-2ba5b28b88f1\"><a href=\"https:\/\/www.bloomberg.com\/news\/articles\/2022-02-27\/eu-approves-450-million-euros-in-lethal-military-aid-for-ukraine\" target=\"_blank\" rel=\"noreferrer noopener\">https:\/\/www.bloomberg.com\/news\/articles\/2022-02-27\/eu-approves-450-million-euros-in-lethal-military-aid-for-ukraine<\/a> <a href=\"#856377b7-947d-41ad-9d02-2ba5b28b88f1-link\" aria-label=\"Salta al riferimento nella nota a pi\u00e8 di pagina 33\">\u21a9\ufe0e<\/a><\/li><li id=\"24fe39e6-6f34-4b55-9d84-5ecd80bc570c\"><a href=\"https:\/\/www.rferl.org\/a\/european-union-sanctions-russia-ukraine-borrell\/31748462.html\" target=\"_blank\" rel=\"noreferrer noopener\">https:\/\/www.rferl.org\/a\/european-union-sanctions-russia-ukraine-borrell\/31748462.html<\/a> <a href=\"#24fe39e6-6f34-4b55-9d84-5ecd80bc570c-link\" aria-label=\"Salta al riferimento nella nota a pi\u00e8 di pagina 34\">\u21a9\ufe0e<\/a><\/li><li id=\"e7ddfbda-6c4c-4d3b-85d1-71bd80b0cdf5\"><a href=\"https:\/\/www.timesofisrael.com\/ukraine-reports-claim-negotiator-shot-for-treason-officials-say-he-died-in-intel-op\/\" target=\"_blank\" rel=\"noreferrer noopener\">https:\/\/www.timesofisrael.com\/ukraine-reports-claim-negotiator-shot-for-treason-officials-say-he-died-in-intel-op\/<\/a> <a href=\"#e7ddfbda-6c4c-4d3b-85d1-71bd80b0cdf5-link\" aria-label=\"Salta al riferimento nella nota a pi\u00e8 di pagina 35\">\u21a9\ufe0e<\/a><\/li><li id=\"555b31b8-b9db-4a2e-bb4a-0266538ae616\"><a href=\"https:\/\/www.youtube.com\/watch?v=ZWHpVnrwfLY\" target=\"_blank\" rel=\"noreferrer noopener\">https:\/\/www.youtube.com\/watch?v=ZWHpVnrwfLY<\/a> <a href=\"#555b31b8-b9db-4a2e-bb4a-0266538ae616-link\" aria-label=\"Salta al riferimento nella nota a pi\u00e8 di pagina 36\">\u21a9\ufe0e<\/a><\/li><li id=\"bf3cebaf-f9ad-407c-8c72-2b5ce1995220\"><a href=\"https:\/\/www.mirror.co.uk\/news\/world-news\/dark-website-lists-russian-spies-26051893\" target=\"_blank\" rel=\"noreferrer noopener\">https:\/\/www.mirror.co.uk\/news\/world-news\/dark-website-lists-russian-spies-26051893<\/a> <a href=\"#bf3cebaf-f9ad-407c-8c72-2b5ce1995220-link\" aria-label=\"Salta al riferimento nella nota a pi\u00e8 di pagina 37\">\u21a9\ufe0e<\/a><\/li><li id=\"ee7a4ccb-b811-40d5-ba22-76b0c5fcd1a7\"><a href=\"https:\/\/www.refworld.org\/docid\/58ec89ad13.html\" target=\"_blank\" rel=\"noreferrer noopener\">https:\/\/www.refworld.org\/docid\/58ec89ad13.html<\/a> <a href=\"#ee7a4ccb-b811-40d5-ba22-76b0c5fcd1a7-link\" aria-label=\"Salta al riferimento nella nota a pi\u00e8 di pagina 38\">\u21a9\ufe0e<\/a><\/li><li id=\"53a9b3c6-4e48-46f5-ad70-ec8c2cdd4a44\"><a href=\"https:\/\/www.youtube.com\/watch?v=Ntzacqlm-Ac\" target=\"_blank\" rel=\"noreferrer noopener\">https:\/\/www.youtube.com\/watch?v=Ntzacqlm-Ac<\/a> <a href=\"#53a9b3c6-4e48-46f5-ad70-ec8c2cdd4a44-link\" aria-label=\"Salta al riferimento nella nota a pi\u00e8 di pagina 39\">\u21a9\ufe0e<\/a><\/li><li id=\"95bd86fa-0bcd-4019-a23a-ca115902b164\"><a href=\"https:\/\/www.youtube.com\/watch?v=n9BGOE_eVQc\" target=\"_blank\" rel=\"noreferrer noopener\">https:\/\/www.youtube.com\/watch?v=n9BGOE_eVQc<\/a> <a href=\"#95bd86fa-0bcd-4019-a23a-ca115902b164-link\" aria-label=\"Salta al riferimento nella nota a pi\u00e8 di pagina 40\">\u21a9\ufe0e<\/a><\/li><li id=\"7d3c09a9-7312-4a80-ae31-ccadbb868eb0\"><a href=\"https:\/\/lequotidien.lu\/politique-societe\/jean-asselborn-eliminer-physiquement-vladimir-poutine\/\" target=\"_blank\" rel=\"noreferrer noopener\">https:\/\/lequotidien.lu\/politique-societe\/jean-asselborn-eliminer-physiquement-vladimir-poutine\/<\/a> <a href=\"#7d3c09a9-7312-4a80-ae31-ccadbb868eb0-link\" aria-label=\"Salta al riferimento nella nota a pi\u00e8 di pagina 41\">\u21a9\ufe0e<\/a><\/li><li id=\"051eae53-4db3-444b-af2f-2acf1bd83111\"><a href=\"https:\/\/www.hrw.org\/fr\/news\/2020\/05\/12\/le-covid-19-attise-le-racisme-anti-asiatique-et-la-xenophobie-dans-le-monde-entier\" target=\"_blank\" rel=\"noreferrer noopener\">https:\/\/www.hrw.org\/fr\/news\/2020\/05\/12\/le-covid-19-attise-le-racisme-anti-asiatique-et-la-xenophobie-dans-le-monde-entier<\/a> <a href=\"#051eae53-4db3-444b-af2f-2acf1bd83111-link\" aria-label=\"Salta al riferimento nella nota a pi\u00e8 di pagina 42\">\u21a9\ufe0e<\/a><\/li><li id=\"fe9499c6-34e3-44ae-b275-f6af45c52ece\"><a href=\"https:\/\/fr.metrotime.be\/belgique\/harcelement-et-racisme-les-russes-de-belgique-victimes-collaterales-de-linvasion-russe\" target=\"_blank\" rel=\"noreferrer noopener\">https:\/\/fr.metrotime.be\/belgique\/harcelement-et-racisme-les-russes-de-belgique-victimes-collaterales-de-linvasion-russe<\/a> <a href=\"#fe9499c6-34e3-44ae-b275-f6af45c52ece-link\" aria-label=\"Salta al riferimento nella nota a pi\u00e8 di pagina 43\">\u21a9\ufe0e<\/a><\/li><li id=\"9ad63b8b-4c4b-42ce-a9d2-c8d9dc91eaa7\"><a href=\"https:\/\/www.un.org\/press\/fr\/2018\/cs13586.doc.htm\" target=\"_blank\" rel=\"noreferrer noopener\">https:\/\/www.un.org\/press\/fr\/2018\/cs13586.doc.htm<\/a> <a href=\"#9ad63b8b-4c4b-42ce-a9d2-c8d9dc91eaa7-link\" aria-label=\"Salta al riferimento nella nota a pi\u00e8 di pagina 44\">\u21a9\ufe0e<\/a><\/li><li id=\"75f13323-fb98-4f32-b3e0-24506f73a365\"><a href=\"https:\/\/senzatempo.org\/index.php\/2024\/08\/28\/come-falli-il-trattato-di-pace-tra-ucraina-e-russia-nel-2022-e-perche-del-nome-operazione-speciale\/\" target=\"_blank\" rel=\"noreferrer noopener\">https:\/\/senzatempo.org\/index.php\/2024\/08\/28\/come-falli-il-trattato-di-pace-tra-ucraina-e-russia-nel-2022-e-perche-del-nome-operazione-speciale\/<\/a> <a href=\"#75f13323-fb98-4f32-b3e0-24506f73a365-link\" aria-label=\"Salta al riferimento nella nota a pi\u00e8 di pagina 45\">\u21a9\ufe0e<\/a><\/li><\/ol>\n\n\n<div class=\"wp-block-comments\"><h2 id=\"comments\" class=\"wp-block-comments-title\"><span id=\"2-risposte-a-e-possibile-sapere-realmente-cosa-e-successo-e-cosa-sta-succedendo-in-ucraina-2-parte\">2 risposte a &#8220;\u00c8 possibile sapere realmente cosa \u00e8 successo e cosa sta succedendo in Ucraina? &#8211; 2\u00b0 Parte&#8221;<\/span><\/h2>\n\n<ol class=\"wp-block-comment-template\"><li id=\"comment-127\" class=\"pingback even thread-even depth-1\">\n\n<div class=\"wp-block-columns is-layout-flex wp-container-core-columns-is-layout-9d6595d7 wp-block-columns-is-layout-flex\">\n<div class=\"wp-block-column is-layout-flow wp-block-column-is-layout-flow\" style=\"flex-basis:40px\"><div class=\"wp-block-avatar\">  <\/div><\/div>\n\n\n\n<div class=\"wp-block-column is-layout-flow wp-block-column-is-layout-flow\"><div class=\"wp-block-comment-author-name has-small-font-size\"><a rel=\"external nofollow ugc\" href=\"https:\/\/senzatempo.org\/index.php\/2025\/04\/07\/e-possibile-sapere-realmente-cosa-e-successo-e-cosa-sta-succedendo-in-ucraina-1-parte\/\" target=\"_self\" >\u00c8 possibile sapere realmente cosa \u00e8 successo e cosa sta succedendo in Ucraina? &#8211; 1\u00b0 Parte &#8211; SENZA TEMPO<\/a><\/div>\n\n\n<div class=\"wp-block-group is-layout-flex wp-block-group-is-layout-flex\" style=\"margin-top:0px;margin-bottom:0px\"><div class=\"wp-block-comment-date has-small-font-size\"><time datetime=\"2025-12-17T01:14:05+01:00\"><a href=\"https:\/\/senzatempo.org\/index.php\/2025\/04\/07\/577\/e-possibile-sapere-realmente-cosa-e-successo-e-cosa-sta-succedendo-in-ucraina-2-parte\/#comment-127\">17 Dicembre 2025<\/a><\/time><\/div>\n\n<\/div>\n\n\n<div class=\"wp-block-comment-content\">[&#8230;] Il Post \u00e8 stato diviso in due parti:\u00a01\u00b0 Parte,\u00a02\u00b0 Parte. [&#8230;]\n<\/div>\n\n<div class=\"wp-block-comment-reply-link has-small-font-size\"><a rel=\"nofollow\" class=\"comment-reply-login\" href=\"https:\/\/senzatempo.org\/wp-login.php?redirect_to=https%3A%2F%2Fsenzatempo.org%2Findex.php%2F2025%2F04%2F07%2F577%2Fe-possibile-sapere-realmente-cosa-e-successo-e-cosa-sta-succedendo-in-ucraina-2-parte%2F\">Accedi per rispondere<\/a><\/div><\/div>\n<\/div>\n\n<\/li><li id=\"comment-217\" class=\"pingback odd alt thread-odd thread-alt depth-1\">\n\n<div class=\"wp-block-columns is-layout-flex wp-container-core-columns-is-layout-9d6595d7 wp-block-columns-is-layout-flex\">\n<div class=\"wp-block-column is-layout-flow wp-block-column-is-layout-flow\" style=\"flex-basis:40px\"><div class=\"wp-block-avatar\">  <\/div><\/div>\n\n\n\n<div class=\"wp-block-column is-layout-flow wp-block-column-is-layout-flow\"><div class=\"wp-block-comment-author-name has-small-font-size\"><a rel=\"external nofollow ugc\" href=\"https:\/\/senzatempo.org\/index.php\/2026\/01\/24\/2079\/sono-bastate-due-frasi-per-rompere-rapporti-diplomatici-storici-con-la-russia\/\" target=\"_self\" >Sono bastate due frasi per rompere rapporti diplomatici storici con la Russia. &#8211; SENZA TEMPO<\/a><\/div>\n\n\n<div class=\"wp-block-group is-layout-flex wp-block-group-is-layout-flex\" style=\"margin-top:0px;margin-bottom:0px\"><div class=\"wp-block-comment-date has-small-font-size\"><time datetime=\"2026-02-08T19:17:39+01:00\"><a href=\"https:\/\/senzatempo.org\/index.php\/2025\/04\/07\/577\/e-possibile-sapere-realmente-cosa-e-successo-e-cosa-sta-succedendo-in-ucraina-2-parte\/#comment-217\">8 Febbraio 2026<\/a><\/time><\/div>\n\n<\/div>\n\n\n<div class=\"wp-block-comment-content\">[&#8230;] Quando ci sono questi giochi di potere, in Italia tutti si piegano, pochi sfuggono, pochi mantengono l&#8217;integrit\u00e0 di pensiero, ancor meno coloro che hanno il coraggio di dire che stiamo sostenendo attivamente una guerra studiata e provocata a tavolino dalla CIA, MI6, USA e NATO. [&#8230;]\n<\/div>\n\n<div class=\"wp-block-comment-reply-link has-small-font-size\"><a rel=\"nofollow\" class=\"comment-reply-login\" href=\"https:\/\/senzatempo.org\/wp-login.php?redirect_to=https%3A%2F%2Fsenzatempo.org%2Findex.php%2F2025%2F04%2F07%2F577%2Fe-possibile-sapere-realmente-cosa-e-successo-e-cosa-sta-succedendo-in-ucraina-2-parte%2F\">Accedi per rispondere<\/a><\/div><\/div>\n<\/div>\n\n<\/li><\/ol>\n\n\n\n\t<div id=\"respond\" class=\"comment-respond wp-block-post-comments-form\">\n\t\t<h3 id=\"reply-title\" class=\"comment-reply-title\"><span id=\"lascia-un-commento-annulla-risposta\">Lascia un commento <small><a rel=\"nofollow\" id=\"cancel-comment-reply-link\" href=\"\/index.php\/wp-json\/wp\/v2\/posts\/577#respond\" style=\"display:none;\">Annulla risposta<\/a><\/small><\/span><\/h3><p class=\"must-log-in\">Devi essere <a href=\"https:\/\/senzatempo.org\/wp-login.php?redirect_to=https%3A%2F%2Fsenzatempo.org%2Findex.php%2F2025%2F04%2F07%2F577%2Fe-possibile-sapere-realmente-cosa-e-successo-e-cosa-sta-succedendo-in-ucraina-2-parte%2F\">connesso<\/a> per inviare un commento.<\/p>\t<\/div><!-- #respond -->\n\t<\/div>\n","protected":false},"excerpt":{"rendered":"Jacques Baud (Ex colonnello dello Stato maggiore generale, ex membro dell\u2019intelligence strategica svizzera, specialista nei paesi dell\u2019Europa orientale.)\nLa situation militaire en Ukraine > Centre Fran\u00e7ais de Recherche sur le Renseignement.\n","protected":false},"author":1,"featured_media":555,"comment_status":"open","ping_status":"open","sticky":false,"template":"","format":"standard","meta":{"_monsterinsights_skip_tracking":false,"_monsterinsights_sitenote_active":false,"_monsterinsights_sitenote_note":"","_monsterinsights_sitenote_category":0,"footnotes":"[{\"content\":\"<a href=\\\"https:\/\/www.president.gov.ua\/documents\/1172021-37533\\\" target=\\\"_blank\\\" rel=\\\"noreferrer noopener\\\">https:\/\/www.president.gov.ua\/documents\/1172021-37533<\/a>\",\"id\":\"52ffc136-090d-499f-afcd-97e17f120c86\"},{\"content\":\"<a href=\\\"https:\/\/www.president.gov.ua\/news\/prezident-zatverdiv-strategiyu-deokupaciyi-ta-reintegraciyi-67321\\\" target=\\\"_blank\\\" rel=\\\"noreferrer noopener\\\">https:\/\/www.president.gov.ua\/news\/prezident-zatverdiv-strategiyu-deokupaciyi-ta-reintegraciyi-67321<\/a>\",\"id\":\"c995e471-e0f4-4081-8c35-3008ad6e71ad\"},{\"content\":\"<a href=\\\"https:\/\/www.janes.com\/defence-news\/news-detail\/us-uk-surge-surveillance-flights-over-ukraine-and-black-sea\\\" target=\\\"_blank\\\" rel=\\\"noreferrer noopener\\\">https:\/\/www.janes.com\/defence-news\/news-detail\/us-uk-surge-surveillance-flights-over-ukraine-and-black-sea<\/a>\",\"id\":\"44d40cbe-bd44-4f93-89c7-25d59e558cfb\"},{\"content\":\"<a href=\\\"https:\/\/kyivindependent.com\/hot-topic\/defense-minister-downplays-russias-threat-says-its-similar-to-that-of-spring-2021\/\\\" target=\\\"_blank\\\" rel=\\\"noreferrer noopener\\\">https:\/\/kyivindependent.com\/hot-topic\/defense-minister-downplays-russias-threat-says-its-similar-to-that-of-spring-2021\/<\/a>\",\"id\":\"4f6306ea-7944-41e0-a967-5eb6e77134cd\"},{\"content\":\"<a href=\\\"https:\/\/nationalinterest.org\/feature\/ukraine%E2%80%99s-recent-drone-strike-reignites-tensions-donbass-195709\\\" target=\\\"_blank\\\" rel=\\\"noreferrer noopener\\\">https:\/\/nationalinterest.org\/feature\/ukraine%E2%80%99s-recent-drone-strike-reignites-tensions-donbass-195709<\/a>\",\"id\":\"5d7058bd-4ac7-4ff8-b2f3-3403479a0fb9\"},{\"content\":\"<a href=\\\"https:\/\/www.youtube.com\/watch?v=QHDAYz7g4u4\\\" target=\\\"_blank\\\" rel=\\\"noreferrer noopener\\\">https:\/\/www.youtube.com\/watch?v=QHDAYz7g4u4<\/a>\",\"id\":\"acb73902-89c4-4e51-94da-bac662e9b70f\"},{\"content\":\"<a href=\\\"https:\/\/www.youtube.com\/watch?v=InrDN7jYVOs\\\">https:\/\/www.youtube.com\/watch?v=InrDN7jYVOs<\/a>\",\"id\":\"32fdf012-111d-4e33-b400-257065fa5d60\"},{\"content\":\"<a href=\\\"https:\/\/www.aa.com.tr\/en\/europe\/normandy-format-talks-in-berlin-end-without-tangible-results\/2499568\\\">https:\/\/www.aa.com.tr\/en\/europe\/normandy-format-talks-in-berlin-end-without-tangible-results\/2499568<\/a>\",\"id\":\"73db28ca-69ec-41c8-9d68-8a74980344d2\"},{\"content\":\"<a href=\\\"https:\/\/edition.cnn.com\/2022\/02\/17\/politics\/joe-biden-russia\/index.html\\\" target=\\\"_blank\\\" rel=\\\"noreferrer noopener\\\">https:\/\/edition.cnn.com\/2022\/02\/17\/politics\/joe-biden-russia\/index.html<\/a>\",\"id\":\"7cf7efde-9334-4539-b117-51aab440507a\"},{\"content\":\"<a href=\\\"https:\/\/sprotyv.info\/news\/okkupanty-minirujut-mesta-hraneniya-ammiaka-na-zavode-stirol-dannye-gruppy-is\\\" target=\\\"_blank\\\" rel=\\\"noreferrer noopener\\\">https:\/\/sprotyv.info\/news\/okkupanty-minirujut-mesta-hraneniya-ammiaka-na-zavode-stirol-dannye-gruppy-is<\/a>\",\"id\":\"2546e157-cdff-4b7d-b27c-cd8be70af517\"},{\"content\":\"<a href=\\\"https:\/\/news.yahoo.com\/cia-trained-ukrainian-paramilitaries-may-take-central-role-if-russia-invades-185258008.html\\\" target=\\\"_blank\\\" rel=\\\"noreferrer noopener\\\">https:\/\/news.yahoo.com\/cia-trained-ukrainian-paramilitaries-may-take-central-role-if-russia-invades-185258008.html<\/a>\",\"id\":\"95dc4780-c526-46ab-8db3-fe4995c0f973\"},{\"content\":\"<a href=\\\"https:\/\/t.me\/intelslava\/20722\\\" target=\\\"_blank\\\" rel=\\\"noreferrer noopener\\\">https:\/\/t.me\/intelslava\/20722<\/a>\",\"id\":\"7b8217fe-5001-424b-a0fa-81ec963ae95e\"},{\"content\":\"<a href=\\\"https:\/\/www.youtube.com\/watch?v=e4phB-_pXDM&amp;t=1224s\\\" target=\\\"_blank\\\" rel=\\\"noreferrer noopener\\\">https:\/\/www.youtube.com\/watch?v=e4phB-_pXDM&amp;t=1224s<\/a>\",\"id\":\"52915f7d-2f2c-4758-8e11-3cf5760684ca\"},{\"content\":\"<a href=\\\"https:\/\/www.youtube.com\/watch?v=Uecv6AX8P3Q\\\" target=\\\"_blank\\\" rel=\\\"noreferrer noopener\\\">https:\/\/www.youtube.com\/watch?v=Uecv6AX8P3Q<\/a>\",\"id\":\"d6433bdd-5d6e-446e-ae63-85c20e35b2d8\"},{\"content\":\"<a href=\\\"https:\/\/youtu.be\/b8RNhQjjn-4\\\" target=\\\"_blank\\\" rel=\\\"noreferrer noopener\\\">https:\/\/youtu.be\/b8RNhQjjn-4<\/a>\",\"id\":\"0ca9d35e-257b-4d28-8d4d-ef2edd7d404b\"},{\"content\":\"<a href=\\\"https:\/\/theintercept.com\/2022\/02\/24\/ukraine-facebook-azov-battalion-russia\/\\\" target=\\\"_blank\\\" rel=\\\"noreferrer noopener\\\">https:\/\/theintercept.com\/2022\/02\/24\/ukraine-facebook-azov-battalion-russia\/<\/a>\",\"id\":\"14e539a4-76eb-4f0c-a477-74a3b35a9fea\"},{\"content\":\"<a href=\\\"https:\/\/www.theguardian.com\/technology\/2022\/mar\/11\/facebook-and-instagram-let-users-call-for-death-to-russian-soldiers-over-ukraine\\\" target=\\\"_blank\\\" rel=\\\"noreferrer noopener\\\">https:\/\/www.theguardian.com\/technology\/2022\/mar\/11\/facebook-and-instagram-let-users-call-for-death-to-russian-soldiers-over-ukraine<\/a>\",\"id\":\"444c7ae8-e1a6-43a1-aedc-85d71d90fcab\"},{\"content\":\"<a href=\\\"https:\/\/rusi.org\/explore-our-research\/publications\/commentary\/what-do-uk-weapons-deliveries-add-ukraines-armed-forces\\\" target=\\\"_blank\\\" rel=\\\"noreferrer noopener\\\">https:\/\/rusi.org\/explore-our-research\/publications\/commentary\/what-do-uk-weapons-deliveries-add-ukraines-armed-forces<\/a>\",\"id\":\"ed80ceb5-7e23-4faf-a553-0748dba49fa7\"},{\"content\":\"<a href=\\\"https:\/\/www.aljazeera.com\/news\/2022\/3\/12\/russia-says-it-could-target-western-arms-supplies-to-ukraine\\\" target=\\\"_blank\\\" rel=\\\"noreferrer noopener\\\">https:\/\/www.aljazeera.com\/news\/2022\/3\/12\/russia-says-it-could-target-western-arms-supplies-to-ukraine<\/a>\",\"id\":\"23390eec-9341-4432-933e-b7d2e2953d41\"},{\"content\":\"<a href=\\\"https:\/\/www.theguardian.com\/technology\/2022\/mar\/11\/facebook-and-instagram-let-users-call-for-death-to-russian-soldiers-over-ukraine\\\" target=\\\"_blank\\\" rel=\\\"noreferrer noopener\\\">https:\/\/www.theguardian.com\/technology\/2022\/mar\/11\/facebook-and-instagram-let-users-call-for-death-to-russian-soldiers-over-ukraine<\/a>\",\"id\":\"4e2dfbfd-e279-4cf4-8a02-a0e132237eca\"},{\"content\":\"<a href=\\\"https:\/\/russiaun.ru\/en\/news\/070322n\\\" target=\\\"_blank\\\" rel=\\\"noreferrer noopener\\\">https:\/\/russiaun.ru\/en\/news\/070322n<\/a>\",\"id\":\"e1a6787e-bb4e-4a35-8d72-e4e9fa05e58e\"},{\"content\":\"<a href=\\\"https:\/\/lenta.ru\/articles\/2022\/03\/08\/mariupol\/\\\" target=\\\"_blank\\\" rel=\\\"noreferrer noopener\\\">https:\/\/lenta.ru\/articles\/2022\/03\/08\/mariupol\/<\/a>\",\"id\":\"e0a40c4a-35b7-4d31-bcf0-b62e4fe5d9cb\"},{\"content\":\"<a href=\\\"https:\/\/edition.cnn.com\/2022\/03\/09\/europe\/russia-invasion-ukraine-evacuations-03-09-intl\/index.html\\\" target=\\\"_blank\\\" rel=\\\"noreferrer noopener\\\">https:\/\/edition.cnn.com\/2022\/03\/09\/europe\/russia-invasion-ukraine-evacuations-03-09-intl\/index.html<\/a>\",\"id\":\"f2a281ae-c717-420a-8b3e-d0f330514ee4\"},{\"content\":\"<a href=\\\"https:\/\/www.timesofisrael.com\/eu-condemns-russian-bombing-of-mariupol-maternity-hospital-as-a-war-crime\/\\\" target=\\\"_blank\\\" rel=\\\"noreferrer noopener\\\">https:\/\/www.timesofisrael.com\/eu-condemns-russian-bombing-of-mariupol-maternity-hospital-as-a-war-crime\/<\/a>\",\"id\":\"01425cad-e08f-4861-92a9-74eb099e40fd\"},{\"content\":\"<a href=\\\"https:\/\/www.youtube.com\/watch?v=LmfVs3WaE9Y\\\" target=\\\"_blank\\\" rel=\\\"noreferrer noopener\\\">https:\/\/www.youtube.com\/watch?v=LmfVs3WaE9Y<\/a>\",\"id\":\"b471e1c3-e9e9-46aa-8095-b32c696d41b3\"},{\"content\":\"<a href=\\\"https:\/\/www.rand.org\/content\/dam\/rand\/pubs\/research_reports\/RR3000\/RR3063\/RAND_RR3063.pdf\\\" target=\\\"_blank\\\" rel=\\\"noreferrer noopener\\\">https:\/\/www.rand.org\/content\/dam\/rand\/pubs\/research_reports\/RR3000\/RR3063\/RAND_RR3063.pdf<\/a>\",\"id\":\"7c26e5cd-4402-4691-92a0-abcaa7e834a1\"},{\"content\":\"<a href=\\\"https:\/\/www.20min.ch\/fr\/story\/les-services-secrets-suisses-critiques-pour-leur-manque-danticipation-324567615362\\\" target=\\\"_blank\\\" rel=\\\"noreferrer noopener\\\">https:\/\/www.20min.ch\/fr\/story\/les-services-secrets-suisses-critiques-pour-leur-manque-danticipation-324567615362<\/a>\",\"id\":\"eb6374ed-cbd1-4459-bad9-cf7279bc1e1a\"},{\"content\":\"<a href=\\\"https:\/\/www.washingtonpost.com\/national-security\/2022\/02\/14\/white-house-prepares-russian-invasion\/\\\" target=\\\"_blank\\\" rel=\\\"noreferrer noopener\\\">https:\/\/www.washingtonpost.com\/national-security\/2022\/02\/14\/white-house-prepares-russian-invasion\/<\/a>\",\"id\":\"748a8562-dbb4-4dda-89e9-b15ebdca18d4\"},{\"content\":\"<a href=\\\"https:\/\/data2.unhcr.org\/en\/situations\/ukraine\\\" target=\\\"_blank\\\" rel=\\\"noreferrer noopener\\\">https:\/\/data2.unhcr.org\/en\/situations\/ukraine<\/a>\",\"id\":\"234cf2e8-9e9b-4b37-af28-db6d4b9fb227\"},{\"content\":\"<a href=\\\"https:\/\/reliefweb.int\/report\/ukraine\/ukraine-humanitarian-response-plan-2022-february-2022-enuk\\\" target=\\\"_blank\\\" rel=\\\"noreferrer noopener\\\">https:\/\/reliefweb.int\/report\/ukraine\/ukraine-humanitarian-response-plan-2022-february-2022-enuk<\/a>\",\"id\":\"9f6404ff-7c0e-44e4-8971-5c6f6a6effc1\"},{\"content\":\"<a href=\\\"https:\/\/www.ohchr.org\/FR\/ProfessionalInterest\/Pages\/CrimeOfGenocide.aspx\\\" target=\\\"_blank\\\" rel=\\\"noreferrer noopener\\\">https:\/\/www.ohchr.org\/FR\/ProfessionalInterest\/Pages\/CrimeOfGenocide.aspx<\/a>\",\"id\":\"9d42f19e-a2b9-445f-b97d-2979823276f3\"},{\"content\":\"<a href=\\\"https:\/\/www.nbcnews.com\/news\/world\/ukraine-president-kyiv-kharkiv-foreign-fighters-join-russia-putin-rcna17844\\\" target=\\\"_blank\\\" rel=\\\"noreferrer noopener\\\">https:\/\/www.nbcnews.com\/news\/world\/ukraine-president-kyiv-kharkiv-foreign-fighters-join-russia-putin-rcna17844<\/a>\",\"id\":\"5b4f7d41-0e8d-4764-9308-f3a38f17c1ee\"},{\"content\":\"<a href=\\\"https:\/\/www.bloomberg.com\/news\/articles\/2022-02-27\/eu-approves-450-million-euros-in-lethal-military-aid-for-ukraine\\\" target=\\\"_blank\\\" rel=\\\"noreferrer noopener\\\">https:\/\/www.bloomberg.com\/news\/articles\/2022-02-27\/eu-approves-450-million-euros-in-lethal-military-aid-for-ukraine<\/a>\",\"id\":\"856377b7-947d-41ad-9d02-2ba5b28b88f1\"},{\"content\":\"<a href=\\\"https:\/\/www.rferl.org\/a\/european-union-sanctions-russia-ukraine-borrell\/31748462.html\\\" target=\\\"_blank\\\" rel=\\\"noreferrer noopener\\\">https:\/\/www.rferl.org\/a\/european-union-sanctions-russia-ukraine-borrell\/31748462.html<\/a>\",\"id\":\"24fe39e6-6f34-4b55-9d84-5ecd80bc570c\"},{\"content\":\"<a href=\\\"https:\/\/www.timesofisrael.com\/ukraine-reports-claim-negotiator-shot-for-treason-officials-say-he-died-in-intel-op\/\\\" target=\\\"_blank\\\" rel=\\\"noreferrer noopener\\\">https:\/\/www.timesofisrael.com\/ukraine-reports-claim-negotiator-shot-for-treason-officials-say-he-died-in-intel-op\/<\/a>\",\"id\":\"e7ddfbda-6c4c-4d3b-85d1-71bd80b0cdf5\"},{\"content\":\"<a href=\\\"https:\/\/www.youtube.com\/watch?v=ZWHpVnrwfLY\\\" target=\\\"_blank\\\" rel=\\\"noreferrer noopener\\\">https:\/\/www.youtube.com\/watch?v=ZWHpVnrwfLY<\/a>\",\"id\":\"555b31b8-b9db-4a2e-bb4a-0266538ae616\"},{\"content\":\"<a href=\\\"https:\/\/www.mirror.co.uk\/news\/world-news\/dark-website-lists-russian-spies-26051893\\\" target=\\\"_blank\\\" rel=\\\"noreferrer noopener\\\">https:\/\/www.mirror.co.uk\/news\/world-news\/dark-website-lists-russian-spies-26051893<\/a>\",\"id\":\"bf3cebaf-f9ad-407c-8c72-2b5ce1995220\"},{\"content\":\"<a href=\\\"https:\/\/www.refworld.org\/docid\/58ec89ad13.html\\\" target=\\\"_blank\\\" rel=\\\"noreferrer noopener\\\">https:\/\/www.refworld.org\/docid\/58ec89ad13.html<\/a>\",\"id\":\"ee7a4ccb-b811-40d5-ba22-76b0c5fcd1a7\"},{\"content\":\"<a href=\\\"https:\/\/www.youtube.com\/watch?v=Ntzacqlm-Ac\\\" target=\\\"_blank\\\" rel=\\\"noreferrer noopener\\\">https:\/\/www.youtube.com\/watch?v=Ntzacqlm-Ac<\/a>\",\"id\":\"53a9b3c6-4e48-46f5-ad70-ec8c2cdd4a44\"},{\"content\":\"<a href=\\\"https:\/\/www.youtube.com\/watch?v=n9BGOE_eVQc\\\" target=\\\"_blank\\\" rel=\\\"noreferrer noopener\\\">https:\/\/www.youtube.com\/watch?v=n9BGOE_eVQc<\/a>\",\"id\":\"95bd86fa-0bcd-4019-a23a-ca115902b164\"},{\"content\":\"<a href=\\\"https:\/\/lequotidien.lu\/politique-societe\/jean-asselborn-eliminer-physiquement-vladimir-poutine\/\\\" target=\\\"_blank\\\" rel=\\\"noreferrer noopener\\\">https:\/\/lequotidien.lu\/politique-societe\/jean-asselborn-eliminer-physiquement-vladimir-poutine\/<\/a>\",\"id\":\"7d3c09a9-7312-4a80-ae31-ccadbb868eb0\"},{\"content\":\"<a href=\\\"https:\/\/www.hrw.org\/fr\/news\/2020\/05\/12\/le-covid-19-attise-le-racisme-anti-asiatique-et-la-xenophobie-dans-le-monde-entier\\\" target=\\\"_blank\\\" rel=\\\"noreferrer noopener\\\">https:\/\/www.hrw.org\/fr\/news\/2020\/05\/12\/le-covid-19-attise-le-racisme-anti-asiatique-et-la-xenophobie-dans-le-monde-entier<\/a>\",\"id\":\"051eae53-4db3-444b-af2f-2acf1bd83111\"},{\"content\":\"<a href=\\\"https:\/\/fr.metrotime.be\/belgique\/harcelement-et-racisme-les-russes-de-belgique-victimes-collaterales-de-linvasion-russe\\\" target=\\\"_blank\\\" rel=\\\"noreferrer noopener\\\">https:\/\/fr.metrotime.be\/belgique\/harcelement-et-racisme-les-russes-de-belgique-victimes-collaterales-de-linvasion-russe<\/a>\",\"id\":\"fe9499c6-34e3-44ae-b275-f6af45c52ece\"},{\"content\":\"<a href=\\\"https:\/\/www.un.org\/press\/fr\/2018\/cs13586.doc.htm\\\" target=\\\"_blank\\\" rel=\\\"noreferrer noopener\\\">https:\/\/www.un.org\/press\/fr\/2018\/cs13586.doc.htm<\/a>\",\"id\":\"9ad63b8b-4c4b-42ce-a9d2-c8d9dc91eaa7\"},{\"content\":\"<a href=\\\"https:\/\/senzatempo.org\/index.php\/2024\/08\/28\/come-falli-il-trattato-di-pace-tra-ucraina-e-russia-nel-2022-e-perche-del-nome-operazione-speciale\/\\\" target=\\\"_blank\\\" rel=\\\"noreferrer noopener\\\">https:\/\/senzatempo.org\/index.php\/2024\/08\/28\/come-falli-il-trattato-di-pace-tra-ucraina-e-russia-nel-2022-e-perche-del-nome-operazione-speciale\/<\/a>\",\"id\":\"75f13323-fb98-4f32-b3e0-24506f73a365\"}]"},"categories":[108],"tags":[479,481,446,448,474,475,472,102,476,477,483,118,137,473,478,482,116,484,104,480,456,100],"class_list":{"0":"post-577","1":"post","2":"type-post","3":"status-publish","4":"format-standard","5":"has-post-thumbnail","7":"category-ucraina-russia","8":"tag-demilitarizzazione","9":"tag-denazificazione","10":"tag-donbas","11":"tag-donetsk","12":"tag-escalation","13":"tag-genocidio","14":"tag-guerra","15":"tag-kiev","16":"tag-luhansk","17":"tag-mariupol","18":"tag-mimsk","19":"tag-mosca","20":"tag-nato","21":"tag-operazione-speciale","22":"tag-osce","23":"tag-ospedale-mariupol","24":"tag-putin","25":"tag-rifugiati","26":"tag-russia","27":"tag-smilitarizzazione","28":"tag-vladimir-putin","29":"tag-zelensky"},"_links":{"self":[{"href":"https:\/\/senzatempo.org\/index.php\/wp-json\/wp\/v2\/posts\/577","targetHints":{"allow":["GET"]}}],"collection":[{"href":"https:\/\/senzatempo.org\/index.php\/wp-json\/wp\/v2\/posts"}],"about":[{"href":"https:\/\/senzatempo.org\/index.php\/wp-json\/wp\/v2\/types\/post"}],"author":[{"embeddable":true,"href":"https:\/\/senzatempo.org\/index.php\/wp-json\/wp\/v2\/users\/1"}],"replies":[{"embeddable":true,"href":"https:\/\/senzatempo.org\/index.php\/wp-json\/wp\/v2\/comments?post=577"}],"version-history":[{"count":4,"href":"https:\/\/senzatempo.org\/index.php\/wp-json\/wp\/v2\/posts\/577\/revisions"}],"predecessor-version":[{"id":590,"href":"https:\/\/senzatempo.org\/index.php\/wp-json\/wp\/v2\/posts\/577\/revisions\/590"}],"wp:featuredmedia":[{"embeddable":true,"href":"https:\/\/senzatempo.org\/index.php\/wp-json\/wp\/v2\/media\/555"}],"wp:attachment":[{"href":"https:\/\/senzatempo.org\/index.php\/wp-json\/wp\/v2\/media?parent=577"}],"wp:term":[{"taxonomy":"category","embeddable":true,"href":"https:\/\/senzatempo.org\/index.php\/wp-json\/wp\/v2\/categories?post=577"},{"taxonomy":"post_tag","embeddable":true,"href":"https:\/\/senzatempo.org\/index.php\/wp-json\/wp\/v2\/tags?post=577"}],"curies":[{"name":"wp","href":"https:\/\/api.w.org\/{rel}","templated":true}]}}