{"id":760,"date":"2006-07-18T22:39:00","date_gmt":"2006-07-18T20:39:00","guid":{"rendered":"https:\/\/senzatempo.org\/?p=760"},"modified":"2025-12-19T22:52:04","modified_gmt":"2025-12-19T21:52:04","slug":"ferrero-e-gli-spinelli","status":"publish","type":"post","link":"https:\/\/senzatempo.org\/index.php\/2006\/07\/18\/760\/ferrero-e-gli-spinelli\/","title":{"rendered":"Ferrero e gli spinelli"},"content":{"rendered":"<div class=\"wp-block-post-time-to-read\">1\u20132 minuti<\/div>\n\n\n<p>E&#8217; di oggi la notizia che Ferrero Ministro dell&#8217;attuale governo ha detto: &#8220;Spinelli pericolosi come un po&#8217; di vino&#8221;. Mio nonno aveva una vigna, io ora potrei mettere una piantagione e diventare ricco con meno fatica e legalmente, se non si pu\u00f2 sarebbe come se fosse tollerato l&#8217;uso moderato del vino ma che non si pu\u00f2 coltivare l&#8217;uva.<\/p>\n\n\n\n<p>Mi aspetto che la Legge che vieta fumare nei locali pubblici, sar\u00e0 eliminata al pi\u00f9 presto &#8230; non vedo l&#8217;ora di intraprendere una battaglia con fumatori maleducati che in virt\u00f9 di un loro diritto, hanno il &#8220;diritto&#8221; di rompere le balle a te &#8230; ma io li faccio soffrire.<\/p>\n\n\n\n<div class=\"wp-block-comments\">\n\n\n\n\n\n\t<div id=\"respond\" class=\"comment-respond wp-block-post-comments-form\">\n\t\t<h3 id=\"reply-title\" class=\"comment-reply-title\"><span id=\"lascia-un-commento-annulla-risposta\">Lascia un commento <small><a rel=\"nofollow\" id=\"cancel-comment-reply-link\" href=\"\/index.php\/wp-json\/wp\/v2\/posts\/760#respond\" style=\"display:none;\">Annulla risposta<\/a><\/small><\/span><\/h3><p class=\"must-log-in\">Devi essere <a href=\"https:\/\/senzatempo.org\/wp-login.php?redirect_to=https%3A%2F%2Fsenzatempo.org%2Findex.php%2F2006%2F07%2F18%2F760%2Fferrero-e-gli-spinelli%2F\">connesso<\/a> per inviare un commento.<\/p>\t<\/div><!-- #respond -->\n\t<\/div>\n","protected":false},"excerpt":{"rendered":"Secondo il Min. Ferrero gli spinelli sono pericolosi com eun po&#8217; di vino.\n","protected":false},"author":1,"featured_media":0,"comment_status":"open","ping_status":"open","sticky":false,"template":"","format":"standard","meta":{"_monsterinsights_skip_tracking":false,"_monsterinsights_sitenote_active":false,"_monsterinsights_sitenote_note":"","_monsterinsights_sitenote_category":0,"footnotes":""},"categories":[645],"tags":[659,660,661],"class_list":{"0":"post-760","1":"post","2":"type-post","3":"status-publish","4":"format-standard","6":"category-politica","7":"tag-min-ferrero","8":"tag-spinelli","9":"tag-vino"},"_links":{"self":[{"href":"https:\/\/senzatempo.org\/index.php\/wp-json\/wp\/v2\/posts\/760","targetHints":{"allow":["GET"]}}],"collection":[{"href":"https:\/\/senzatempo.org\/index.php\/wp-json\/wp\/v2\/posts"}],"about":[{"href":"https:\/\/senzatempo.org\/index.php\/wp-json\/wp\/v2\/types\/post"}],"author":[{"embeddable":true,"href":"https:\/\/senzatempo.org\/index.php\/wp-json\/wp\/v2\/users\/1"}],"replies":[{"embeddable":true,"href":"https:\/\/senzatempo.org\/index.php\/wp-json\/wp\/v2\/comments?post=760"}],"version-history":[{"count":2,"href":"https:\/\/senzatempo.org\/index.php\/wp-json\/wp\/v2\/posts\/760\/revisions"}],"predecessor-version":[{"id":768,"href":"https:\/\/senzatempo.org\/index.php\/wp-json\/wp\/v2\/posts\/760\/revisions\/768"}],"wp:attachment":[{"href":"https:\/\/senzatempo.org\/index.php\/wp-json\/wp\/v2\/media?parent=760"}],"wp:term":[{"taxonomy":"category","embeddable":true,"href":"https:\/\/senzatempo.org\/index.php\/wp-json\/wp\/v2\/categories?post=760"},{"taxonomy":"post_tag","embeddable":true,"href":"https:\/\/senzatempo.org\/index.php\/wp-json\/wp\/v2\/tags?post=760"}],"curies":[{"name":"wp","href":"https:\/\/api.w.org\/{rel}","templated":true}]}}